{"id":104805,"date":"2021-03-01T16:25:44","date_gmt":"2021-03-01T21:25:44","guid":{"rendered":"https:\/\/sportseco.com\/?p=104805"},"modified":"2021-03-01T16:25:46","modified_gmt":"2021-03-01T21:25:46","slug":"comunicado-del-fc-barcelona-sobre-visita-de-las-autoridades","status":"publish","type":"post","link":"https:\/\/sportseco.com\/?p=104805","title":{"rendered":"Comunicado del FC Barcelona sobre visita de las autoridades"},"content":{"rendered":"\n<p>Ante la entrada y registro del cuerpo de Mossos d&#8217;Esquadra esta ma\u00f1ana en las oficinas del Camp Nou, por orden de la titular del Juzgado de Instrucci\u00f3n 13, de Barcelona, que instruye el caso de la contrataci\u00f3n de servicios de monitorizaci\u00f3n de las redes sociales, el&nbsp;<strong>FC Barcelona&nbsp;<\/strong>ha ofrecido su plena colaboraci\u00f3n a la autoridad judicial y policial para aclarar los hechos objeto de esta investigaci\u00f3n.&nbsp;<\/p>\n\n\n\n<p>La informaci\u00f3n y la documentaci\u00f3n requeridas por la polic\u00eda judicial se han circunscrito, estrictamente, a los hechos relativos a este caso.&nbsp;<\/p>\n\n\n\n<p>El FC Barcelona expresa su m\u00e1ximo respeto por el procedimiento judicial en curso, y por el principio de presunci\u00f3n de inocencia de las personas afectadas en el marco de estas actuaciones.<\/p>\n\n\n\n<p><\/p>\n\n\n\n<p>fcbarcelona.es<\/p>\n","protected":false},"excerpt":{"rendered":"<p>Ante la entrada y registro del cuerpo de Mossos d&#8217;Esquadra esta ma\u00f1ana en las oficinas del Camp Nou, por orden de la titular del Juzgado de Instrucci\u00f3n 13, de Barcelona, que instruye el caso de la contrataci\u00f3n de servicios de monitorizaci\u00f3n de las redes sociales, el&nbsp;FC Barcelona&nbsp;ha ofrecido su plena colaboraci\u00f3n a la autoridad judicial [&hellip;]<\/p>\n","protected":false},"author":1,"featured_media":0,"comment_status":"open","ping_status":"open","sticky":false,"template":"","format":"standard","meta":{"_acf_changed":false,"_jetpack_memberships_contains_paid_content":false,"footnotes":"","jetpack_publicize_message":"","jetpack_publicize_feature_enabled":true,"jetpack_social_post_already_shared":true,"jetpack_social_options":{"image_generator_settings":{"template":"highway","default_image_id":0,"font":"","enabled":false},"version":2}},"categories":[5],"tags":[],"class_list":["post-104805","post","type-post","status-publish","format-standard","hentry","category-futbol"],"acf":[],"jetpack_publicize_connections":[],"jetpack_featured_media_url":"","jetpack_sharing_enabled":true,"_links":{"self":[{"href":"https:\/\/sportseco.com\/index.php?rest_route=\/wp\/v2\/posts\/104805","targetHints":{"allow":["GET"]}}],"collection":[{"href":"https:\/\/sportseco.com\/index.php?rest_route=\/wp\/v2\/posts"}],"about":[{"href":"https:\/\/sportseco.com\/index.php?rest_route=\/wp\/v2\/types\/post"}],"author":[{"embeddable":true,"href":"https:\/\/sportseco.com\/index.php?rest_route=\/wp\/v2\/users\/1"}],"replies":[{"embeddable":true,"href":"https:\/\/sportseco.com\/index.php?rest_route=%2Fwp%2Fv2%2Fcomments&post=104805"}],"version-history":[{"count":1,"href":"https:\/\/sportseco.com\/index.php?rest_route=\/wp\/v2\/posts\/104805\/revisions"}],"predecessor-version":[{"id":104807,"href":"https:\/\/sportseco.com\/index.php?rest_route=\/wp\/v2\/posts\/104805\/revisions\/104807"}],"wp:attachment":[{"href":"https:\/\/sportseco.com\/index.php?rest_route=%2Fwp%2Fv2%2Fmedia&parent=104805"}],"wp:term":[{"taxonomy":"category","embeddable":true,"href":"https:\/\/sportseco.com\/index.php?rest_route=%2Fwp%2Fv2%2Fcategories&post=104805"},{"taxonomy":"post_tag","embeddable":true,"href":"https:\/\/sportseco.com\/index.php?rest_route=%2Fwp%2Fv2%2Ftags&post=104805"}],"curies":[{"name":"wp","href":"https:\/\/api.w.org\/{rel}","templated":true}]}}