{"id":104872,"date":"2021-03-03T07:46:39","date_gmt":"2021-03-03T12:46:39","guid":{"rendered":"https:\/\/sportseco.com\/?p=104872"},"modified":"2021-03-03T07:46:45","modified_gmt":"2021-03-03T12:46:45","slug":"barca-sevilla-toca-remontada-en-el-camp-nou-en-copa","status":"publish","type":"post","link":"https:\/\/sportseco.com\/?p=104872","title":{"rendered":"Bar\u00e7a &#8211; Sevilla: Toca remontada en el Camp Nou en Copa"},"content":{"rendered":"\n<p>Vuelve la Copa. Despu\u00e9s de conseguir<a href=\"https:\/\/www.fcbarcelona.cat\/ca\/partits\/61206\/sevilla-fc-barcelona-la-liga-2020-2021\">&nbsp;un nuevo triunfo en la Liga ante el Sevilla (0-2),<\/a>&nbsp;los cul\u00e9s vuelven a enfrentarse al conjunto andaluz, en este caso en la vuelta de las semifinales de la competici\u00f3n copera (mi\u00e9rcoles 3 de marzo, 21.00 horas). El Bar\u00e7a intentar\u00e1 dar la vuelta al 2-0 de la ida en el&nbsp;<strong>S\u00e1nchez-Pizju\u00e1n<\/strong>&nbsp;para poder estar en la gran final de&nbsp;<strong>Copa<\/strong>. As\u00ed pues, los hombres de Koeman deber\u00e1n ganar por tres goles en el&nbsp;<strong>Camp Nou<\/strong>&nbsp;para poder pasar de ronda, o al menos 2-0 para poder forzar la pr\u00f3rroga.<a href=\"https:\/\/sync.ecal.com\/button\/v1\/schedule\/?widgetId=5da81df7e34405003d8b4569&amp;apiKey=7a0de56db436858130b5e1c49b8c34cf5da81a627c96e\" target=\"_blank\" rel=\"noreferrer noopener\">\u00a1Sincroniza los partidos del Bar\u00e7a en tu calendario!No te pierdas los enfrentamientos del FC Barcelona y apunta autom\u00e1ticamente en tu agenda virtual todo el calendario azulgranaSINCRON\u00cdZALO<\/a><\/p>\n\n\n\n<h2 class=\"wp-block-heading\">El rival<\/h2>\n\n\n\n<p>El de este mi\u00e9rcoles ser\u00e1 el cuarto partido contra el Sevilla de esta temporada, el tercero en las \u00faltimas cuatro semanas y el segundo en cuatro d\u00edas. Los andaluces, a pesar de la derrota ante los cul\u00e9s del pasado s\u00e1bado, llegan en una buena racha de resultados y con la buena ventaja del partido de ida.&nbsp;<strong>Lopetegui&nbsp;<\/strong>no podr\u00e1 contar con las bajas de los lesionados Lucas Ocampos y Marcos Acu\u00f1a, pero si que dispondr\u00e1 de otros jugadores importantes como&nbsp;<strong>Jes\u00fas Navas, En-Nesyri, Kound\u00e9, Fernando, Diego Carlos o Juan Jord\u00e1n<\/strong>, entre otros.<\/p>\n\n\n\n<p><strong>Entrenador<\/strong>: Julen Lopetegui<br><strong>Balance en la Copa:<\/strong>&nbsp;6V-0E-0D<br><strong>M\u00e1ximo goleador en la Copa:<\/strong>&nbsp;De Jong (3 golse)<br><strong>Ex cul\u00e9s en el equipo<\/strong>: Lopetegui, Sergi G\u00f3mez, Aleix Vidal, Rakitic, Munir<a href=\"https:\/\/www.fcbarcelona.es\/es\/futbol\/primer-equipo\/noticias\/1681832\/contra-el-reloj-nombra-los-15-futbolistas-que-han-estado-en-barca-y-sevilla-en-el-s-xxi\">\u00bfQu\u00e9 futbolistas han jugado en Bar\u00e7a y Sevilla en el s. XXI?Muchos son los jugadores que han defendido los colores blanquirrojos y azulgranas. Pero solo tienes que teclear los que han militado en ambos conjuntos des del a\u00f1o 2001 hasta la actualidad.\u00a1PARTICIPA!<\/a><\/p>\n\n\n\n<h2 class=\"wp-block-heading\">Precedentes<\/h2>\n\n\n\n<p>En la \u00faltima visita del&nbsp;<strong>Sevilla&nbsp;<\/strong>en el Camp Nou, justo al inicio de la temporada (jornada 5),&nbsp;<a href=\"https:\/\/www.fcbarcelona.cat\/ca\/partits\/61000\/fc-barcelona-sevilla-la-liga-2020-2021\">el resultado fue de empate a uno,<\/a>&nbsp;con goles de Coutinho y Luuk De Jong. Posteriormente, los cul\u00e9s perdieron 2-0 en la ida de las semifinales de Copa, pero vencieron 0-2 en la Liga la pasada jornada en Sevilla. As\u00ed pues, una victoria, una derrota y un empate en los tres precedentes de este curso. M\u00e1xima igualdad entre dos de los mejores conjuntos de la categor\u00eda.<img data-recalc-dims=\"1\" decoding=\"async\" src=\"https:\/\/i0.wp.com\/www.fcbarcelona.com\/photo-resources\/2019\/11\/15\/b23643b6-bc06-41e1-89ba-6a93bb9a847e\/comunicacio-institucional.jpg?w=640&#038;ssl=1\" alt=\"Comunicado del FC Barcelona.\"><\/p>\n\n\n\n<h2 class=\"wp-block-heading\">Reg\u00edstrate GRATIS para ver este v\u00eddeo<\/h2>\n\n\n\n<p>Y consigue acceso a:<\/p>\n\n\n\n<ul class=\"wp-block-list\"><li>Accede a Bar\u00e7a TV+<\/li><li>Gana premios<\/li><li>Di la tuya<\/li><li>Y mucho m\u00e1s!<\/li><\/ul>\n\n\n\n<p>REG\u00cdSTRATE AHORA&nbsp;Ya te has registrado?&nbsp;Iniciar sesi\u00f3n&nbsp;<\/p>\n\n\n\n<h2 class=\"wp-block-heading\">Los motivos para creer<\/h2>\n\n\n\n<p>A pesar de la dificultad de remontar un 2-0, el Bar\u00e7a tiene varios motivos para creer. El \u00faltimo precedente copero entre ambos equipos tambi\u00e9n inici\u00f3 con un 2-0 en la ida, y la vuelta en el Camp Nou, los cul\u00e9s vencieron por 6-1 para conseguir dar la vuelta a la eliminatoria. Adem\u00e1s, en dos de las visitas de&nbsp;<strong>Lopetegui a<\/strong>l estadio, los cul\u00e9s golearon con dos resultados que servir\u00edan para remontar: 5-1 contra el Real Madrid y 4-0 ante el Sevilla.<img data-recalc-dims=\"1\" decoding=\"async\" src=\"https:\/\/i0.wp.com\/www.fcbarcelona.com\/photo-resources\/2019\/11\/15\/b23643b6-bc06-41e1-89ba-6a93bb9a847e\/comunicacio-institucional.jpg?w=640&#038;ssl=1\" alt=\"Comunicado del FC Barcelona.\"><\/p>\n\n\n\n<p>Tambi\u00e9n&nbsp;<strong>Messi<\/strong>, que tiene al&nbsp;<a href=\"https:\/\/www.fcbarcelona.es\/es\/futbol\/primer-equipo\/noticies\/2045857\/30e-gol-a-la-lliga-de-messi-contra-el-sevilla\">Sevilla como su v\u00edctima preferida,<\/a>&nbsp;llega en racha y tratar\u00e1 de seguir enchufado de cara porter\u00eda. Adem\u00e1s, la reciente victoria contra los sevillanos da alas al equipo, ya que si repiten resultado, forzar\u00edan la pr\u00f3rroga. El duelo est\u00e1 servido.<\/p>\n\n\n\n<h2 class=\"wp-block-heading\">La convocatoria de Koeman&nbsp;<\/h2>\n\n\n\n<p>Para este encuentro, el t\u00e9cnico azulgrana ha decidido convocar a los siguientes futbolistas: Ter Stegen, Dest, Piqu\u00e9, Sergio, Griezmann, Braithwaite, Messi, O. Demb\u00e9l\u00e9, Riqui Puig, Neto, Lenglet, Pedri, Trincao, Jordi Alba, F. De Jong, Umtiti, Junior, I\u00f1aki Pe\u00f1a, Ilaix y O. Mingueza. Se pierden el partido por lesi\u00f3n R. Araujo, Pjanic, Coutinho, S. Roberto y Ansu Fati.&nbsp;<\/p>\n","protected":false},"excerpt":{"rendered":"<p>Vuelve la Copa. Despu\u00e9s de conseguir&nbsp;un nuevo triunfo en la Liga ante el Sevilla (0-2),&nbsp;los cul\u00e9s vuelven a enfrentarse al conjunto andaluz, en este caso en la vuelta de las semifinales de la competici\u00f3n copera (mi\u00e9rcoles 3 de marzo, 21.00 horas). El Bar\u00e7a intentar\u00e1 dar la vuelta al 2-0 de la ida en el&nbsp;S\u00e1nchez-Pizju\u00e1n&nbsp;para poder [&hellip;]<\/p>\n","protected":false},"author":1,"featured_media":0,"comment_status":"open","ping_status":"open","sticky":false,"template":"","format":"standard","meta":{"_acf_changed":false,"_jetpack_memberships_contains_paid_content":false,"footnotes":"","jetpack_publicize_message":"","jetpack_publicize_feature_enabled":true,"jetpack_social_post_already_shared":true,"jetpack_social_options":{"image_generator_settings":{"template":"highway","default_image_id":0,"font":"","enabled":false},"version":2}},"categories":[5],"tags":[],"class_list":["post-104872","post","type-post","status-publish","format-standard","hentry","category-futbol"],"acf":[],"jetpack_publicize_connections":[],"jetpack_featured_media_url":"","jetpack_sharing_enabled":true,"_links":{"self":[{"href":"https:\/\/sportseco.com\/index.php?rest_route=\/wp\/v2\/posts\/104872","targetHints":{"allow":["GET"]}}],"collection":[{"href":"https:\/\/sportseco.com\/index.php?rest_route=\/wp\/v2\/posts"}],"about":[{"href":"https:\/\/sportseco.com\/index.php?rest_route=\/wp\/v2\/types\/post"}],"author":[{"embeddable":true,"href":"https:\/\/sportseco.com\/index.php?rest_route=\/wp\/v2\/users\/1"}],"replies":[{"embeddable":true,"href":"https:\/\/sportseco.com\/index.php?rest_route=%2Fwp%2Fv2%2Fcomments&post=104872"}],"version-history":[{"count":1,"href":"https:\/\/sportseco.com\/index.php?rest_route=\/wp\/v2\/posts\/104872\/revisions"}],"predecessor-version":[{"id":104874,"href":"https:\/\/sportseco.com\/index.php?rest_route=\/wp\/v2\/posts\/104872\/revisions\/104874"}],"wp:attachment":[{"href":"https:\/\/sportseco.com\/index.php?rest_route=%2Fwp%2Fv2%2Fmedia&parent=104872"}],"wp:term":[{"taxonomy":"category","embeddable":true,"href":"https:\/\/sportseco.com\/index.php?rest_route=%2Fwp%2Fv2%2Fcategories&post=104872"},{"taxonomy":"post_tag","embeddable":true,"href":"https:\/\/sportseco.com\/index.php?rest_route=%2Fwp%2Fv2%2Ftags&post=104872"}],"curies":[{"name":"wp","href":"https:\/\/api.w.org\/{rel}","templated":true}]}}