{"id":104932,"date":"2021-03-04T13:31:21","date_gmt":"2021-03-04T18:31:21","guid":{"rendered":"https:\/\/sportseco.com\/?p=104932"},"modified":"2021-03-04T13:31:27","modified_gmt":"2021-03-04T18:31:27","slug":"santos-borre-entre-los-ultimos-5-candidatos-a-rey-de-america","status":"publish","type":"post","link":"https:\/\/sportseco.com\/?p=104932","title":{"rendered":"Santos Borr\u00e9 entre los \u00faltimos 5 candidatos a Rey de Am\u00e9rica"},"content":{"rendered":"\n<p id=\"p279018-m913-912-914\">Este&nbsp;viernes 5 de marzo (a la hora 24.00) es el plazo de cierre de la votaci\u00f3n de la 35 edici\u00f3n de la encuesta \u201c<em><strong>Am\u00e9rica le responde a El Pa\u00eds<\/strong><\/em>\u201d, la tradicional compulsa que desde 1986 hasta ahora elige a los mejores jugadores y entrenadores del continente.<\/p>\n\n\n\n<p id=\"p279018-m918-1-919\">Por vez \u00fanica se cambi\u00f3 la fecha de la encuesta de<em>&nbsp;El Pa\u00eds<\/em>&nbsp;a causa de la pandemia por el coronavirus y que los cert\u00e1menes internacionales de definieron en los \u00faltimos d\u00edas de enero del 2021. Por esa raz\u00f3n fue que la compulsa se realiz\u00f3 durante todo febrero y en estos primeros d\u00edas de marzo.<ins><\/ins><\/p>\n\n\n\n<p id=\"p279018-m923-2-924\">Los resultados, que siempre se dan a conocer el \u00faltimo d\u00eda del a\u00f1o, en esta oportunidad se divulgar\u00e1n el pr\u00f3ximo mi\u00e9rcoles 10 de marzo a la hora 20.30, cuando se realizar\u00e1 la gala de premiaci\u00f3n a la distancia, en un programa especial que ser\u00e1 transmitido por&nbsp;<em>Ovaci\u00f3n<\/em>&nbsp;y&nbsp;<em>El Pa\u00eds<\/em>. A su vez, en la edici\u00f3n papel del jueves 11 se publicar\u00e1n todos los detalles de la votaci\u00f3n: el Rey de Am\u00e9rica, el mejor DT del continente, el equipo ideal, el mejor \u00e1rbitro, los resultados de la encuesta de los lectores y los m\u00e1s destacados pa\u00eds por pa\u00eds.<\/p>\n\n\n\n<p id=\"p279018-m928-3-929\"><strong>FINALISTAS.&nbsp;<\/strong>En la encuesta&nbsp;<em>\u201cAm\u00e9rica le responde a El Pa\u00eds<\/em>\u201d votan reconocidos periodistas deportivos de todo el continente. Todos tienen que estar en actividad para efectivizar su voto y as\u00ed emitir su opini\u00f3n.<\/p>\n\n\n\n<p id=\"p279018-m933-4-934\">A falta de un d\u00eda para el cierre de las votaciones, hay cinco futbolistas que sacaron diferencias sobre el resto en una compulsa hist\u00f3rica por la paridad entre los cuatro primeros y por la cantidad de jugadores propuestas para ganar y quedarse con la distinci\u00f3n de&nbsp;<em>Rey de Am\u00e9rica<\/em>, como se le llama al mejor jugador del a\u00f1o.<ins><\/ins><\/p>\n\n\n\n<p id=\"p279018-m938-5-939\">Cabe recordar que, a diferencia de la votaci\u00f3n de los lectores, en esta encuesta<em>&nbsp;El Pa\u00eds&nbsp;<\/em>y&nbsp;<em>Ovaci\u00f3n<\/em>&nbsp;no dan candidatos sino que el periodista que vota tiene la libertad de elegir al que crea merecedor del premio.<\/p>\n\n\n\n<figure class=\"wp-block-image\" id=\"m951-950-952\"><img data-recalc-dims=\"1\" decoding=\"async\" src=\"https:\/\/i0.wp.com\/sc2.elpais.com.uy\/files\/article_default_content\/files\/crop\/uploads\/2021\/03\/03\/60401cdb717c1.r_1614814689118.240-28-1024-616.jpeg?w=640&#038;ssl=1\" alt=\"Rafael Santos Borr\u00e9, uno de los candidatos. FOTO: El Pa\u00eds.\"\/><\/figure>\n\n\n\n<p>Rafael Santos Borr\u00e9, uno de los candidatos. FOTO: El Pa\u00eds.<\/p>\n\n\n\n<p id=\"p279018-m965-7-966\">En tal sentido, los cinco m\u00e1s votados hasta el momento son:&nbsp;<strong>Rafael Santos Borr\u00e9<\/strong>&nbsp;(colombiano de River Plate);&nbsp;<strong>Marinho<\/strong>&nbsp;(brasile\u00f1o de Santos);&nbsp;<strong>Andr\u00e9-Pierre Gignac<\/strong>&nbsp;(franc\u00e9s del Tigres de M\u00e9xico);&nbsp;<strong>Gustavo G\u00f3mez<\/strong>(paraguayo, actual capit\u00e1n del Palmeiras); e&nbsp;<strong>Ignacio Fern\u00e1ndez&nbsp;<\/strong>(argentino de River, que fue transferido a Atl\u00e9tico Mineiro recientemente).<\/p>\n\n\n\n<figure class=\"wp-block-image\" id=\"m978-977-979\"><img data-recalc-dims=\"1\" decoding=\"async\" src=\"https:\/\/i0.wp.com\/sc2.elpais.com.uy\/files\/article_default_content\/files\/crop\/uploads\/2021\/03\/03\/60401d150b36c.r_1614814689128.90-79-990-655.jpeg?w=640&#038;ssl=1\" alt=\"Marinho, figura de Santos, vicecampe\u00f3n de la Copa. FOTO: El Pa\u00eds.\"\/><\/figure>\n\n\n\n<p>Marinho, figura de Santos, vicecampe\u00f3n de la Copa. FOTO: El Pa\u00eds.<\/p>\n\n\n\n<p id=\"p279018-m992-9-993\">Hay cuatro de esos jugadores que definieron la<strong>&nbsp;Copa Libertadores<\/strong>&nbsp;y est\u00e1 la sorpresa, Gignac, quien es figura, referente y jugador destacado desde hace varios en Tigres, que tuvo una brillante actuaci\u00f3n en el Mundial de Clubes, incluso eliminando a Palmeiras.<\/p>\n\n\n\n<figure class=\"wp-block-image\" id=\"m1005-1004-1006\"><img data-recalc-dims=\"1\" decoding=\"async\" src=\"https:\/\/i0.wp.com\/sc2.elpais.com.uy\/files\/article_default_content\/uploads\/2021\/03\/03\/60401d5886cf6.jpeg?w=640&#038;ssl=1\" alt=\"Gignac, la estrella de Tigres de M\u00e9xico. FOTO: El Pa\u00eds.\"\/><\/figure>\n\n\n\n<p>Gignac, la estrella de Tigres de M\u00e9xico. FOTO: El Pa\u00eds.<\/p>\n\n\n\n<p id=\"p279018-m1019-11-1020\">Lo llamativo es que hasta el momento fueron propuestos 26 jugadores para ganar el premio principal de la encuesta, y todav\u00eda puede haber alg\u00fan elegido m\u00e1s, ya que en las \u00faltimas horas generalmente llegan muchos votos.<\/p>\n\n\n\n<figure class=\"wp-block-image\" id=\"m1032-1031-1033\"><img data-recalc-dims=\"1\" decoding=\"async\" src=\"https:\/\/i0.wp.com\/sc2.elpais.com.uy\/files\/article_default_content\/uploads\/2021\/03\/03\/60401d84d02fb.jpeg?w=640&#038;ssl=1\" alt=\"Gustavo G\u00f3mez, capit\u00e1n de Palmeiras. FOTO: El Pa\u00eds.\"\/><\/figure>\n\n\n\n<p>Gustavo G\u00f3mez, capit\u00e1n de Palmeiras. FOTO: El Pa\u00eds.<\/p>\n\n\n\n<p id=\"p279018-m1046-13-1047\">La incidencia de la copas internacionales, principalmente de la Copa Libertadores siempre es notoria en la opini\u00f3n de los comunicadores deportivos, muy por encima de los destacados de cada pa\u00eds. Incluso la Sudamericana por lo general queda muy por debajo en la consideraci\u00f3n.<\/p>\n\n\n\n<figure class=\"wp-block-image\" id=\"m1059-1058-1060\"><img data-recalc-dims=\"1\" decoding=\"async\" src=\"https:\/\/i0.wp.com\/sc2.elpais.com.uy\/files\/article_default_content\/uploads\/2021\/03\/03\/60401db346bc7.jpeg?w=640&#038;ssl=1\" alt=\"Ignacio Fern\u00e1ndez, de River, hoy en Atl\u00e9tico Mineiro. FOTO: El Pa\u00eds.\"\/><\/figure>\n\n\n\n<p>Ignacio Fern\u00e1ndez, de River, hoy en Atl\u00e9tico Mineiro. FOTO: El Pa\u00eds.<\/p>\n\n\n\n<p id=\"p279018-m1073-15-1074\">M\u00e1s abajo en la consideraci\u00f3n, y que no les dar\u00e1 para ganar por lo poco que falta para el cierre de las votaciones, quedaron futbolistas como Enzo P\u00e9rez (argentino de River Plate), Luiz Adriano (brasile\u00f1o de Palmeiras), Weverton (brasile\u00f1o de Palmeiras), Yeferson Soteldo (venezolano de Santos) y Carlos T\u00e9vez (argentino, de Boca Juniors), que ya supo ganar la encuesta de<em>&nbsp;El Pa\u00eds<\/em>y que sigue siendo tenido en cuenta por los periodistas deportivos.<\/p>\n\n\n\n<p id=\"p279018-m1078-16-1079\"><strong>Gabriel Barbosa<\/strong>, m\u00e1s conocido como \u201cGabigol\u201d es el actual monarca de Am\u00e9rica luego de su desempe\u00f1o en la Libertadores pasada, donde fue el goleador de Flamengo, equipo que se qued\u00f3 con la corona despu\u00e9s de vencer en la final a River Plate. Esta vez, no fue la mejor temporada para el brasile\u00f1o y viene teniendo pocos votos en la compulsa, por lo que es una utop\u00eda pensar en que pueda lograr nuevamente la consagraci\u00f3n como el mejor futbolista de Am\u00e9rica.<ins><\/ins><\/p>\n\n\n\n<p id=\"p279018-m1083-17-1084\">Anteriormente, en el 2018 el ganador fue el \u201cPity\u201d Gonzalo Mart\u00ednez por su rendimiento en los \u201cMillonarios\u201d, donde fue una de las estrellas en el equipo de Marcelo Gallardo.<\/p>\n\n\n\n<p id=\"p279018-m1088-18-1089\">La encuesta est\u00e1 en la recta final. \u00bfQui\u00e9n ganar\u00e1?<\/p>\n\n\n\n<p><\/p>\n\n\n\n<p>elpais.com.uy<\/p>\n","protected":false},"excerpt":{"rendered":"<p>Este&nbsp;viernes 5 de marzo (a la hora 24.00) es el plazo de cierre de la votaci\u00f3n de la 35 edici\u00f3n de la encuesta \u201cAm\u00e9rica le responde a El Pa\u00eds\u201d, la tradicional compulsa que desde 1986 hasta ahora elige a los mejores jugadores y entrenadores del continente. Por vez \u00fanica se cambi\u00f3 la fecha de la [&hellip;]<\/p>\n","protected":false},"author":1,"featured_media":0,"comment_status":"open","ping_status":"open","sticky":false,"template":"","format":"standard","meta":{"_acf_changed":false,"_jetpack_memberships_contains_paid_content":false,"footnotes":"","jetpack_publicize_message":"","jetpack_publicize_feature_enabled":true,"jetpack_social_post_already_shared":true,"jetpack_social_options":{"image_generator_settings":{"template":"highway","default_image_id":0,"font":"","enabled":false},"version":2}},"categories":[5],"tags":[],"class_list":["post-104932","post","type-post","status-publish","format-standard","hentry","category-futbol"],"acf":[],"jetpack_publicize_connections":[],"jetpack_featured_media_url":"","jetpack_sharing_enabled":true,"_links":{"self":[{"href":"https:\/\/sportseco.com\/index.php?rest_route=\/wp\/v2\/posts\/104932","targetHints":{"allow":["GET"]}}],"collection":[{"href":"https:\/\/sportseco.com\/index.php?rest_route=\/wp\/v2\/posts"}],"about":[{"href":"https:\/\/sportseco.com\/index.php?rest_route=\/wp\/v2\/types\/post"}],"author":[{"embeddable":true,"href":"https:\/\/sportseco.com\/index.php?rest_route=\/wp\/v2\/users\/1"}],"replies":[{"embeddable":true,"href":"https:\/\/sportseco.com\/index.php?rest_route=%2Fwp%2Fv2%2Fcomments&post=104932"}],"version-history":[{"count":1,"href":"https:\/\/sportseco.com\/index.php?rest_route=\/wp\/v2\/posts\/104932\/revisions"}],"predecessor-version":[{"id":104934,"href":"https:\/\/sportseco.com\/index.php?rest_route=\/wp\/v2\/posts\/104932\/revisions\/104934"}],"wp:attachment":[{"href":"https:\/\/sportseco.com\/index.php?rest_route=%2Fwp%2Fv2%2Fmedia&parent=104932"}],"wp:term":[{"taxonomy":"category","embeddable":true,"href":"https:\/\/sportseco.com\/index.php?rest_route=%2Fwp%2Fv2%2Fcategories&post=104932"},{"taxonomy":"post_tag","embeddable":true,"href":"https:\/\/sportseco.com\/index.php?rest_route=%2Fwp%2Fv2%2Ftags&post=104932"}],"curies":[{"name":"wp","href":"https:\/\/api.w.org\/{rel}","templated":true}]}}