{"id":105015,"date":"2021-03-06T08:04:35","date_gmt":"2021-03-06T13:04:35","guid":{"rendered":"https:\/\/sportseco.com\/?p=105015"},"modified":"2021-03-06T08:04:40","modified_gmt":"2021-03-06T13:04:40","slug":"ultimo-entrenamiento-del-madrid-antes-del-derbi","status":"publish","type":"post","link":"https:\/\/sportseco.com\/?p=105015","title":{"rendered":"\u00daltimo entrenamiento del Madrid antes del derbi"},"content":{"rendered":"\n<p><strong>El Real Madrid afronta en el Wanda Metropolitano la 26\u00aa jornada de Liga (domingo, 16:15 h; Movistar LaLiga).<\/strong><\/p>\n\n\n\n<p>La plantilla complet\u00f3 en la&nbsp;<strong>Ciudad Real Madrid<\/strong>&nbsp;el \u00faltimo entrenamiento previo al partido de&nbsp;<strong>Liga<\/strong>&nbsp;contra el Atl\u00e9tico, correspondiente a la 26\u00aa jornada, que se disputar\u00e1 en el estadio&nbsp;Wanda Metropolitano (domingo, 16:15 h; Movistar LaLiga). La sesi\u00f3n se llev\u00f3 a cabo bajo las estrictas normas sanitarias debido a la pandemia del COVID-19.<\/p>\n\n\n\n<p>El entrenamiento comenz\u00f3 con los futbolistas divididos en dos rondos. Tras realizar series de velocidad y practicar la presi\u00f3n y la salida de bal\u00f3n, disputaron un partido en un campo de dimensiones reducidas y terminaron con centros y remates a porter\u00eda.\u00a0<strong>Sergio Ramos<\/strong>\u00a0y\u00a0<strong>Hazard\u00a0<\/strong>compaginaron trabajo sobre el c\u00e9sped de manera individual y en el interior de las instalaciones, mientras que\u00a0<strong>Carvajal<\/strong>\u00a0y\u00a0<strong>Mariano<\/strong>\u00a0se ejercitaron dentro.<\/p>\n\n\n\n<p><\/p>\n\n\n\n<p>realmadrid.com<\/p>\n","protected":false},"excerpt":{"rendered":"<p>El Real Madrid afronta en el Wanda Metropolitano la 26\u00aa jornada de Liga (domingo, 16:15 h; Movistar LaLiga). La plantilla complet\u00f3 en la&nbsp;Ciudad Real Madrid&nbsp;el \u00faltimo entrenamiento previo al partido de&nbsp;Liga&nbsp;contra el Atl\u00e9tico, correspondiente a la 26\u00aa jornada, que se disputar\u00e1 en el estadio&nbsp;Wanda Metropolitano (domingo, 16:15 h; Movistar LaLiga). La sesi\u00f3n se llev\u00f3 a [&hellip;]<\/p>\n","protected":false},"author":1,"featured_media":0,"comment_status":"open","ping_status":"open","sticky":false,"template":"","format":"standard","meta":{"_acf_changed":false,"_jetpack_memberships_contains_paid_content":false,"footnotes":"","jetpack_publicize_message":"","jetpack_publicize_feature_enabled":true,"jetpack_social_post_already_shared":true,"jetpack_social_options":{"image_generator_settings":{"template":"highway","default_image_id":0,"font":"","enabled":false},"version":2}},"categories":[5],"tags":[],"class_list":["post-105015","post","type-post","status-publish","format-standard","hentry","category-futbol"],"acf":[],"jetpack_publicize_connections":[],"jetpack_featured_media_url":"","jetpack_sharing_enabled":true,"_links":{"self":[{"href":"https:\/\/sportseco.com\/index.php?rest_route=\/wp\/v2\/posts\/105015","targetHints":{"allow":["GET"]}}],"collection":[{"href":"https:\/\/sportseco.com\/index.php?rest_route=\/wp\/v2\/posts"}],"about":[{"href":"https:\/\/sportseco.com\/index.php?rest_route=\/wp\/v2\/types\/post"}],"author":[{"embeddable":true,"href":"https:\/\/sportseco.com\/index.php?rest_route=\/wp\/v2\/users\/1"}],"replies":[{"embeddable":true,"href":"https:\/\/sportseco.com\/index.php?rest_route=%2Fwp%2Fv2%2Fcomments&post=105015"}],"version-history":[{"count":1,"href":"https:\/\/sportseco.com\/index.php?rest_route=\/wp\/v2\/posts\/105015\/revisions"}],"predecessor-version":[{"id":105017,"href":"https:\/\/sportseco.com\/index.php?rest_route=\/wp\/v2\/posts\/105015\/revisions\/105017"}],"wp:attachment":[{"href":"https:\/\/sportseco.com\/index.php?rest_route=%2Fwp%2Fv2%2Fmedia&parent=105015"}],"wp:term":[{"taxonomy":"category","embeddable":true,"href":"https:\/\/sportseco.com\/index.php?rest_route=%2Fwp%2Fv2%2Fcategories&post=105015"},{"taxonomy":"post_tag","embeddable":true,"href":"https:\/\/sportseco.com\/index.php?rest_route=%2Fwp%2Fv2%2Ftags&post=105015"}],"curies":[{"name":"wp","href":"https:\/\/api.w.org\/{rel}","templated":true}]}}