{"id":105102,"date":"2021-03-08T07:33:58","date_gmt":"2021-03-08T12:33:58","guid":{"rendered":"https:\/\/sportseco.com\/?p=105102"},"modified":"2021-03-08T07:34:06","modified_gmt":"2021-03-08T12:34:06","slug":"joan-laporta-nuevo-presidente-del-fc-barcelona","status":"publish","type":"post","link":"https:\/\/sportseco.com\/?p=105102","title":{"rendered":"Joan Laporta, nuevo presidente del FC Barcelona"},"content":{"rendered":"\n<p>El ex presidente vuelve a ganarse la confianza de los socios once a\u00f1os despu\u00e9s con una mayor\u00eda absoluta de 30.184 votos (el 54,28% de los participantes), el segundo m\u00e1s votado de la historia, por delante de V\u00edctor Font (16.679 votos\/29,99%) y Antoni Freixa (4.769\/8,58%)<\/p>\n\n\n\n<p><strong>Joan Laporta i Estruch<\/strong>&nbsp;(Barcelona, \u200b\u200b29 de junio de 1963), socio n\u00famero 13.352, se convertir\u00e1 de nuevo en presidente del FC Barcelona y lo har\u00e1 como segundo candidato m\u00e1s votado de la historia, con un total de 30.184 votos, el 54,28% de los 55.611 socios que han votado en estos comicios. As\u00ed lo han decidido los socios y socias del FC Barcelona en&nbsp;<a href=\"https:\/\/www.fcbarcelona.es\/es\/elecciones-2021\" target=\"_blank\" rel=\"noreferrer noopener\">las elecciones a la Presidencia y Junta Directiva&nbsp;<\/a>celebradas este domingo 7 de marzo en una jornada electoral ejemplar, que por primera vez se ha desarrollado en seis sedes electorales diferentes y que tambi\u00e9n ha incorporado los resultados del voto por correo.<\/p>\n\n\n\n<p>Una vez m\u00e1s, los socios han elegido democr\u00e1ticamente su presidente, con un \u00edndice de participaci\u00f3n del 50,42% del censo electoral, que estaba formado por 110.290 socios con derecho a voto. Laporta ha sido elegido por mayor\u00eda absoluta y los socios le han dado su confianza por delante de los delante de los otros dos candidatos, V\u00edctor Font, que ha quedado segundo en esta carrera electoral, con 16.679 votos (el 29,99% de los participantes), y Toni Freixa, tercero, con 4.769 votos (8,58% de los votantes). En total se han contabilizado 351 votos en blanco y 3.628 votos nulos, un cifra superior a la que ha sido habitual en anteriores elecciones y que es la incidencia del voto por correo.<\/p>\n\n\n\n<figure class=\"wp-block-image\"><img data-recalc-dims=\"1\" decoding=\"async\" src=\"https:\/\/i0.wp.com\/www.fcbarcelona.com\/photo-resources\/2021\/03\/07\/bd817aea-fece-47ca-81b0-8b3490bec27c\/esp-votos.jpeg?w=640&#038;ssl=1\" alt=\"esp votos\"\/><\/figure>\n\n\n\n<p>Antes de que se iniciara la jornada electoral, 20.663 socios ya hab\u00edan ejercido su derecho a voto por la modalidad de voto por correo, que por primera vez se incorporaba en unas elecciones a la Presidencia, pero estos votos deb\u00edan validar comprobando que hubieran incorporado el pertinente y obligatorio certificado de votaci\u00f3n. Contando que fueron 22.811 los inscritos en la modalidad por correo, que no pod\u00edan votar presencialmente en la jornada electoral de este 7 de mares, el censo electoral presencial quedaba reducido en 87.479 socios, de los que 78.987 ten\u00edan que votar en Barcelona y el resto en alguna de las sedes territoriales restantes (Girona, Lleida, Tarragona, Tortosa y Andorra).<\/p>\n\n\n\n<p>Laporta era el \u00fanico candidato que ya hab\u00eda sido presidente del FC Barcelona entre 2003 y 2010 y ahora, once a\u00f1os despu\u00e9s, volver\u00e1 a dirigir el Club. El ex presidente part\u00eda como claro favorito, tal como expon\u00edan las firmas de apoyo (9.625), por delante de V\u00edctor Font (4.431) y Antoni Freixa (2.634) y los pron\u00f3sticos se han cumplido en la misma proporci\u00f3n. El ganador ha impuesto su carisma personal y su experiencia. Es la cuarta vez en la historia que un candidato repite como presidente del Club en diferentes etapas hist\u00f3ricas (2003 y 2021), por detr\u00e1s de Joan Gamper y Haessing (1908, 1910, 1917, 1921 y 1924) Gaspar Ros\u00e9s y Ar\u00fas (1917 , 1920, 1930) y Enric Pi\u00f1eyro y Queralt (1940, 1942).<a href=\"https:\/\/www.fcbarcelona.es\/es\/club\/noticias\/2053676\/minuto-a-minuto-laporta-lidera-el-recuento-final\" target=\"_blank\" rel=\"noreferrer noopener\">AS\u00cd HEMOS VIVIDO LA JORNADA ELECTORAL&nbsp;<\/a><\/p>\n\n\n\n<p>Estas elecciones, que se han desarrollado en medio de una pandemia que ha condicionado su celebraci\u00f3n y la organizaci\u00f3n, se han celebrado sin incidentes y rodeadas de unas medidas anti Covid-19 para garantizar todos los protocolos establecidos por las autoridades sanitarias para proteger la salud de los socios y de las m\u00e1s de 1.900 personas que han participado en la operativa electoral. A pesar de las incomodidades de estas medidas, los socios y socias del FC Barcelona han salido a votar presencialmente y, junto con la alta participaci\u00f3n del voto por correo, han convertido estas elecciones en las segundas con la participaci\u00f3n m\u00e1s alta de la historia.<\/p>\n\n\n\n<p>Los retos del nuevo mandato de Laporta se presentan may\u00fasculos, con objetivos como enderezar la econom\u00eda del Club, muy castigada por las consecuencias de la pandemia; la continuidad de&nbsp;<a href=\"https:\/\/www.fcbarcelona.es\/es\/futbol\/primer-equipo\/jugadores\/4974\/lionel-messi\" target=\"_blank\" rel=\"noreferrer noopener\">Leo Messi<\/a>, la regeneraci\u00f3n del primer equipo de f\u00fatbol tras las decepciones deportivas de las dos \u00faltimas temporadas; el desarrollo del&nbsp;<a href=\"https:\/\/www.fcbarcelona.es\/es\/club\/instalaciones\/espai-barca\" target=\"_blank\" rel=\"noreferrer noopener\">Espai Bar\u00e7a<\/a>, un proyecto patrimonial capital para el futuro de la Entidad o la preservaci\u00f3n de la Mas\u00eda como activo identitario del estilo de juego y la filosof\u00eda formativa del Club.<\/p>\n\n\n\n<h2 class=\"wp-block-heading\">Toma de posesi\u00f3n y presentaci\u00f3n del aval<\/h2>\n\n\n\n<p>Ahora, despu\u00e9s de las elecciones y seg\u00fan estipulan los Estatutos del Club, la nueva Junta deber\u00e1 tomar posesi\u00f3n dentro de los 10 d\u00edas naturales siguientes a la fecha de la elecci\u00f3n. Antes de tomar posesi\u00f3n, la nueva Junta deber\u00e1 haber formalizado el aval exigido por la normativa vigente. En este caso, la Ley estatal 10\/1990 del 15 de octubre, sobre el deporte, que establece que este aval debe llegar al quince por ciento del presupuesto de gasto, y esto se traduce en que el aval que deber\u00e1 presentar la candidatura ganadora es de 124,6 millones de euros (el 15% del 831 millones de euros de gastos previstos en el presupuesto de la temporada 2020\/21). Si este aval no se presenta, se deber\u00e1 constituir la Comisi\u00f3n Gestora para la convocatoria de un nuevo proceso electoral.<\/p>\n\n\n\n<p><\/p>\n\n\n\n<p>fcbarcelona.es<\/p>\n","protected":false},"excerpt":{"rendered":"<p>El ex presidente vuelve a ganarse la confianza de los socios once a\u00f1os despu\u00e9s con una mayor\u00eda absoluta de 30.184 votos (el 54,28% de los participantes), el segundo m\u00e1s votado de la historia, por delante de V\u00edctor Font (16.679 votos\/29,99%) y Antoni Freixa (4.769\/8,58%) Joan Laporta i Estruch&nbsp;(Barcelona, \u200b\u200b29 de junio de 1963), socio n\u00famero [&hellip;]<\/p>\n","protected":false},"author":1,"featured_media":0,"comment_status":"open","ping_status":"open","sticky":false,"template":"","format":"standard","meta":{"_acf_changed":false,"_jetpack_memberships_contains_paid_content":false,"footnotes":"","jetpack_publicize_message":"","jetpack_publicize_feature_enabled":true,"jetpack_social_post_already_shared":true,"jetpack_social_options":{"image_generator_settings":{"template":"highway","default_image_id":0,"font":"","enabled":false},"version":2}},"categories":[5],"tags":[],"class_list":["post-105102","post","type-post","status-publish","format-standard","hentry","category-futbol"],"acf":[],"jetpack_publicize_connections":[],"jetpack_featured_media_url":"","jetpack_sharing_enabled":true,"_links":{"self":[{"href":"https:\/\/sportseco.com\/index.php?rest_route=\/wp\/v2\/posts\/105102","targetHints":{"allow":["GET"]}}],"collection":[{"href":"https:\/\/sportseco.com\/index.php?rest_route=\/wp\/v2\/posts"}],"about":[{"href":"https:\/\/sportseco.com\/index.php?rest_route=\/wp\/v2\/types\/post"}],"author":[{"embeddable":true,"href":"https:\/\/sportseco.com\/index.php?rest_route=\/wp\/v2\/users\/1"}],"replies":[{"embeddable":true,"href":"https:\/\/sportseco.com\/index.php?rest_route=%2Fwp%2Fv2%2Fcomments&post=105102"}],"version-history":[{"count":1,"href":"https:\/\/sportseco.com\/index.php?rest_route=\/wp\/v2\/posts\/105102\/revisions"}],"predecessor-version":[{"id":105104,"href":"https:\/\/sportseco.com\/index.php?rest_route=\/wp\/v2\/posts\/105102\/revisions\/105104"}],"wp:attachment":[{"href":"https:\/\/sportseco.com\/index.php?rest_route=%2Fwp%2Fv2%2Fmedia&parent=105102"}],"wp:term":[{"taxonomy":"category","embeddable":true,"href":"https:\/\/sportseco.com\/index.php?rest_route=%2Fwp%2Fv2%2Fcategories&post=105102"},{"taxonomy":"post_tag","embeddable":true,"href":"https:\/\/sportseco.com\/index.php?rest_route=%2Fwp%2Fv2%2Ftags&post=105102"}],"curies":[{"name":"wp","href":"https:\/\/api.w.org\/{rel}","templated":true}]}}