{"id":105142,"date":"2021-03-09T07:25:09","date_gmt":"2021-03-09T12:25:09","guid":{"rendered":"https:\/\/sportseco.com\/?p=105142"},"modified":"2021-03-09T07:25:16","modified_gmt":"2021-03-09T12:25:16","slug":"loew-anuncia-que-se-marchara-tras-la-euro","status":"publish","type":"post","link":"https:\/\/sportseco.com\/?p=105142","title":{"rendered":"Loew anuncia que se marchar\u00e1 tras la EURO"},"content":{"rendered":"\n<ul class=\"wp-block-list\"><li><strong>Loew dejar\u00e1 su cargo al frente de la selecci\u00f3n alemana tras la EURO 2020<\/strong><\/li><li><strong>\u00abDoy este paso muy conscientemente, lleno de orgullo y enorme gratitud\u00bb, afirm\u00f3<\/strong><\/li><li><strong>Fritz Keller, presidente de la Federaci\u00f3n Alemana (DFB): \u00abRespetamos su decisi\u00f3n\u00bb<\/strong><\/li><\/ul>\n\n\n\n<p>Joachim Loew ha anunciado que dejar\u00e1 su cargo como seleccionador nacional de Alemania una vez finalice la EURO 2020 este pr\u00f3ximo verano europeo. Su contrato originalmente se extend\u00eda hasta la&nbsp;<a href=\"https:\/\/es.fifa.com\/worldcup\/\" target=\"_blank\" rel=\"noreferrer noopener\">Copa Mundial de la FIFA 2022\u2122<\/a>.<\/p>\n\n\n\n<p>\u00abDoy este paso muy conscientemente, lleno de orgullo y de enorme gratitud, pero al mismo tiempo sigo muy motivado con la pr\u00f3xima Eurocopa. \u00abEstoy orgulloso, porque para m\u00ed es algo muy especial y un honor estar involucrado en mi pa\u00eds. Y porque he trabajado con los mejores futbolistas del pa\u00eds durante casi 17 a\u00f1os y les he apoyado en su desarrollo. He disfrutado de grandes triunfos con ellos y de derrotas dolorosas, pero sobre todo de muchos momentos maravillosos y m\u00e1gicos\u00bb, destac\u00f3 Loew.<\/p>\n\n\n\n<p>\u00abEstoy y seguir\u00e9 estando agradecido a la DFB, que siempre me ha proporcionado tanto a m\u00ed como a mi equipo un entorno de trabajo ideal\u00bb, agreg\u00f3 el seleccionador alem\u00e1n campe\u00f3n de la Copa Mundial de la FIFA 2014 de Brasil&nbsp;<a href=\"https:\/\/es.fifa.com\/worldcup\/archive\/brazil2014\/matches\/match\/300186501\/#match-summary\" target=\"_blank\" rel=\"noreferrer noopener\">tras derrotar en la final a Argentina<\/a>.<\/p>\n\n\n\n<p><strong>Datos destacados de Joachim Loew<\/strong><\/p>\n\n\n\n<ul class=\"wp-block-list\"><li>Desde 2004 entrenador ayudante de la selecci\u00f3n alemana con J\u00fcrgen Klinsmann<\/li><li>Seleccionador nacional desde 2006<\/li><li><a href=\"https:\/\/es.fifa.com\/worldcup\/archive\/brazil2014\/\" target=\"_blank\" rel=\"noreferrer noopener\">Campe\u00f3n del Mundo en 2014<\/a><\/li><li>Campe\u00f3n de la Copa Confederaciones en 2017<\/li><li><a href=\"https:\/\/es.fifa.com\/the-best-fifa-football-awards\/news\/lowe-entrenador-mundial-de-la-fifa-2014-2499544\" target=\"_blank\" rel=\"noreferrer noopener\">Entrenador Mundial de la FIFA 2014<\/a><\/li><li><a href=\"https:\/\/de.fifa.com\/worldcup\/archive\/southafrica2010\/\" target=\"_blank\" rel=\"noreferrer noopener\">Tercer clasificado en la Copa Mundial de 2010<\/a><\/li><li>Subcampe\u00f3n de la UEFA EURO 2008 tras caer ante Espa\u00f1a en la final<\/li><\/ul>\n\n\n\n<figure class=\"wp-block-embed is-type-rich is-provider-gestor-del-servicio wp-block-embed-gestor-del-servicio\"><div class=\"wp-block-embed__wrapper\">\nhttps:\/\/youtube.com\/watch?v=ffAYByv2pLc%3Ffeature%3Doembed\n<\/div><\/figure>\n\n\n\n<figure class=\"wp-block-embed is-provider-youtube wp-block-embed-youtube\"><div class=\"wp-block-embed__wrapper\">\n<iframe loading=\"lazy\" title=\"2014 WORLD CUP FINAL: Germany 1-0 Argentina (AET)\" width=\"640\" height=\"360\" src=\"https:\/\/www.youtube.com\/embed\/ffAYByv2pLc?feature=oembed\" frameborder=\"0\" allow=\"accelerometer; autoplay; clipboard-write; encrypted-media; gyroscope; picture-in-picture; web-share\" referrerpolicy=\"strict-origin-when-cross-origin\" allowfullscreen><\/iframe>\n<\/div><\/figure>\n\n\n\n<p>\u00abRespeto mucho la decisi\u00f3n de Joachim Loew. La DFB sabe lo que tiene con Jogi, es uno de los mejores entrenadores del f\u00fatbol mundial. Jogi Loew ha dado forma al f\u00fatbol alem\u00e1n como nadie a lo largo de los \u00faltimos a\u00f1os y ha alcanzado la m\u00e1s alta reputaci\u00f3n internacional. Nos da a la DFB el tiempo necesario para nombrar con calma a su sucesor\u00bb, coment\u00f3 el Presidente de la DFB, Fritz Keller.<\/p>\n\n\n\n<p>\u00abJoachim Loew y yo hemos trabajado de manera estrecha durante casi 17 a\u00f1os. Juntos hemos podido experimentar mucho y salir adelante. Bajo el mandato de Jogi, la selecci\u00f3n nacional volvi\u00f3 a mostrar un juego alegre y un f\u00fatbol ofensivo atractivo. Este equipo y sus jugadores se han desarrollado incre\u00edblemente gracias a \u00e9l \u00ab, agreg\u00f3 Oliver Bierhoff, Director de la Selecci\u00f3n Nacional de Alemania.<\/p>\n\n\n\n<p>\u00abAunque lamento que profesionalmente nos separemos despu\u00e9s de la EURO, seguiremos conectados personalmente. Pero en este momento no pienso en esto, porque s\u00e9 que la energ\u00eda y la concentraci\u00f3n de Jogi estar\u00e1 enfocada durante las pr\u00f3ximas semanas y meses en el Campeonato de Europa\u00bb, concluy\u00f3.<\/p>\n\n\n\n<figure class=\"wp-block-embed is-type-video is-provider-youtube wp-block-embed-youtube wp-embed-aspect-16-9 wp-has-aspect-ratio\"><div class=\"wp-block-embed__wrapper\">\n<iframe loading=\"lazy\" title=\"What made Brazil so 2014?\" width=\"640\" height=\"360\" src=\"https:\/\/www.youtube.com\/embed\/iBecg_8hCKc?feature=oembed\" frameborder=\"0\" allow=\"accelerometer; autoplay; clipboard-write; encrypted-media; gyroscope; picture-in-picture; web-share\" referrerpolicy=\"strict-origin-when-cross-origin\" allowfullscreen><\/iframe>\n<\/div><\/figure>\n\n\n\n<p>fifa.com<\/p>\n","protected":false},"excerpt":{"rendered":"<p>Loew dejar\u00e1 su cargo al frente de la selecci\u00f3n alemana tras la EURO 2020 \u00abDoy este paso muy conscientemente, lleno de orgullo y enorme gratitud\u00bb, afirm\u00f3 Fritz Keller, presidente de la Federaci\u00f3n Alemana (DFB): \u00abRespetamos su decisi\u00f3n\u00bb Joachim Loew ha anunciado que dejar\u00e1 su cargo como seleccionador nacional de Alemania una vez finalice la EURO [&hellip;]<\/p>\n","protected":false},"author":1,"featured_media":0,"comment_status":"open","ping_status":"open","sticky":false,"template":"","format":"standard","meta":{"_acf_changed":false,"_jetpack_memberships_contains_paid_content":false,"footnotes":"","jetpack_publicize_message":"","jetpack_publicize_feature_enabled":true,"jetpack_social_post_already_shared":true,"jetpack_social_options":{"image_generator_settings":{"template":"highway","default_image_id":0,"font":"","enabled":false},"version":2}},"categories":[5],"tags":[],"class_list":["post-105142","post","type-post","status-publish","format-standard","hentry","category-futbol"],"acf":[],"jetpack_publicize_connections":[],"jetpack_featured_media_url":"","jetpack_sharing_enabled":true,"_links":{"self":[{"href":"https:\/\/sportseco.com\/index.php?rest_route=\/wp\/v2\/posts\/105142","targetHints":{"allow":["GET"]}}],"collection":[{"href":"https:\/\/sportseco.com\/index.php?rest_route=\/wp\/v2\/posts"}],"about":[{"href":"https:\/\/sportseco.com\/index.php?rest_route=\/wp\/v2\/types\/post"}],"author":[{"embeddable":true,"href":"https:\/\/sportseco.com\/index.php?rest_route=\/wp\/v2\/users\/1"}],"replies":[{"embeddable":true,"href":"https:\/\/sportseco.com\/index.php?rest_route=%2Fwp%2Fv2%2Fcomments&post=105142"}],"version-history":[{"count":1,"href":"https:\/\/sportseco.com\/index.php?rest_route=\/wp\/v2\/posts\/105142\/revisions"}],"predecessor-version":[{"id":105145,"href":"https:\/\/sportseco.com\/index.php?rest_route=\/wp\/v2\/posts\/105142\/revisions\/105145"}],"wp:attachment":[{"href":"https:\/\/sportseco.com\/index.php?rest_route=%2Fwp%2Fv2%2Fmedia&parent=105142"}],"wp:term":[{"taxonomy":"category","embeddable":true,"href":"https:\/\/sportseco.com\/index.php?rest_route=%2Fwp%2Fv2%2Fcategories&post=105142"},{"taxonomy":"post_tag","embeddable":true,"href":"https:\/\/sportseco.com\/index.php?rest_route=%2Fwp%2Fv2%2Ftags&post=105142"}],"curies":[{"name":"wp","href":"https:\/\/api.w.org\/{rel}","templated":true}]}}