{"id":105318,"date":"2021-03-12T19:44:28","date_gmt":"2021-03-13T00:44:28","guid":{"rendered":"https:\/\/sportseco.com\/?p=105318"},"modified":"2021-03-12T19:44:35","modified_gmt":"2021-03-13T00:44:35","slug":"los-20-convocados-del-madrid-para-el-partido-ante-el-elche","status":"publish","type":"post","link":"https:\/\/sportseco.com\/?p=105318","title":{"rendered":"Los 20 convocados del Madrid para el partido ante el Elche"},"content":{"rendered":"\n<p><strong>El Real Madrid afronta en el Alfredo Di St\u00e9fano la 27\u00aa jornada de Liga (s\u00e1bado, 16:15 h; Movistar LaLiga).<\/strong>Zinedine&nbsp;<strong>Zidane&nbsp;<\/strong>ha&nbsp;convocado a 20 jugadores&nbsp;para el partido contra el Elche, correspondiente a la jornada 27 de&nbsp;<strong>Liga<\/strong>, que se disputar\u00e1 en el estadio Alfredo Di St\u00e9fano (s\u00e1bado, 16:15 h; Movistar LaLiga).<\/p>\n\n\n\n<p><strong>CONVOCATORIA DEL REAL MADRID:<\/strong><br><strong>Porteros<\/strong>: Courtois, Lunin y Altube.<br><strong>Defensas<\/strong>: E. Milit\u00e3o, Sergio Ramos, R. Varane, Nacho y F. Mendy.<br><strong>Centrocampistas<\/strong>:\u00a0Kroos, Modri\u0107, Casemiro, Valverde e Isco.<br><strong>Delanteros<\/strong>: Hazard, Benzema, Asensio, Lucas V., Vini Jr., Rodrygo y Hugo Duro.<\/p>\n\n\n\n<p><\/p>\n\n\n\n<p>realmadrid.com<\/p>\n","protected":false},"excerpt":{"rendered":"<p>El Real Madrid afronta en el Alfredo Di St\u00e9fano la 27\u00aa jornada de Liga (s\u00e1bado, 16:15 h; Movistar LaLiga).Zinedine&nbsp;Zidane&nbsp;ha&nbsp;convocado a 20 jugadores&nbsp;para el partido contra el Elche, correspondiente a la jornada 27 de&nbsp;Liga, que se disputar\u00e1 en el estadio Alfredo Di St\u00e9fano (s\u00e1bado, 16:15 h; Movistar LaLiga). CONVOCATORIA DEL REAL MADRID:Porteros: Courtois, Lunin y Altube.Defensas: [&hellip;]<\/p>\n","protected":false},"author":1,"featured_media":0,"comment_status":"open","ping_status":"open","sticky":false,"template":"","format":"standard","meta":{"_acf_changed":false,"_jetpack_memberships_contains_paid_content":false,"footnotes":"","jetpack_publicize_message":"","jetpack_publicize_feature_enabled":true,"jetpack_social_post_already_shared":true,"jetpack_social_options":{"image_generator_settings":{"template":"highway","default_image_id":0,"font":"","enabled":false},"version":2}},"categories":[5],"tags":[],"class_list":["post-105318","post","type-post","status-publish","format-standard","hentry","category-futbol"],"acf":[],"jetpack_publicize_connections":[],"jetpack_featured_media_url":"","jetpack_sharing_enabled":true,"_links":{"self":[{"href":"https:\/\/sportseco.com\/index.php?rest_route=\/wp\/v2\/posts\/105318","targetHints":{"allow":["GET"]}}],"collection":[{"href":"https:\/\/sportseco.com\/index.php?rest_route=\/wp\/v2\/posts"}],"about":[{"href":"https:\/\/sportseco.com\/index.php?rest_route=\/wp\/v2\/types\/post"}],"author":[{"embeddable":true,"href":"https:\/\/sportseco.com\/index.php?rest_route=\/wp\/v2\/users\/1"}],"replies":[{"embeddable":true,"href":"https:\/\/sportseco.com\/index.php?rest_route=%2Fwp%2Fv2%2Fcomments&post=105318"}],"version-history":[{"count":1,"href":"https:\/\/sportseco.com\/index.php?rest_route=\/wp\/v2\/posts\/105318\/revisions"}],"predecessor-version":[{"id":105320,"href":"https:\/\/sportseco.com\/index.php?rest_route=\/wp\/v2\/posts\/105318\/revisions\/105320"}],"wp:attachment":[{"href":"https:\/\/sportseco.com\/index.php?rest_route=%2Fwp%2Fv2%2Fmedia&parent=105318"}],"wp:term":[{"taxonomy":"category","embeddable":true,"href":"https:\/\/sportseco.com\/index.php?rest_route=%2Fwp%2Fv2%2Fcategories&post=105318"},{"taxonomy":"post_tag","embeddable":true,"href":"https:\/\/sportseco.com\/index.php?rest_route=%2Fwp%2Fv2%2Ftags&post=105318"}],"curies":[{"name":"wp","href":"https:\/\/api.w.org\/{rel}","templated":true}]}}