{"id":105356,"date":"2021-03-13T12:35:32","date_gmt":"2021-03-13T17:35:32","guid":{"rendered":"https:\/\/sportseco.com\/?p=105356"},"modified":"2021-03-13T12:35:41","modified_gmt":"2021-03-13T17:35:41","slug":"un-gran-bayern-celebra-una-gran-victoria-fuera-de-casa","status":"publish","type":"post","link":"https:\/\/sportseco.com\/?p=105356","title":{"rendered":"Un gran Bayern celebra una gran victoria fuera de casa"},"content":{"rendered":"\n<ul class=\"wp-block-list\"><li><strong>Lewandowski,&nbsp;el segundo m\u00e1ximo goleador de la BL<\/strong><\/li><li><strong>M\u00fcller con dos asistencias<\/strong><\/li><li><strong>Tambi\u00e9n marcan Gnabry y&nbsp;Goretzka<\/strong><\/li><\/ul>\n\n\n\n<p>\u00a1El Bayern sigue&nbsp;en la carrera por el t\u00edtulo de la Bundesliga! El equipo del t\u00e9cnico Hansi Flick celebr\u00f3 una soberana victoria por 1-3&nbsp;(0-2) ante&nbsp;el Werder Bremen el s\u00e1bado por la tarde y reforz\u00f3 as\u00ed su ventaja en la clasificaci\u00f3n. Despu\u00e9s de 25 jornadas, la ventaja sobre el primer rival, el RB Leipzig, es ahora de cinco puntos, pero los sajones tienen la oportunidad de sumar en el&nbsp;duelo con el Eintracht Frankfurt del domingo.<\/p>\n\n\n\n<h2 class=\"wp-block-heading\">Lewandowski iguala con&nbsp;Fischer<\/h2>\n\n\n\n<figure class=\"wp-block-image\"><img data-recalc-dims=\"1\" decoding=\"async\" src=\"https:\/\/i0.wp.com\/img.fcbayern.com\/image\/upload\/t_cms-16x9\/f_auto\/w_1366%2Ch_768%2Cc_fill\/v1615651955\/cms\/public\/images\/fcbayern-com\/homepage\/saison-20-21\/galerien\/spiele\/Werder-FCB\/23_SVWFCB_210313_GET.jpg?w=640&#038;ssl=1\" alt=\"\"\/><\/figure>\n\n\n\n<p>\u00a1A este hombre no hay quien lo pare! Robert Lewandowski es desde el s\u00e1bado&nbsp;el segundo m\u00e1ximo&nbsp;goleador en la historia de la Bundesliga. Con su gol en el 0-3&nbsp;contra el Bremen, el jugador de 32 a\u00f1os empat\u00f3 con Klaus Fischer y ahora tiene 268 goles en la 1\u00aa divisi\u00f3n&nbsp;alemana. En la primera parte, Leon Goretzka (22&#8242;) y Serge Gnabry (35&#8242;) pusieron&nbsp;una ventaja de 0-2. Poco antes del final, Niclas F\u00fcllkrug (86&#8242;) marc\u00f3 el gol de consolaci\u00f3n del Werder.<\/p>\n\n\n\n<p><em>Hemos resumido las escenas m\u00e1s importantes del partido para usted:<\/em><\/p>\n\n\n\n<h2 class=\"wp-block-heading\">Kimmich alcanza los&nbsp;250<\/h2>\n\n\n\n<p>Adem\u00e1s de la victoria a domicilio, Joshua Kimmich tambi\u00e9n pudo celebrar&nbsp;un hito. El centrocampista disput\u00f3&nbsp;en Bremen su partido oficial n\u00famero 250 con la camiseta del&nbsp;Bayern. En comparaci\u00f3n&nbsp;al triunfo por 4-2 ante el Borussia Dortmund, Hansi Flick cambi\u00f3 el once inicial en&nbsp;tres posiciones: Benjamin Pavard, Lucas Hern\u00e1ndez y Gnabry sustituyeron&nbsp;a Niklas S\u00fcle, Leroy San\u00e9 (ambos en el&nbsp;banquillo) y David Alaba, que se hab\u00eda quedado en M\u00fanich por ligeros&nbsp;problemas musculares.<\/p>\n\n\n\n<h2 class=\"wp-block-heading\">Minuto 22&nbsp;\u2013 Goretzka adelanta al FCB de cabeza<\/h2>\n\n\n\n<p>\u00a1SIIIIIII\u00cd! Goretzka abre el marcador merecidamente. Kimmich saca un c\u00f3rner desde la izquierda, Thomas M\u00fcller prolonga en&nbsp;el primer palo y Goretzka cabecea libre para el 0-1.<\/p>\n\n\n\n<h2 class=\"wp-block-heading\">Minuto 35&nbsp;\u2013 Gnabry marca tras&nbsp;gran combinaci\u00f3n<\/h2>\n\n\n\n<p>\u00a1Qu\u00e9 maravilloso golazo! Kimmich se interna con&nbsp;el bal\u00f3n en&nbsp;el \u00e1rea&nbsp;hacia la porter\u00eda. M\u00fcller empuja el bal\u00f3n hacia abajo con el pecho para&nbsp;Gnabry. El extremo define con frialdad&nbsp;y pone el 0-2 en la red. Un minuto antes, Gnabry hab\u00eda estrellado un bal\u00f3n&nbsp;en el poste.<\/p>\n\n\n\n<h2 class=\"wp-block-heading\">Minuto 54&#8217;\/58&#8242;&nbsp;\u2013 Lewy primero al poste, luego al larguero<\/h2>\n\n\n\n<figure class=\"wp-block-image\"><img data-recalc-dims=\"1\" decoding=\"async\" src=\"https:\/\/i0.wp.com\/img.fcbayern.com\/image\/upload\/t_cms-16x9\/f_auto\/w_1366%2Ch_768%2Cc_fill\/v1615651435\/cms\/public\/images\/fcbayern-com\/homepage\/saison-20-21\/galerien\/spiele\/Werder-FCB\/19_SVWFCB_210313_GET.jpg?w=640&#038;ssl=1\" alt=\"\"\/><\/figure>\n\n\n\n<p>\u00a1L\u00e1stima, casi el 0-3! Primero Lewandowski cabecea al interior&nbsp;del&nbsp;poste&nbsp;despu\u00e9s de un gran centro de Kingsley Coman. Cuatro minutos despu\u00e9s, el m\u00e1ximo goleador remata al&nbsp;travesa\u00f1o..&nbsp;<\/p>\n\n\n\n<h2 class=\"wp-block-heading\">Minuto 67&nbsp;\u2013 Lewandwoski con el gol 268 en la&nbsp;Bundesliga<\/h2>\n\n\n\n<figure class=\"wp-block-image\"><img data-recalc-dims=\"1\" decoding=\"async\" src=\"https:\/\/i0.wp.com\/img.fcbayern.com\/image\/upload\/t_cms-16x9\/f_auto\/w_1366%2Ch_768%2Cc_fill\/v1615651992\/cms\/public\/images\/fcbayern-com\/homepage\/saison-20-21\/galerien\/spiele\/Werder-FCB\/21_SVWFCB_210313_IMA.jpg?w=640&#038;ssl=1\" alt=\"\"\/><\/figure>\n\n\n\n<p>\u00a1Ahora Lewy marca&nbsp;su gol! Tras un c\u00f3rner, el bal\u00f3n salta sobre Goretzka y Ludwig Augustinsson del Bremen lo toca para ponerlo&nbsp;a los pies de Lewandowski. El jugador de 32 a\u00f1os lo aprovecha&nbsp;para poner el 0-3. Es el gol n\u00famero 32 de la temporada para el delantero&nbsp;polaco y, al mismo tiempo, su gol 268 en la Bundesliga, el segundo lugar en la lista de m\u00e1ximos goleadores de todos los tiempos. Solo la leyenda del FCB Gerd M\u00fcller (365) le supera. Un poco m\u00e1s tarde, Lewandowski vuelve a encontrarse con&nbsp;el larguero (78&#8242;)<\/p>\n\n\n\n<h2 class=\"wp-block-heading\">Minuto 86&nbsp;\u2013 F\u00fcllkrug con el gol del honor<\/h2>\n\n\n\n<p>El Werder se lanza en&nbsp;un r\u00e1pido contraataque. El portero del FCB, Manuel Neuer, inicialmente hace una gran parada&nbsp;a&nbsp;Milot Rashica, pero F\u00fcllkrug aprovech\u00f3 el rechace&nbsp;para poner el 1-3 final.<\/p>\n\n\n\n<p><em>Todas las im\u00e1genes del partido en Bremen las tienen en nuestra galer\u00eda:<\/em><\/p>\n\n\n\n<p><a href=\"https:\/\/fcbayern.com\/es\/noticias\/matchreports\/2021\/03\/cronica-bundesliga-werder-bremen---fc-bayern#id=1\"><\/a><\/p>\n\n\n\n<p><a href=\"https:\/\/fcbayern.com\/es\/noticias\/matchreports\/2021\/03\/cronica-bundesliga-werder-bremen---fc-bayern#id=2\"><\/a><\/p>\n\n\n\n<p><a href=\"https:\/\/fcbayern.com\/es\/noticias\/matchreports\/2021\/03\/cronica-bundesliga-werder-bremen---fc-bayern#id=3\"><\/a><\/p>\n\n\n\n<p><a href=\"https:\/\/fcbayern.com\/es\/noticias\/matchreports\/2021\/03\/cronica-bundesliga-werder-bremen---fc-bayern#id=4\"><\/a><a href=\"https:\/\/fcbayern.com\/es\/noticias\/matchreports\/2021\/03\/cronica-bundesliga-werder-bremen---fc-bayern#id=5\">+20<\/a>Werder Bremen &#8211; FC Bayern 1-3 (0-2)<\/p>\n\n\n\n<ul class=\"wp-block-list\"><li><strong>Werder Bremen<\/strong>Pavlenka \u2013 Gebre Selassie (63&#8242; Agu), Gro\u00df, Toprak, Moisander, Augustinsson &#8211; Schmid (63&#8242; Bittencourt), M. Eggestein (63&#8242; F\u00fcllkrug), M\u00f6hwald (76&#8242; Veljkovi\u0107), Rashica \u2013 Sargent<strong>Sustituciones<\/strong>Dos Santos Haesler \u2013 Osako, Selke, Mbom, Dinkci<\/li><li><strong>FC Bayern<\/strong>Neuer \u2013 Pavard, Boateng, Hern\u00e1ndez, Davies (84&#8242; Sarr) &#8211; Kimmich (79&#8242; Roca), Goretzka &#8211; Coman (79&#8242; Musiala), M\u00fcller, Gnabry (79&#8242; San\u00e9) &#8211; Lewandowski (79&#8242; Choupo-Moting)<strong>Sustituciones<\/strong>N\u00fcbel \u2013 S\u00fcle, Mart\u00ednez, Dantas<\/li><li><strong>\u00c1rbitro<\/strong>Manuel Gr\u00e4fe (Berlin)<\/li><li><strong>Goles<\/strong>0-1 Goretzka (22&#8242;), 0-2 Gnabry (35&#8242;), 0-3 Lewandowski (67&#8242;), 1-3 F\u00fcllkrug (86&#8242;)<\/li><li><strong>Tarjetas amarillas<\/strong>Sargent \/ &#8211;<\/li><\/ul>\n\n\n\n<ul class=\"wp-block-list\"><li><a href=\"https:\/\/www.facebook.com\/sharer\/sharer.php?u=https%3A%2F%2Ffcbayern.com%2Fes%2Fnoticias%2Fmatchreports%2F2021%2F03%2Fcronica-bundesliga-werder-bremen---fc-bayern\"><\/a><\/li><\/ul>\n\n\n\n<p>fcbayern.com<\/p>\n","protected":false},"excerpt":{"rendered":"<p>Lewandowski,&nbsp;el segundo m\u00e1ximo goleador de la BL M\u00fcller con dos asistencias Tambi\u00e9n marcan Gnabry y&nbsp;Goretzka \u00a1El Bayern sigue&nbsp;en la carrera por el t\u00edtulo de la Bundesliga! El equipo del t\u00e9cnico Hansi Flick celebr\u00f3 una soberana victoria por 1-3&nbsp;(0-2) ante&nbsp;el Werder Bremen el s\u00e1bado por la tarde y reforz\u00f3 as\u00ed su ventaja en la clasificaci\u00f3n. Despu\u00e9s [&hellip;]<\/p>\n","protected":false},"author":1,"featured_media":0,"comment_status":"open","ping_status":"open","sticky":false,"template":"","format":"standard","meta":{"_acf_changed":false,"_jetpack_memberships_contains_paid_content":false,"footnotes":"","jetpack_publicize_message":"","jetpack_publicize_feature_enabled":true,"jetpack_social_post_already_shared":true,"jetpack_social_options":{"image_generator_settings":{"template":"highway","default_image_id":0,"font":"","enabled":false},"version":2}},"categories":[5],"tags":[],"class_list":["post-105356","post","type-post","status-publish","format-standard","hentry","category-futbol"],"acf":[],"jetpack_publicize_connections":[],"jetpack_featured_media_url":"","jetpack_sharing_enabled":true,"_links":{"self":[{"href":"https:\/\/sportseco.com\/index.php?rest_route=\/wp\/v2\/posts\/105356","targetHints":{"allow":["GET"]}}],"collection":[{"href":"https:\/\/sportseco.com\/index.php?rest_route=\/wp\/v2\/posts"}],"about":[{"href":"https:\/\/sportseco.com\/index.php?rest_route=\/wp\/v2\/types\/post"}],"author":[{"embeddable":true,"href":"https:\/\/sportseco.com\/index.php?rest_route=\/wp\/v2\/users\/1"}],"replies":[{"embeddable":true,"href":"https:\/\/sportseco.com\/index.php?rest_route=%2Fwp%2Fv2%2Fcomments&post=105356"}],"version-history":[{"count":1,"href":"https:\/\/sportseco.com\/index.php?rest_route=\/wp\/v2\/posts\/105356\/revisions"}],"predecessor-version":[{"id":105358,"href":"https:\/\/sportseco.com\/index.php?rest_route=\/wp\/v2\/posts\/105356\/revisions\/105358"}],"wp:attachment":[{"href":"https:\/\/sportseco.com\/index.php?rest_route=%2Fwp%2Fv2%2Fmedia&parent=105356"}],"wp:term":[{"taxonomy":"category","embeddable":true,"href":"https:\/\/sportseco.com\/index.php?rest_route=%2Fwp%2Fv2%2Fcategories&post=105356"},{"taxonomy":"post_tag","embeddable":true,"href":"https:\/\/sportseco.com\/index.php?rest_route=%2Fwp%2Fv2%2Ftags&post=105356"}],"curies":[{"name":"wp","href":"https:\/\/api.w.org\/{rel}","templated":true}]}}