{"id":105359,"date":"2021-03-13T14:44:30","date_gmt":"2021-03-13T19:44:30","guid":{"rendered":"https:\/\/sportseco.com\/?p=105359"},"modified":"2021-03-13T14:44:36","modified_gmt":"2021-03-13T19:44:36","slug":"victoria-con-doblete-de-benzema","status":"publish","type":"post","link":"https:\/\/sportseco.com\/?p=105359","title":{"rendered":"Victoria con doblete de Benzema"},"content":{"rendered":"\n<h3 class=\"wp-block-heading\">El Real Madrid remonta contra el Elche con dos goles del delantero franc\u00e9s, el segundo de ellos de espectacular volea con la zurda.<\/h3>\n\n\n\n<p>El&nbsp;<strong>Real Madrid<\/strong>&nbsp;sum\u00f3 los tres puntos contra el Elche en un partido que se decidi\u00f3 en el tiempo a\u00f1adido. Dani Calvo adelant\u00f3 al Elche en el 61\u2019, pero&nbsp;<strong>Benzema&nbsp;<\/strong>dio la vuelta al marcador con un remate de cabeza en el 73\u2019 y un espectacular zurdazo de volea en los \u00faltimos instantes. Los de&nbsp;<strong>Zidane<\/strong>, que encadenan ocho partidos sin perder (seis victorias), ya piensan en la vuelta de los octavos de final de la&nbsp;<strong>Champions League<\/strong>&nbsp;contra el Atalanta (martes, 21:00 h; Movistar Liga de Campeones).<br><br>El Madrid tuvo m\u00e1s el bal\u00f3n durante la primera mitad e&nbsp;<strong>Isco&nbsp;<\/strong>lo intent\u00f3 al filo de la media hora con un disparo desde la frontal que termin\u00f3 en las manos de Bad\u00eda. Mucho m\u00e1s peligro cre\u00f3 un contragolpe que inici\u00f3&nbsp;<strong>Valverde<\/strong>&nbsp;en el 34\u2019, continu\u00f3&nbsp;<strong>Vinicius Jr.<\/strong>&nbsp;y finaliz\u00f3&nbsp;<strong>Benzema<\/strong>&nbsp;con la zurda. Su remate no encontr\u00f3 porter\u00eda por poco. Las ocasiones siguieron siendo para los madridistas tras el paso por los vestuarios.&nbsp;<strong>Benzema<\/strong>, dentro del \u00e1rea, baj\u00f3 el bal\u00f3n y su disparo a bote pronto se estrell\u00f3 en el lateral de la red. Respondi\u00f3 el Elche con un remate de Carrillo en el \u00e1rea peque\u00f1a que oblig\u00f3 a lucirse a&nbsp;<strong>Courtois<\/strong>&nbsp;en el 58\u2019.<br>&nbsp;<\/p>\n\n\n\n<p>Tres minutos despu\u00e9s se adelant\u00f3 el Elche a bal\u00f3n parado con un remate de cabeza de Dani Calvo.\u00a0<strong>Zidane<\/strong>\u00a0dio entrada a\u00a0<strong>Rodrygo<\/strong>,\u00a0<strong>Kroos<\/strong>\u00a0y\u00a0<strong>Modri\u0107\u00a0<\/strong>en lugar de\u00a0<strong>Sergio Ramos<\/strong>, que reaparec\u00eda tras la lesi\u00f3n,\u00a0<strong>Isco<\/strong>\u00a0y\u00a0<strong>Valverde<\/strong>. Precisamente dos de los reci\u00e9n incorporados fueron protagonistas en la jugada del empate. El alem\u00e1n sac\u00f3 en corto un c\u00f3rner en el 73\u2019 para el croata, que centr\u00f3 con la zurda, y\u00a0<strong>Benzema<\/strong>, de cabeza, llev\u00f3 el bal\u00f3n a la red. Dos minutos m\u00e1s tarde,\u00a0<strong>Hazard\u00a0<\/strong>entr\u00f3 en lugar de Vinicius Jr.<br><br><strong>Golazo de Benzema<\/strong><br>El dominio local era ya asfixiante y\u00a0<strong>Casemiro<\/strong>\u00a0estuvo cerca de cristalizarlo en el marcador, pero su potente disparo desde la frontal no encontr\u00f3 porter\u00eda por cent\u00edmetros. El brasile\u00f1o volvi\u00f3 a ser protagonista cuatro minutos despu\u00e9s. Centr\u00f3\u00a0<strong>Nacho<\/strong>\u00a0y su testarazo se march\u00f3 elevado. El\u00a0<strong>Real Madrid\u00a0<\/strong>a\u00fan no hab\u00eda dicho su \u00faltima palabra. Su capacidad de lucha tuvo premio con un tanto de muy bella factura.\u00a0<strong>Benzema<\/strong>\u00a0combin\u00f3 en la frontal del \u00e1rea con\u00a0<strong>Rodrygo<\/strong>, que le devolvi\u00f3 el esf\u00e9rico con el pecho, y la espectacular volea del franc\u00e9s con la zurda supuso el gol de la victoria.<\/p>\n\n\n\n<p><\/p>\n\n\n\n<p>realmadrid.com<\/p>\n","protected":false},"excerpt":{"rendered":"<p>El Real Madrid remonta contra el Elche con dos goles del delantero franc\u00e9s, el segundo de ellos de espectacular volea con la zurda. El&nbsp;Real Madrid&nbsp;sum\u00f3 los tres puntos contra el Elche en un partido que se decidi\u00f3 en el tiempo a\u00f1adido. Dani Calvo adelant\u00f3 al Elche en el 61\u2019, pero&nbsp;Benzema&nbsp;dio la vuelta al marcador con [&hellip;]<\/p>\n","protected":false},"author":1,"featured_media":0,"comment_status":"open","ping_status":"open","sticky":false,"template":"","format":"standard","meta":{"_acf_changed":false,"_jetpack_memberships_contains_paid_content":false,"footnotes":"","jetpack_publicize_message":"","jetpack_publicize_feature_enabled":true,"jetpack_social_post_already_shared":true,"jetpack_social_options":{"image_generator_settings":{"template":"highway","default_image_id":0,"font":"","enabled":false},"version":2}},"categories":[5],"tags":[],"class_list":["post-105359","post","type-post","status-publish","format-standard","hentry","category-futbol"],"acf":[],"jetpack_publicize_connections":[],"jetpack_featured_media_url":"","jetpack_sharing_enabled":true,"_links":{"self":[{"href":"https:\/\/sportseco.com\/index.php?rest_route=\/wp\/v2\/posts\/105359","targetHints":{"allow":["GET"]}}],"collection":[{"href":"https:\/\/sportseco.com\/index.php?rest_route=\/wp\/v2\/posts"}],"about":[{"href":"https:\/\/sportseco.com\/index.php?rest_route=\/wp\/v2\/types\/post"}],"author":[{"embeddable":true,"href":"https:\/\/sportseco.com\/index.php?rest_route=\/wp\/v2\/users\/1"}],"replies":[{"embeddable":true,"href":"https:\/\/sportseco.com\/index.php?rest_route=%2Fwp%2Fv2%2Fcomments&post=105359"}],"version-history":[{"count":1,"href":"https:\/\/sportseco.com\/index.php?rest_route=\/wp\/v2\/posts\/105359\/revisions"}],"predecessor-version":[{"id":105361,"href":"https:\/\/sportseco.com\/index.php?rest_route=\/wp\/v2\/posts\/105359\/revisions\/105361"}],"wp:attachment":[{"href":"https:\/\/sportseco.com\/index.php?rest_route=%2Fwp%2Fv2%2Fmedia&parent=105359"}],"wp:term":[{"taxonomy":"category","embeddable":true,"href":"https:\/\/sportseco.com\/index.php?rest_route=%2Fwp%2Fv2%2Fcategories&post=105359"},{"taxonomy":"post_tag","embeddable":true,"href":"https:\/\/sportseco.com\/index.php?rest_route=%2Fwp%2Fv2%2Ftags&post=105359"}],"curies":[{"name":"wp","href":"https:\/\/api.w.org\/{rel}","templated":true}]}}