{"id":105486,"date":"2021-03-16T09:15:42","date_gmt":"2021-03-16T13:15:42","guid":{"rendered":"https:\/\/sportseco.com\/?p=105486"},"modified":"2021-03-16T09:15:48","modified_gmt":"2021-03-16T13:15:48","slug":"ibrahimovic-regresa-a-la-seleccion-a-sus-39-anos","status":"publish","type":"post","link":"https:\/\/sportseco.com\/?p=105486","title":{"rendered":"Ibrahimovic regresa a la selecci\u00f3n a sus 39 a\u00f1os"},"content":{"rendered":"\n<p>El goleador r\u00e9cord de Suecia, Zlatan Ibrahimovic, ha sido llamado a la selecci\u00f3n cinco a\u00f1os despu\u00e9s de anunciar su retiro.<\/p>\n\n\n\n<p>El jugador de 39 a\u00f1os anot\u00f3 62 goles en 116 partidos internacionales antes de retirarse tras la salida del equipo en la fase de grupos de la Eurocopa 2016.<\/p>\n\n\n\n<p>Abri\u00f3 la puerta a un regreso en una entrevista con un peri\u00f3dico en noviembre de 2020 y el entrenador de Suecia, Janne Andersson, vol\u00f3 a Mil\u00e1n para reunirse con el delantero.<\/p>\n\n\n\n<p>Ibrahimovic tiene 14 goles en 14 partidos de la Serie A con el AC Milan esta temporada.<\/p>\n\n\n\n<p>Ibrahimovic: c\u00f3mo el delantero del AC Milan est\u00e1 produciendo un renacimiento europeo<br>Suecia se enfrentar\u00e1 a Georgia el jueves 25 de marzo antes de jugar contra Kosovo tres d\u00edas despu\u00e9s en sus dos primeras eliminatorias para la Copa del Mundo de 2022.<\/p>\n\n\n\n<p>Zlatan ha respondido al anuncio sueco de su equipo con un tuit: \u00abEl regreso del Dios\u00bb.<\/p>\n\n\n\n<p>bbc.com<\/p>\n\n\n\n<figure class=\"wp-block-image size-large\"><img data-recalc-dims=\"1\" decoding=\"async\" src=\"https:\/\/i0.wp.com\/sportseco.com\/wp-content\/uploads\/2021\/03\/contentmedium.png?w=640&#038;ssl=1\" alt=\"\" class=\"wp-image-105487\"\/><\/figure>\n\n\n\n<p>Zlatan Ibrahimovi\u0107 \u00e4r tillbaka i det svenska landslaget \u2013 han togs ut under dagens presskonferens av f\u00f6rbundskapten Janne Andersson inf\u00f6r kommande matcher i VM-kvalet.<\/p>\n\n\n\n<p>Under dagen blev det \u00e4ntligen klart, det som det snackats om under en l\u00e4ngre tid. Zlatan Ibrahimovi\u0107, med 116 A-landskamper och 62 m\u00e5l, \u00e4r tillbaka i det svenska fotbollslandslaget.<\/p>\n\n\n\n<p>K\u00f6p landslagstr\u00f6jan fr\u00e5n adidas med Ibrahimovi\u0107 eller n\u00e5gon av dina andra favoritspelare i landslaget i den officiella Supportershopen. F\u00f6rutom matchtr\u00f6jor finns d\u00e4r alla souvenirer som man kan t\u00e4nkas beh\u00f6vas inf\u00f6r VM-kvalet och sommarens EM och OS-slutspel.<\/p>\n","protected":false},"excerpt":{"rendered":"<p>El goleador r\u00e9cord de Suecia, Zlatan Ibrahimovic, ha sido llamado a la selecci\u00f3n cinco a\u00f1os despu\u00e9s de anunciar su retiro. El jugador de 39 a\u00f1os anot\u00f3 62 goles en 116 partidos internacionales antes de retirarse tras la salida del equipo en la fase de grupos de la Eurocopa 2016. Abri\u00f3 la puerta a un regreso [&hellip;]<\/p>\n","protected":false},"author":1,"featured_media":0,"comment_status":"open","ping_status":"open","sticky":false,"template":"","format":"standard","meta":{"_acf_changed":false,"_jetpack_memberships_contains_paid_content":false,"footnotes":"","jetpack_publicize_message":"","jetpack_publicize_feature_enabled":true,"jetpack_social_post_already_shared":true,"jetpack_social_options":{"image_generator_settings":{"template":"highway","default_image_id":0,"font":"","enabled":false},"version":2}},"categories":[5],"tags":[],"class_list":["post-105486","post","type-post","status-publish","format-standard","hentry","category-futbol"],"acf":[],"jetpack_publicize_connections":[],"jetpack_featured_media_url":"","jetpack_sharing_enabled":true,"_links":{"self":[{"href":"https:\/\/sportseco.com\/index.php?rest_route=\/wp\/v2\/posts\/105486","targetHints":{"allow":["GET"]}}],"collection":[{"href":"https:\/\/sportseco.com\/index.php?rest_route=\/wp\/v2\/posts"}],"about":[{"href":"https:\/\/sportseco.com\/index.php?rest_route=\/wp\/v2\/types\/post"}],"author":[{"embeddable":true,"href":"https:\/\/sportseco.com\/index.php?rest_route=\/wp\/v2\/users\/1"}],"replies":[{"embeddable":true,"href":"https:\/\/sportseco.com\/index.php?rest_route=%2Fwp%2Fv2%2Fcomments&post=105486"}],"version-history":[{"count":1,"href":"https:\/\/sportseco.com\/index.php?rest_route=\/wp\/v2\/posts\/105486\/revisions"}],"predecessor-version":[{"id":105489,"href":"https:\/\/sportseco.com\/index.php?rest_route=\/wp\/v2\/posts\/105486\/revisions\/105489"}],"wp:attachment":[{"href":"https:\/\/sportseco.com\/index.php?rest_route=%2Fwp%2Fv2%2Fmedia&parent=105486"}],"wp:term":[{"taxonomy":"category","embeddable":true,"href":"https:\/\/sportseco.com\/index.php?rest_route=%2Fwp%2Fv2%2Fcategories&post=105486"},{"taxonomy":"post_tag","embeddable":true,"href":"https:\/\/sportseco.com\/index.php?rest_route=%2Fwp%2Fv2%2Ftags&post=105486"}],"curies":[{"name":"wp","href":"https:\/\/api.w.org\/{rel}","templated":true}]}}