{"id":105574,"date":"2021-03-17T20:23:27","date_gmt":"2021-03-18T00:23:27","guid":{"rendered":"https:\/\/sportseco.com\/?p=105574"},"modified":"2021-03-17T20:24:48","modified_gmt":"2021-03-18T00:24:48","slug":"joan-laporta-toma-posesion-de-su-cargo-con-el-apoyo-del-barcelonismo","status":"publish","type":"post","link":"https:\/\/sportseco.com\/?p=105574","title":{"rendered":"Joan Laporta toma posesi\u00f3n de su cargo con el apoyo del barcelonismo"},"content":{"rendered":"\n<p><strong>Joan Laporta i Estruch<\/strong>&nbsp;es oficialmente presidente del&nbsp;<strong>FC Barcelona<\/strong>&nbsp;desde este mi\u00e9rcoles 17 de marzo, cuando ha tomado posesi\u00f3n de su cargo en un acto sencillo pero emotivo, y envuelto de todo el barcelonismo. El l\u00edder de &#8216;Estimem el Bar\u00e7a&#8217; gobernar\u00e1 el Club por segunda vez, despu\u00e9s de&nbsp;<a href=\"https:\/\/www.fcbarcelona.es\/es\/ficha\/645290\/joan-laporta-i-estruch-2003-2010\" target=\"_blank\" rel=\"noreferrer noopener\">una primera etapa de siete a\u00f1os (2003-2010)<\/a>&nbsp;marcada, entre otros hechos, por grandes \u00e9xitos deportivos o la alianza con Unicef, y ahora afrontar\u00e1 los pr\u00f3ximos seis a\u00f1os de mandato con grandes retos por delante, deportivos, institucionales, sociales y patrimoniales, y especialmente econ\u00f3micos, dada la situaci\u00f3n delicada que atraviesa el Club y en un contexto de pandemia global.<\/p>\n\n\n\n<p>Una vez validado el aval de 124,6 millones de euros por parte de la Liga,&nbsp;<a href=\"https:\/\/www.fcbarcelona.es\/es\/ficha\/2070534\/joan-laporta-i-estruch-2021-\" target=\"_blank\" rel=\"noreferrer noopener\">Laporta<\/a>&nbsp;y los miembros de su candidatura que ganaron las elecciones por amplia mayor\u00eda, con el apoyo de 30.184 de los 55.611 socios que votaron, ya han podido tomar posesi\u00f3n despu\u00e9s del traspaso de poderes de&nbsp;<a href=\"https:\/\/www.fcbarcelona.es\/es\/ficha\/2070542\/comision-gestora-2020-21\" target=\"_blank\" rel=\"noreferrer noopener\">la Comisi\u00f3n Gestora presidida por Carles Tusquets<\/a>, en un acto protocolario que se ha celebrado en la Tribuna del Camp Nou.<a href=\"https:\/\/www.fcbarcelona.es\/es\/club\/organizacion-y-plan-estrategico\/estructura-ejecutiva\">La Junta Directiva del FC BarcelonaConsulta todos los miembros de la Junta liderada por el presidente Joan LaportaAQU\u00cd<\/a><\/p>\n\n\n\n<p>Al acto no han faltado los ex presidentes Josep Maria Bartomeu, Sandro Rosell, Joan Gaspart y Enric Reyna (Raimon Carrasco no ha asistido por motivos de salud), una representaci\u00f3n de los deportistas de los Clubes encabezada por los entrenadores y capitanes de los equipos profesionales, Ronald Koeman, Leo Messi, Gerard Piqu\u00e9 y Sergi Roberto (primer equipo de f\u00fatbol); Francisco Javier Garc\u00eda Pimienta, \u00c0lex Collado, Oriol Busquets y Jandro Orellana y el secretario t\u00e9cnico Jordi Roura (Bar\u00e7a B); Llu\u00eds Cort\u00e9s, Vicky Losada, Alexia Putellas, Marta Torrej\u00f3n y Sandra Pa\u00f1os (Bar\u00e7a Femenino); Saras Jasikevicius, Adam Hanga, Nikola Mirotic, Pierre Oriola y Nacho Rodr\u00edguez (baloncesto); Xavi Pascual, Raul Entrerr\u00edos, Gonzalo P\u00e9rez de Vargas, C\u00e9dric Sorhaindo y Ludovic F\u00e0bregas (balonmano); Edu Castro, Aitor Egurrola, Sergi Panadero (hockey patines) y Txus Lahoz y Sergio Lozano (f\u00fatbol sala). Igualmente han estado presentes los miembros del staff deportivo del Club, como el director de Relaciones Institucionales Guillermo Amor; el secretario t\u00e9cnico Ram\u00f3n Planes, o el responsable del f\u00fatbol base, Patrick Kluivert. El jugador del primer equipo Sergio Busquets no ha podido asistir por motivos personales.<\/p>\n\n\n\n<h2 class=\"wp-block-heading\">Pere Aragon\u00e8s y Laura Borr\u00e0s, presentes<\/h2>\n\n\n\n<p>La relevancia del Bar\u00e7a en la sociedad catalana y el pa\u00eds tambi\u00e9n se ha reflejado en la representaci\u00f3n institucional y las autoridades que han acompa\u00f1ado a Laporta en la toma de posesi\u00f3n, como el vicepresidente del Govern de la Generalitat, Pere Aragon\u00e8s, la presidenta del Parlamento, Laura Borr\u00e0s; la delegada del Govern, Teresa Cunillera; la Consejera de la Presidencia, Meritxell Bud\u00f3; el secretario general del Deporte, Gerard Figueras; o el concejal de Deportes, David Escud\u00e9 y el alcalde de Sant Joan Desp\u00ed, Antoni Poveda.<\/p>\n\n\n\n<p>Tambi\u00e9n han estado entre los invitados al acto los candidatos a las elecciones, V\u00edctor Font y Antoni Freixa, autoridades deportivas como el director adjunto de presidencia de la Liga, Carlos del Campo; representantes de las principales competiciones donde tienen presencia los equipos azulgranas; el presidente de la Confederaci\u00f3n de Pe\u00f1as, Antoni Guil; el presidente de la Agrupaci\u00f3n de Jugadores del FC Barcelona, \u200b\u200bRamon Alfonseda; el s\u00edndico del socio, Joan M. Trayter y el s\u00edndico de las Pe\u00f1as, Ramon Termens. Tambi\u00e9n los miembros de la Junta y la Mesa electoral y representantes de los principales patrocinadores del Club, Nike, Asistencia Sanitaria, Cupra, Caixabank, Beko y Damm.<\/p>\n\n\n\n<p>El acto ha comenzado con la emotiva interpretaci\u00f3n de la canci\u00f3n de Llu\u00eds Llach&nbsp;<em>Una nube blanca<\/em>&nbsp;a cargo de la cantante y pianista Gemma Humet para rendir homenaje a los socios, socias y sus familiares que han sufrido la Covid-19. A continuaci\u00f3n, la presentadora de Bar\u00e7a TV Judit Esteban ha dado paso a la proyecci\u00f3n de un v\u00eddeo sobre las reciente elecciones a la presidencia del Club, que se celebr\u00f3 el pasado 7 de marzo marcadas por la pandemia pero que tambi\u00e9n pasar\u00e1n a la historia por haber sido las segundas con mayor participaci\u00f3n, gracias tambi\u00e9n a la introducci\u00f3n por primera vez del voto por correo y de las sedes territoriales con colegios electorales en Girona, Lleida, Tarragona, Tortosa y Andorra.<\/p>\n\n\n\n<h2 class=\"wp-block-heading\">Agradecimientos de Carles Tusquets<\/h2>\n\n\n\n<p>A continuaci\u00f3n, el presidente de la Comisi\u00f3n Gestora, Carles Tusquets, se ha dirigido a los asistentes para anunciar la proclamaci\u00f3n de Joan Laporta como nuevo presidente del FC Barcelona, \u200b\u200bde acuerdo con lo dispuesto en el art\u00edculo 54\u00ba de los Estatutos, una vez ha formalizado la toma de posesi\u00f3n en la reuni\u00f3n extraordinaria que esta tarde han mantenido la Comisi\u00f3n Gestora y la nueva Junta Directiva. Tusquets, que asumi\u00f3 el cargo el 28 de octubre pasado, tras la dimisi\u00f3n de Josep Mar\u00eda Bartomeu y su junta, felicit\u00f3 \u00abal nuevo presidente ya la nueva Junta Directiva por su victoria electoral, y aprovecho para desearos \u00e9xitos y aciertos en la gesti\u00f3n del Club \u00ab. El presidente de la Gestora tambi\u00e9n felicit\u00f3 a los otros candidatos, V\u00edctor Font y Toni Freixa, \u00abpor su fair play, su colaboraci\u00f3n y por su ejemplo de barcelonismo\u00bb.<\/p>\n\n\n\n<p>En su discurso, Tusquets tambi\u00e9n ha tenido palabras de agradecimiento por sus compa\u00f1eros en la Gestora, \u00abque han trabajado duro\u00bb, y ha a\u00f1adido que \u00abpuedo asegurar que todo lo que ha hecho esta Junta Gestora ha estado pensando en el bien del club y, por tanto, pensando en facilitar al m\u00e1ximo la toma de decisiones a la nueva Junta Directiva. Tiene nuestro apoyo\u00bb.<\/p>\n\n\n\n<p>Tusquets tambi\u00e9n ha tenido agradecimientos por los empleados y ejecutivos del Club, tambi\u00e9n por \u00ablos deportistas profesionales, que entendieron la situaci\u00f3n econ\u00f3mica en la que se encontraba el Club\u00bb y los socios \u00abpor su participaci\u00f3n en las elecciones\u00bb. \u00abEstamos en el mismo barco -ha destacado-, por tanto tenemos que remar en la misma direcci\u00f3n. Ahora toca demostrar la uni\u00f3n del barcelonismo y porque el Bar\u00e7a es m\u00e1s que un Club\u00bb. Por \u00faltimo, el presidente de la Gestora ha puesto en valor \u00abel talento interno\u00bb que tiene el Club y tambi\u00e9n ha tenido palabras de reconocimiento para todos los equipos de los deportes profesionales y tambi\u00e9n de los deportes amateurs. \u00abNo s\u00e9 si somos conscientes que somos el club polideportivo m\u00e1s importante del mundo, por eso es m\u00e1s importante que nunca la uni\u00f3n de todo el barcelonismo\u00bb, ha concluido.<\/p>\n\n\n\n<p>A continuaci\u00f3n, se ha proyectado un v\u00eddeo que ha recogido los principales momentos de la primera etapa de Laporta como presidente del Bar\u00e7a, entre el 203 y el 2010, en la que el Club gan\u00f3 dos Champions (Par\u00eds 2006 y Roma 2009), entre otros t\u00edtulos, de la mano de un equipo dirigido por Pep Guardiola que fue considerado el mejor de todos los tiempos.<\/p>\n\n\n\n<p>Tras la lectura del acta de constituci\u00f3n de la Junta Directiva, el nuevo presidente, Joan Laporta, visiblemente feliz y emocionado, ha tomado la palabra para pronunciar su primer discurso como m\u00e1ximo gestor del Club hasta el verano del 2026 , que ha comenzado recordando una frase de Johan Cruyff: \u00abS\u00f3lo Dios sabe lo que ha costado llegar Hasta aqu\u00ed\u00bb, evocando \u00abmuchos a\u00f1os de vicisitudes y momentos vividos\u00bb, apelando a su esp\u00edritu \u00abpositivo y encarando esta nueva etapa con generosidad y valent\u00eda para afrontar el reto de hacerlo bien\u00bb.<a href=\"https:\/\/www.fcbarcelona.es\/es\/club\/noticias\/2070870\/laporta-espero-que-sea-una-etapa-esplendorosa-en-la-historia-del-barca\" target=\"_blank\" rel=\"noreferrer noopener\">AS\u00cd HA SIDO EL DISCURSO DE JOAN LAPORTA&nbsp;<\/a><\/p>\n\n\n\n<p>Por \u00faltimo, Laporta se ha hecho la fotograf\u00eda protocolaria con sus compa\u00f1eros de Junta Directiva que fueron escogidos en las \u00faltimas elecciones y los cuatro nuevos directivos que se han incorporado hoy. Finalmente, el la Junta Directiva quedar\u00e1 integrada por 19 miembros: adem\u00e1s del presidente Joan Laporta, la forman Rafael Yuste, Maria Elena Fort, Ferran Oliv\u00e9, Josep Maria Albert, Xavier Barbany, Miquel Camps, Alfons Castro, Josep Cubells, Antonio Escudero, Juli Guiu, Jordi Llaurad\u00f3, Josep Ignasi Maci\u00e0, Aureli Mas, Xavier Puig, \u00c0ngel Riudalb\u00e0s, Eduard Romeu, Joan Sol\u00e9 y Joan Soler.\u00a0<\/p>\n\n\n\n<p><\/p>\n\n\n\n<p>fcbarcelona.es<\/p>\n","protected":false},"excerpt":{"rendered":"<p>Joan Laporta i Estruch&nbsp;es oficialmente presidente del&nbsp;FC Barcelona&nbsp;desde este mi\u00e9rcoles 17 de marzo, cuando ha tomado posesi\u00f3n de su cargo en un acto sencillo pero emotivo, y envuelto de todo el barcelonismo. El l\u00edder de &#8216;Estimem el Bar\u00e7a&#8217; gobernar\u00e1 el Club por segunda vez, despu\u00e9s de&nbsp;una primera etapa de siete a\u00f1os (2003-2010)&nbsp;marcada, entre otros hechos, [&hellip;]<\/p>\n","protected":false},"author":1,"featured_media":0,"comment_status":"open","ping_status":"open","sticky":false,"template":"","format":"standard","meta":{"_acf_changed":false,"_jetpack_memberships_contains_paid_content":false,"footnotes":"","jetpack_publicize_message":"","jetpack_publicize_feature_enabled":true,"jetpack_social_post_already_shared":true,"jetpack_social_options":{"image_generator_settings":{"template":"highway","default_image_id":0,"font":"","enabled":false},"version":2}},"categories":[5],"tags":[],"class_list":["post-105574","post","type-post","status-publish","format-standard","hentry","category-futbol"],"acf":[],"jetpack_publicize_connections":[],"jetpack_featured_media_url":"","jetpack_sharing_enabled":true,"_links":{"self":[{"href":"https:\/\/sportseco.com\/index.php?rest_route=\/wp\/v2\/posts\/105574","targetHints":{"allow":["GET"]}}],"collection":[{"href":"https:\/\/sportseco.com\/index.php?rest_route=\/wp\/v2\/posts"}],"about":[{"href":"https:\/\/sportseco.com\/index.php?rest_route=\/wp\/v2\/types\/post"}],"author":[{"embeddable":true,"href":"https:\/\/sportseco.com\/index.php?rest_route=\/wp\/v2\/users\/1"}],"replies":[{"embeddable":true,"href":"https:\/\/sportseco.com\/index.php?rest_route=%2Fwp%2Fv2%2Fcomments&post=105574"}],"version-history":[{"count":2,"href":"https:\/\/sportseco.com\/index.php?rest_route=\/wp\/v2\/posts\/105574\/revisions"}],"predecessor-version":[{"id":105577,"href":"https:\/\/sportseco.com\/index.php?rest_route=\/wp\/v2\/posts\/105574\/revisions\/105577"}],"wp:attachment":[{"href":"https:\/\/sportseco.com\/index.php?rest_route=%2Fwp%2Fv2%2Fmedia&parent=105574"}],"wp:term":[{"taxonomy":"category","embeddable":true,"href":"https:\/\/sportseco.com\/index.php?rest_route=%2Fwp%2Fv2%2Fcategories&post=105574"},{"taxonomy":"post_tag","embeddable":true,"href":"https:\/\/sportseco.com\/index.php?rest_route=%2Fwp%2Fv2%2Ftags&post=105574"}],"curies":[{"name":"wp","href":"https:\/\/api.w.org\/{rel}","templated":true}]}}