{"id":105656,"date":"2021-03-19T09:56:44","date_gmt":"2021-03-19T13:56:44","guid":{"rendered":"https:\/\/sportseco.com\/?p=105656"},"modified":"2021-03-19T09:56:49","modified_gmt":"2021-03-19T13:56:49","slug":"juan-sebastian-cabal-y-robert-farah-celebran-el-pase-a-la-segunda-final-de-2021","status":"publish","type":"post","link":"https:\/\/sportseco.com\/?p=105656","title":{"rendered":"Juan Sebasti\u00e1n Cabal y Robert Farah celebran el pase a la segunda final de 2021"},"content":{"rendered":"\n<p>Los colombianos jugar\u00e1n en Dub\u00e1i su 37\u00aa final juntos<\/p>\n\n\n\n<p>Es casi imposible separar el apellido Cabal del de Farah. Cuando se nombra a uno, inmediatamente viene a la cabeza el del otro. Desde que empezaron a jugar juntos en el ATP Tour en 2010 han acumulado un total de 37 finales juntos y este s\u00e1bado en el Dub\u00e1i Duty Free Tennis Championships tendr\u00e1n la oportunidad de sumar un t\u00edtulo m\u00e1s a los 16 que ya comparten en su palmar\u00e9s.<\/p>\n\n\n\n<p>Por el camino, Juan Sebasti\u00e1n Cabal y Robert Farah han alcanzado la cima del FedEx Ranking ATP de dobles como No. 1 del mundo, tambi\u00e9n han levantado dos coronas de Grand Slam en Wimbledon 2019 y el US Open 2019. Los colombianos han logrado confirmarse como una de las grandes parejas del circuito. Pero nada de eso ser\u00eda posible si no hubieran forjado cimientos tan firmes como los que sustentas sus carreras.Tambi\u00e9n Podr\u00eda Interesarle:&nbsp;<a href=\"https:\/\/www.atptour.com\/es\/news\/cabal-farah-2018-perfil-feature\">El Destino No Los Pudo Separar<\/a><\/p>\n\n\n\n<p>En cada torneo, en la grada animan cuatro incondicionales: Juliana V\u00e1squez, esposa de Cabal; Jacobo y Juan Mart\u00edn, sus hijos; as\u00ed como Bel\u00e9n Mozo, la esposa de Farah. Todos conforman el equipo Cabal\/Farah. \u201cA nosotros nos cambia, no cien por cien sino mil por mil, estar con nuestras familias, con nuestras esposas y, en mi caso, con mis hijos\u201d, reconoce Cabal a ATPTour.com.<\/p>\n\n\n\n<p>No obstante, este viernes el papel de su fiel grupo de animaci\u00f3n fue fundamental para ayudarles a estar en su segunda final de 2021 (Dub\u00e1i y Great Ocean Road Open). \u201cEs otro ambiente estar de burbuja en burbuja cada semana sin poder salir, sin poder hacer nada. Es agotador. Desde el a\u00f1o pasado que empezamos a jugar esta es nuestra semana y me siento fresco, me siento feliz, porque en los torneos en los que no estaban ellos me sent\u00eda agobiado. Me da una alegr\u00eda enorme tenerlos aqu\u00ed y creo que eso se refleja en la cancha\u201d.https:\/\/platform.twitter.com\/embed\/Tweet.html?creatorScreenName=atpworldtour&amp;dnt=false&amp;embedId=twitter-widget-0&amp;frame=false&amp;hideCard=false&amp;hideThread=false&amp;id=1372879713581080581&amp;lang=en&amp;origin=https%3A%2F%2Fwww.atptour.com%2Fes%2Fnews%2Fdubai-2021-viernes-familia-cabal-farah&amp;theme=light&amp;widgetsVersion=e1ffbdb%3A1614796141937&amp;width=550px<\/p>\n\n\n\n<p>Cabal y Farah no han dudado en compartir diferentes momentos en redes sociales con los peque\u00f1os de la casa, que demuestra una habilidad natural para empu\u00f1ar la raqueta. Pero, \u00bfqu\u00e9 opina su padre? \u201cSi me siguen en redes ya sabr\u00e1n que es un enfermo por el tenis y por el deporte. Le encanta tambi\u00e9n el f\u00fatbol, el tenis, estar conmigo en los torneos y divertirse\u201d, responde orgulloso.<\/p>\n\n\n\n<p>\u201cObviamente me encantar\u00eda que siguiera el mundo del deporte, sea cual sea, y lo apoyo en lo que mejor pueda. Pero es su vida, tendr\u00e1 sus decisiones y tiene que hacer lo que le gusta y apasiona\u201d, a\u00f1ade sobre su hijo mayor Jacobo. \u201cTiene cuatro a\u00f1os. No s\u00e9 si es consciente de qui\u00e9n es su pap\u00e1, qu\u00e9 hace, en el sentido de lo que hemos logrado, pero sabe que vamos a los torneos, que hay trofeos, que ganamos o perdemos y le encanta la competencia. Sabe cu\u00e1ndo decir \u2018vamos\u2019, entiende muy bien el juego\u201d.<\/p>\n\n\n\n<p>La buena sinton\u00eda explica el gran momento que atraviesan los colombianos, aunque el peque\u00f1o de la casa a\u00fan no sea consciente del todo de qu\u00e9 representa Roger Federer. \u201cNo creo que entienda que tengamos a Federer o a Rublev al lado y qui\u00e9nes son ellos, sino que los ve como personas normales con las que se divierte, que juega con ellos o que son amigos de pap\u00e1. Para m\u00ed es una alegr\u00eda enorme poder compartir esto con \u00e9l\u201d.<br><br>Este s\u00e1bado, qui\u00e9n sabe, si el peque\u00f1o Jacobo podr\u00e1 levantar un nuevo trofeo junto a sus h\u00e9roes pap\u00e1 Cabal y &#8216;t\u00edo&#8217; Farah.<\/p>\n\n\n\n<p><\/p>\n\n\n\n<p>atptour.com<\/p>\n","protected":false},"excerpt":{"rendered":"<p>Los colombianos jugar\u00e1n en Dub\u00e1i su 37\u00aa final juntos Es casi imposible separar el apellido Cabal del de Farah. Cuando se nombra a uno, inmediatamente viene a la cabeza el del otro. Desde que empezaron a jugar juntos en el ATP Tour en 2010 han acumulado un total de 37 finales juntos y este s\u00e1bado [&hellip;]<\/p>\n","protected":false},"author":1,"featured_media":0,"comment_status":"open","ping_status":"open","sticky":false,"template":"","format":"standard","meta":{"_acf_changed":false,"_jetpack_memberships_contains_paid_content":false,"footnotes":"","jetpack_publicize_message":"","jetpack_publicize_feature_enabled":true,"jetpack_social_post_already_shared":true,"jetpack_social_options":{"image_generator_settings":{"template":"highway","default_image_id":0,"font":"","enabled":false},"version":2}},"categories":[13],"tags":[],"class_list":["post-105656","post","type-post","status-publish","format-standard","hentry","category-tenis"],"acf":[],"jetpack_publicize_connections":[],"jetpack_featured_media_url":"","jetpack_sharing_enabled":true,"_links":{"self":[{"href":"https:\/\/sportseco.com\/index.php?rest_route=\/wp\/v2\/posts\/105656","targetHints":{"allow":["GET"]}}],"collection":[{"href":"https:\/\/sportseco.com\/index.php?rest_route=\/wp\/v2\/posts"}],"about":[{"href":"https:\/\/sportseco.com\/index.php?rest_route=\/wp\/v2\/types\/post"}],"author":[{"embeddable":true,"href":"https:\/\/sportseco.com\/index.php?rest_route=\/wp\/v2\/users\/1"}],"replies":[{"embeddable":true,"href":"https:\/\/sportseco.com\/index.php?rest_route=%2Fwp%2Fv2%2Fcomments&post=105656"}],"version-history":[{"count":1,"href":"https:\/\/sportseco.com\/index.php?rest_route=\/wp\/v2\/posts\/105656\/revisions"}],"predecessor-version":[{"id":105658,"href":"https:\/\/sportseco.com\/index.php?rest_route=\/wp\/v2\/posts\/105656\/revisions\/105658"}],"wp:attachment":[{"href":"https:\/\/sportseco.com\/index.php?rest_route=%2Fwp%2Fv2%2Fmedia&parent=105656"}],"wp:term":[{"taxonomy":"category","embeddable":true,"href":"https:\/\/sportseco.com\/index.php?rest_route=%2Fwp%2Fv2%2Fcategories&post=105656"},{"taxonomy":"post_tag","embeddable":true,"href":"https:\/\/sportseco.com\/index.php?rest_route=%2Fwp%2Fv2%2Ftags&post=105656"}],"curies":[{"name":"wp","href":"https:\/\/api.w.org\/{rel}","templated":true}]}}