{"id":105699,"date":"2021-03-20T09:04:34","date_gmt":"2021-03-20T13:04:34","guid":{"rendered":"https:\/\/sportseco.com\/?p=105699"},"modified":"2021-03-20T09:04:40","modified_gmt":"2021-03-20T13:04:40","slug":"el-cambio-climatico-se-siente-con-fuerza-en-cali","status":"publish","type":"post","link":"https:\/\/sportseco.com\/?p=105699","title":{"rendered":"El cambio clim\u00e1tico se siente con fuerza en Cali"},"content":{"rendered":"\n<p>DEL ALCALDE DE CALI JORGE IVAN OSPINA<\/p>\n\n\n\n<p>\u00abHemos tenido una tempestad con ca\u00edda de \u00e1rboles, vallas y techos, fuertes precipitaciones con r\u00e1fagas de gran velocidad, afortunadamente heridos muy leves ( 3 ). Todo nuestro dispositivo estuvo en terreno. Y todav\u00eda algunos niegan la crisis ambiental.\u00bb<\/p>\n\n\n\n<figure class=\"wp-block-image size-large\"><img data-recalc-dims=\"1\" decoding=\"async\" src=\"https:\/\/i0.wp.com\/sportseco.com\/wp-content\/uploads\/2021\/03\/162852749_1657545251096592_6775484301311681056_o.jpg?w=640&#038;ssl=1\" alt=\"\" class=\"wp-image-105700\"\/><\/figure>\n\n\n\n<figure class=\"wp-block-image size-large\"><img data-recalc-dims=\"1\" height=\"640\" width=\"640\" decoding=\"async\" src=\"https:\/\/i0.wp.com\/sportseco.com\/wp-content\/uploads\/2021\/03\/162765947_1657545311096586_7827031757150739361_o-1030x1030.jpg?resize=640%2C640&#038;ssl=1\" alt=\"\" class=\"wp-image-105702\"\/><\/figure>\n\n\n\n<figure class=\"wp-block-image size-large\"><img data-recalc-dims=\"1\" height=\"1030\" width=\"579\" decoding=\"async\" src=\"https:\/\/i0.wp.com\/sportseco.com\/wp-content\/uploads\/2021\/03\/162885172_1657545291096588_8242808788721677610_o-579x1030.jpg?resize=579%2C1030&#038;ssl=1\" alt=\"\" class=\"wp-image-105703\"\/><\/figure>\n\n\n\n<p>El cabo Marco Antonio G\u00f3mez Monta\u00f1o, coordinador del Centro de Operaciones y Telem\u00e1tica de Bomberos Cali, dice que por ahora tienen reportes de 30 \u00e1rboles ca\u00eddos, varios barrios inundados y fallas en circuitos el\u00e9ctricos.<\/p>\n\n\n\n<p>\u201cTenemos como novedad la ca\u00edda de un rayo en el norte de la ciudad, en el barrio Juanamb\u00fa, dejando afectado el sistema de energ\u00eda de la zona. Hay una ca\u00edda en el barrio Sucre de un techo y una pared en la cual tenemos lesionadas tres personas que fueron remitidas a un centro asistencial. Tambi\u00e9n fuimos informados de la ca\u00edda de una valla publicitaria en la Autopista Suroriental con calle 13\u201d, precisa el operario de Bomberos.<\/p>\n\n\n\n<p>con informaci\u00f3n de, eltiempo.com<\/p>\n","protected":false},"excerpt":{"rendered":"<p>DEL ALCALDE DE CALI JORGE IVAN OSPINA \u00abHemos tenido una tempestad con ca\u00edda de \u00e1rboles, vallas y techos, fuertes precipitaciones con r\u00e1fagas de gran velocidad, afortunadamente heridos muy leves ( 3 ). Todo nuestro dispositivo estuvo en terreno. Y todav\u00eda algunos niegan la crisis ambiental.\u00bb El cabo Marco Antonio G\u00f3mez Monta\u00f1o, coordinador del Centro de [&hellip;]<\/p>\n","protected":false},"author":1,"featured_media":0,"comment_status":"open","ping_status":"open","sticky":false,"template":"","format":"standard","meta":{"_acf_changed":false,"_jetpack_memberships_contains_paid_content":false,"footnotes":"","jetpack_publicize_message":"","jetpack_publicize_feature_enabled":true,"jetpack_social_post_already_shared":true,"jetpack_social_options":{"image_generator_settings":{"template":"highway","default_image_id":0,"font":"","enabled":false},"version":2}},"categories":[6],"tags":[],"class_list":["post-105699","post","type-post","status-publish","format-standard","hentry","category-ecologia"],"acf":[],"jetpack_publicize_connections":[],"jetpack_featured_media_url":"","jetpack_sharing_enabled":true,"_links":{"self":[{"href":"https:\/\/sportseco.com\/index.php?rest_route=\/wp\/v2\/posts\/105699","targetHints":{"allow":["GET"]}}],"collection":[{"href":"https:\/\/sportseco.com\/index.php?rest_route=\/wp\/v2\/posts"}],"about":[{"href":"https:\/\/sportseco.com\/index.php?rest_route=\/wp\/v2\/types\/post"}],"author":[{"embeddable":true,"href":"https:\/\/sportseco.com\/index.php?rest_route=\/wp\/v2\/users\/1"}],"replies":[{"embeddable":true,"href":"https:\/\/sportseco.com\/index.php?rest_route=%2Fwp%2Fv2%2Fcomments&post=105699"}],"version-history":[{"count":1,"href":"https:\/\/sportseco.com\/index.php?rest_route=\/wp\/v2\/posts\/105699\/revisions"}],"predecessor-version":[{"id":105704,"href":"https:\/\/sportseco.com\/index.php?rest_route=\/wp\/v2\/posts\/105699\/revisions\/105704"}],"wp:attachment":[{"href":"https:\/\/sportseco.com\/index.php?rest_route=%2Fwp%2Fv2%2Fmedia&parent=105699"}],"wp:term":[{"taxonomy":"category","embeddable":true,"href":"https:\/\/sportseco.com\/index.php?rest_route=%2Fwp%2Fv2%2Fcategories&post=105699"},{"taxonomy":"post_tag","embeddable":true,"href":"https:\/\/sportseco.com\/index.php?rest_route=%2Fwp%2Fv2%2Ftags&post=105699"}],"curies":[{"name":"wp","href":"https:\/\/api.w.org\/{rel}","templated":true}]}}