{"id":105711,"date":"2021-03-20T11:03:07","date_gmt":"2021-03-20T15:03:07","guid":{"rendered":"https:\/\/sportseco.com\/?p=105711"},"modified":"2021-03-20T11:03:09","modified_gmt":"2021-03-20T15:03:09","slug":"50-millones-de-dolares-para-la-iniciativa-sacudete","status":"publish","type":"post","link":"https:\/\/sportseco.com\/?p=105711","title":{"rendered":"50 millones de d\u00f3lares para la iniciativa Sac\u00fadete"},"content":{"rendered":"\n<ul class=\"wp-block-list\"><li><em>l cr\u00e9dito del BID se entregar\u00e1 para apoyar la iniciativa Sac\u00fadete, liderada por la Primera Dama de la Naci\u00f3n, Mar\u00eda Juliana Ruiz.<\/em><\/li><li><em>La meta del Gobierno Nacional es impactar a 400.000 j\u00f3venes para 2022.<\/em><\/li><li><em>Para Jeffrey Sachs, economista de la Organizaci\u00f3n de Naciones Unidas, esta estrategia apunta al cumplimiento de los Objetivos de Desarrollo Sostenible.<\/em><\/li><\/ul>\n\n\n\n<p><strong>Barranquilla, 19 de marzo de 2021.-&nbsp;<\/strong>El Banco Interamericano de Desarrollo (BID) facilit\u00f3 50 millones de d\u00f3lares en calidad de pr\u00e9stamo a la Naci\u00f3n con el fin de fortalecer la iniciativa Sac\u00fadete, que tiene como objetivo acompa\u00f1ar el desarrollo y fortalecimiento de las habilidades del siglo XXI en los j\u00f3venes de Colombia. Con estos recursos la meta es impactar a 400.000 j\u00f3venes para 2022 mediante los espacios dispuestos por el programa.&nbsp;<\/p>\n\n\n\n<p>Previo a la firma simb\u00f3lica del desembolso, Mauricio Claver-Carone, Presidente del BID, resalt\u00f3 la importancia de los j\u00f3venes para construir el presente y futuro de las comunidades que los rodean.<\/p>\n\n\n\n<p>\u201cEstamos apoyando recursos, ideas nuevas, experiencias y generando conexiones dentro y fuera del pa\u00eds con agentes de cambio, con actores privados, contribuyendo a esta gran apuesta que Colombia est\u00e1 haciendo por su juventud y su futuro\u201d, complement\u00f3 Claver-Carone.<\/p>\n\n\n\n<p>As\u00ed mismo, el presidente del BID se\u00f1al\u00f3 que este proyecto est\u00e1 desarrollando una pol\u00edtica modelo para los j\u00f3venes de la regi\u00f3n y afirm\u00f3 que va a ser un referente y un modelo para Am\u00e9rica Latina y el Caribe, en aras de una mejor educaci\u00f3n, empleabilidad y fomento al esp\u00edritu emprendedor de esta poblaci\u00f3n.<\/p>\n\n\n\n<p>A su turno, la primera dama, Mar\u00eda Juliana Ruiz, quien lidera la gestaci\u00f3n de esta propuesta, manifest\u00f3 que \u201cgracias al aporte t\u00e9cnico, al acompa\u00f1amiento y a la visi\u00f3n y proyecci\u00f3n de una pol\u00edtica de Estado que nos ha forjado el trabajo que venimos realizando con el BID, Sac\u00fadete es una realidad que efectivamente ha impactado a los 32 departamentos y que ha tocado a m\u00e1s de 150.000 j\u00f3venes, detonando sus capacidades y habilidades para definir sus proyectos de vida con el conocimiento\u201d.<\/p>\n\n\n\n<p>En representaci\u00f3n de los 10,6 millones de j\u00f3venes que hay en Colombia, Leyder Torres, Tatiana Carre\u00f1o, Laura Salguero y C\u00e9sar Arroyo, beneficiarios y embajadores del programa, recibieron un prendedor como muestra de compromiso del gobierno nacional con este grupo.<\/p>\n\n\n\n<p>De hecho, el presidente Iv\u00e1n Duque indic\u00f3 que luego de confirmarse el pr\u00e9stamo que se recibir\u00e1 de manos del BID, se quiere que desde el punto de vista normativo e institucional, Sac\u00fadete se convierta en una pol\u00edtica de Estado que se proyecte para las pr\u00f3ximas d\u00e9cadas.<\/p>\n\n\n\n<p>Durante el evento tambi\u00e9n hubo espacio para que los beneficiarios del programa contar\u00e1n su experiencia y fue all\u00ed cuando Leyder Torres, joven de 23 a\u00f1os habitante de Buenaventura, apunt\u00f3 que \u201chay circunstancias duras pero eso no nos quita las ganas de seguir creciendo\u201d y detall\u00f3 que hoy en d\u00eda es fot\u00f3grafo en el Instituto Colombiano de Bienestar Familiar, con lo que ha tenido la posibilidad de viajar por diversas ciudades del pa\u00eds.<\/p>\n\n\n\n<p>Por \u00faltimo, el importante economista de la Organizaci\u00f3n de Naciones Unidas, Jeffrey Sachs, subray\u00f3 el papel de Colombia en la creaci\u00f3n de los Objetivos de Desarrollo Sostenible (ODS) al ser el primer pa\u00eds en proponer fines comunes para un mundo mejor en 2030.<\/p>\n\n\n\n<p>En este sentido, Sachs recalc\u00f3 que \u201cen los ODS, el n\u00famero cuatro es educaci\u00f3n para todos. Es el objetivo m\u00e1s importante de todos, porque por medio de la educaci\u00f3n resolveremos todos los dem\u00e1s problemas\u201d, dijo en referencia a Sac\u00fadete, que est\u00e1 en la vanguardia para impulsar la consecuci\u00f3n no solo del cuarto objetivo sino del total de metas que se trazaron para dentro de nueve a\u00f1os.<\/p>\n\n\n\n<p>En el evento tambi\u00e9n estuvieron presentes las entidades que lideran el programa, en cabeza de Lina Arbel\u00e1ez, directora del Instituto Colombiano de Bienestar Familiar; Juan Sebasti\u00e1n Arango, consejero presidencial para la Juventud y Miguel Ceballos, alto comisionado para la Paz.<\/p>\n\n\n\n<p>asambleabid2021.com<\/p>\n","protected":false},"excerpt":{"rendered":"<p>l cr\u00e9dito del BID se entregar\u00e1 para apoyar la iniciativa Sac\u00fadete, liderada por la Primera Dama de la Naci\u00f3n, Mar\u00eda Juliana Ruiz. La meta del Gobierno Nacional es impactar a 400.000 j\u00f3venes para 2022. Para Jeffrey Sachs, economista de la Organizaci\u00f3n de Naciones Unidas, esta estrategia apunta al cumplimiento de los Objetivos de Desarrollo Sostenible. [&hellip;]<\/p>\n","protected":false},"author":1,"featured_media":0,"comment_status":"open","ping_status":"open","sticky":false,"template":"","format":"standard","meta":{"_acf_changed":false,"_jetpack_memberships_contains_paid_content":false,"footnotes":"","jetpack_publicize_message":"","jetpack_publicize_feature_enabled":true,"jetpack_social_post_already_shared":true,"jetpack_social_options":{"image_generator_settings":{"template":"highway","default_image_id":0,"font":"","enabled":false},"version":2}},"categories":[6],"tags":[],"class_list":["post-105711","post","type-post","status-publish","format-standard","hentry","category-ecologia"],"acf":[],"jetpack_publicize_connections":[],"jetpack_featured_media_url":"","jetpack_sharing_enabled":true,"_links":{"self":[{"href":"https:\/\/sportseco.com\/index.php?rest_route=\/wp\/v2\/posts\/105711","targetHints":{"allow":["GET"]}}],"collection":[{"href":"https:\/\/sportseco.com\/index.php?rest_route=\/wp\/v2\/posts"}],"about":[{"href":"https:\/\/sportseco.com\/index.php?rest_route=\/wp\/v2\/types\/post"}],"author":[{"embeddable":true,"href":"https:\/\/sportseco.com\/index.php?rest_route=\/wp\/v2\/users\/1"}],"replies":[{"embeddable":true,"href":"https:\/\/sportseco.com\/index.php?rest_route=%2Fwp%2Fv2%2Fcomments&post=105711"}],"version-history":[{"count":1,"href":"https:\/\/sportseco.com\/index.php?rest_route=\/wp\/v2\/posts\/105711\/revisions"}],"predecessor-version":[{"id":105713,"href":"https:\/\/sportseco.com\/index.php?rest_route=\/wp\/v2\/posts\/105711\/revisions\/105713"}],"wp:attachment":[{"href":"https:\/\/sportseco.com\/index.php?rest_route=%2Fwp%2Fv2%2Fmedia&parent=105711"}],"wp:term":[{"taxonomy":"category","embeddable":true,"href":"https:\/\/sportseco.com\/index.php?rest_route=%2Fwp%2Fv2%2Fcategories&post=105711"},{"taxonomy":"post_tag","embeddable":true,"href":"https:\/\/sportseco.com\/index.php?rest_route=%2Fwp%2Fv2%2Ftags&post=105711"}],"curies":[{"name":"wp","href":"https:\/\/api.w.org\/{rel}","templated":true}]}}