{"id":105714,"date":"2021-03-20T13:04:50","date_gmt":"2021-03-20T17:04:50","guid":{"rendered":"https:\/\/sportseco.com\/?p=105714"},"modified":"2021-03-20T13:04:56","modified_gmt":"2021-03-20T17:04:56","slug":"bayern-munich-en-inferioridad-numerica-y-nueva-marca-de-lewandowski-aumenta-su-ventaja","status":"publish","type":"post","link":"https:\/\/sportseco.com\/?p=105714","title":{"rendered":"Bayern Munich en inferioridad num\u00e9rica y nueva marca de Lewandowski aumenta su ventaja"},"content":{"rendered":"\n<ul class=\"wp-block-list\"><li><strong>4 puntos de ventaja en lo m\u00e1s alto de la clasificaci\u00f3n<\/strong><\/li><li><strong>Lewandowski logra una nueva marca personal<\/strong><\/li><li><strong>Un a\u00f1o&nbsp;\u00abRot gegen Rassismus\u00bb<\/strong><\/li><\/ul>\n\n\n\n<p>\u00a1Locura! \u00a1Este equipo tiene una personalidad&nbsp;incre\u00edble!&nbsp;El FC Bayern tuvo que jugar casi 80 minutos contra el VfB Stuttgart en inferioridad num\u00e9rica, pero aun as\u00ed gan\u00f3 por 4-0 gracias a una gran actuaci\u00f3n. De este modo, el FCB sigue liderando la tabla de clasificaci\u00f3n&nbsp;tras la vig\u00e9simo sexta jornada de la Bundesliga y mantiene la&nbsp;ventaja de cuatro puntos sobre el RB Leipzig. Precisamente, el conjunto saj\u00f3n ser\u00e1&nbsp;el pr\u00f3ximo rival del vigente campe\u00f3n&nbsp;tras la pausa internacional (s\u00e1bado 3 de abril).<\/p>\n\n\n\n<h2 class=\"wp-block-heading\">Af\u00e1n de goles con un hombre menos<\/h2>\n\n\n\n<figure class=\"wp-block-image\"><img data-recalc-dims=\"1\" decoding=\"async\" src=\"https:\/\/i0.wp.com\/img.fcbayern.com\/image\/upload\/t_cms-16x9\/f_auto\/w_1366%2Ch_768%2Cc_fill\/v1616255692\/cms\/public\/images\/fcbayern-com\/homepage\/saison-20-21\/galerien\/spiele\/FCB-VfB\/13_FCBVfB_210320_IMA.jpg?w=640&#038;ssl=1\" alt=\"\"\/><\/figure>\n\n\n\n<p>Alphonso Davies fue expulsado en el minuto 12 por una falta, pero los locales no se dejaron intimidar en el Allianz Arena y se lanzaron al ataque. Robert Lewandowski marc\u00f3 un triplete (18&#8242;, 23&#8242;, 39&#8242;) y Serge Gnabry hizo el 4-0 antes del descanso. Pocos equipos juegan as\u00ed cuando est\u00e1n en inferioridad num\u00e9rica. Tras el descanso, los visitantes se volvieron m\u00e1s atrevidos, pero el Bayern sigui\u00f3 teniendo la situaci\u00f3n&nbsp;bajo control, incluso podr\u00eda haber aumentado el marcador a\u00fan llev\u00e1ndose una merecida victoria.<\/p>\n\n\n\n<p><em>Hemos resumido las escenas m\u00e1s importantes del partido para usted:<\/em><\/p>\n\n\n\n<h2 class=\"wp-block-heading\">Un a\u00f1o \u00abRot gegen Rassismus\u00bb:&nbsp;El FCB da ejemplo<\/h2>\n\n\n\n<figure class=\"wp-block-image\"><img data-recalc-dims=\"1\" decoding=\"async\" src=\"https:\/\/i0.wp.com\/img.fcbayern.com\/image\/upload\/t_cms-16x9\/f_auto\/w_1366%2Ch_768%2Cc_fill\/v1616255193\/cms\/public\/images\/fcbayern-com\/homepage\/saison-20-21\/galerien\/spiele\/FCB-VfB\/24_FCBVfB_210320_DON.jpg?w=640&#038;ssl=1\" alt=\"\"\/><\/figure>\n\n\n\n<p>Manuel Neuer, recuperado, volvi\u00f3 a la porter\u00eda del Bayern mientras que Joshua Kimmich tuvo que perderse el partido contra el VfB por un resfriado. Adem\u00e1s, el portero del FCB llevaba un brazalete especial de capit\u00e1n. La iniciativa \u00abRot gegen Rassismus\u201d estuvo presente en el partido en casa contra el Stuttgart con motivo de su primer aniversario: entre otras cosas, a trav\u00e9s de mensajes en los banderines de c\u00f3rner, brazaletes de capit\u00e1n, pancartas en la grada y conexiones con socios. Los jugadores del FCB tambi\u00e9n lucieron el lema \u00abRot gegen Rassismus \u00bb en sus camisetas durante el calentamiento.<\/p>\n\n\n\n<h2 class=\"wp-block-heading\">Minuto 12 &#8211; Davies&nbsp;expulsado<\/h2>\n\n\n\n<figure class=\"wp-block-image\"><img data-recalc-dims=\"1\" decoding=\"async\" src=\"https:\/\/i0.wp.com\/img.fcbayern.com\/image\/upload\/t_cms-16x9\/f_auto\/w_1366%2Ch_768%2Cc_fill\/v1616254084\/cms\/public\/images\/fcbayern-com\/homepage\/saison-20-21\/galerien\/spiele\/FCB-VfB\/05_FCBVfB_210320_IMA.jpg?w=640&#038;ssl=1\" alt=\"\"\/><\/figure>\n\n\n\n<p>El plan de partido del Bayern se vio r\u00e1pidamente alterado cuando Davies vio la tarjeta roja en el minuto 12. El canadiense se pas\u00f3 de frenada en el duelo y se llev\u00f3 la amarilla. Sin embargo, despu\u00e9s de revisar el VAR, el \u00e1rbitro Daniel Schlager corrigi\u00f3 su decisi\u00f3n y expuls\u00f3 al lateral canadiense. El VfB aprovech\u00f3 el breve desorden y Sa\u0161a Kalajd\u017ei\u0107 se acerc\u00f3 de forma peligrosa con un remate de cabeza a bocajarro, pero Neuer apareci\u00f3 para realizar una gran parada.<\/p>\n\n\n\n<h2 class=\"wp-block-heading\"><strong>Minuto 18 &#8211; Lewandowski pone ventaja con uno menos<\/strong><\/h2>\n\n\n\n<figure class=\"wp-block-image\"><img data-recalc-dims=\"1\" decoding=\"async\" src=\"https:\/\/i0.wp.com\/img.fcbayern.com\/image\/upload\/t_cms-16x9\/f_auto\/w_1366%2Ch_768%2Cc_fill\/v1616256157\/cms\/public\/images\/fcbayern-com\/homepage\/saison-20-21\/galerien\/spiele\/FCB-VfB\/08_FCBVfB_210320_DON.jpg?w=640&#038;ssl=1\" alt=\"\"\/><\/figure>\n\n\n\n<p>Por el momento, fue la \u00fanica incertidumbre del Bayern, que reaccion\u00f3 de inmediato para recuperarse y sigui\u00f3 buscando el primer gol, que no tard\u00f3 en llegar. Gnabry centr\u00f3 con fuerza al centro del \u00e1rea desde el costado izquierdo del ataque b\u00e1varo, donde encontr\u00f3 a Lewandowski llegando en carrera y empujando el bal\u00f3n al fondo de la red para hacer el 1-0. Fue su gol n\u00famero 269 en la Bundesliga, superando a Klaus Fischer en la lista de goleadores hist\u00f3rcios para ocupar el segundo puesto. Solo la leyenda del FCB, Gerd M\u00fcller, ha marcado m\u00e1s tantos que el polaco (365).<\/p>\n\n\n\n<h2 class=\"wp-block-heading\">Minuto 22: Gnabry completa una combinaci\u00f3n de ensue\u00f1o para el 2-0<\/h2>\n\n\n\n<figure class=\"wp-block-image\"><img data-recalc-dims=\"1\" decoding=\"async\" src=\"https:\/\/i0.wp.com\/img.fcbayern.com\/image\/upload\/t_cms-16x9\/f_auto\/w_1366%2Ch_768%2Cc_fill\/v1616254154\/cms\/public\/images\/fcbayern-com\/homepage\/saison-20-21\/galerien\/spiele\/FCB-VfB\/11_FCBVfB_210320_DON.jpg?w=640&#038;ssl=1\" alt=\"\"\/><\/figure>\n\n\n\n<p>\u00a1\u00a1\u00a1Qu\u00e9 gol!!! Thomas M\u00fcller recibi\u00f3 el bal\u00f3n en la frontal del \u00e1rea, pero en lugar de disparar, se lo pas\u00f3 a Leroy San\u00e9. De hecho, \u00e9ste tambi\u00e9n ten\u00eda una buena posici\u00f3n de remate, pero ten\u00eda el ojo puesto en Gnabry, mejor posicionado en el punto de penalti. El futbolista nacido en Stuttgart complet\u00f3 la gran jugada de equipo para anotar el 2-0.<\/p>\n\n\n\n<h2 class=\"wp-block-heading\">Minuto 23 &#8211; El FCB imparable: Lewandowski hace el 3-0 de cabeza<\/h2>\n\n\n\n<figure class=\"wp-block-image\"><img data-recalc-dims=\"1\" decoding=\"async\" src=\"https:\/\/i0.wp.com\/img.fcbayern.com\/image\/upload\/t_cms-16x9\/f_auto\/w_1366%2Ch_768%2Cc_fill\/v1616254183\/cms\/public\/images\/fcbayern-com\/homepage\/saison-20-21\/galerien\/spiele\/FCB-VfB\/14_FCBVfB_210320_GET.jpg?w=640&#038;ssl=1\" alt=\"\"\/><\/figure>\n\n\n\n<p>\u00bfQu\u00e9 est\u00e1 pasando? El Bayern, en inferioridad num\u00e9rica, sigue desenfrenado. Poco despu\u00e9s de la reanudaci\u00f3n, el equipo muniqu\u00e9s recuper\u00f3 el bal\u00f3n y busc\u00f3 el \u00e1rea rival r\u00e1pidamente. M\u00fcller centr\u00f3 perfectamente desde la derecha a la cabeza de Lewandowski y el polaco aprovech\u00f3 el espacio en el \u00e1rea de penalti para poner el 3-0 y lograr su 34\u00ba gol de la temporada, los mismos que el pasado curso despu\u00e9s de 34 jornadas.<\/p>\n\n\n\n<h2 class=\"wp-block-heading\">Minuto 39 &#8211; Lewandowski marca por 35\u00aa ocasi\u00f3n<\/h2>\n\n\n\n<figure class=\"wp-block-image\"><img data-recalc-dims=\"1\" decoding=\"async\" src=\"https:\/\/i0.wp.com\/img.fcbayern.com\/image\/upload\/t_cms-16x9\/f_auto\/w_1366%2Ch_768%2Cc_fill\/v1616254203\/cms\/public\/images\/fcbayern-com\/homepage\/saison-20-21\/galerien\/spiele\/FCB-VfB\/19_FCBVfB_210320_DON.jpg?w=640&#038;ssl=1\" alt=\"\"\/><\/figure>\n\n\n\n<p>La estrella mundial no tard\u00f3 en superar su anterior marca personal por un gol, anotando por 35\u00aa vez esta temporada. Tras un r\u00e1pido contragolpe, Lewandowski aprovech\u00f3 un rebote en el borde del \u00e1rea y resolvi\u00f3 con seguridad para poner el 4-0 en el marcador.<\/p>\n\n\n\n<h2 class=\"wp-block-heading\">Minuto 63 &#8211; Lewandowski tambi\u00e9n falla<\/h2>\n\n\n\n<figure class=\"wp-block-image\"><img data-recalc-dims=\"1\" decoding=\"async\" src=\"https:\/\/i0.wp.com\/img.fcbayern.com\/image\/upload\/t_cms-16x9\/f_auto\/w_1366%2Ch_768%2Cc_fill\/v1616256518\/cms\/public\/images\/fcbayern-com\/homepage\/saison-20-21\/galerien\/spiele\/FCB-VfB\/27_FCBVfB_210320_GET.jpg?w=640&#038;ssl=1\" alt=\"\"\/><\/figure>\n\n\n\n<p>El Stuttgart se mostr\u00f3 m\u00e1s activo, pero el FCB sigui\u00f3 teniendo las mejores ocasiones. San\u00e9 vio la carrera de Benjamin Pavard a la perfecci\u00f3n, el franc\u00e9s ten\u00eda toda la banda para \u00e9l y asisti\u00f3 a Lewandowski, que estaba libre en el medio. Sin embargo, el m\u00e1ximo goleador no acert\u00f3 a golpear el bal\u00f3n y fall\u00f3 el que pudo ser su cuarto gol de la tarde.<\/p>\n\n\n\n<h2 class=\"wp-block-heading\">El Bayern sigue mirando hacia adelante y no deja nada al azar<\/h2>\n\n\n\n<figure class=\"wp-block-image\"><img data-recalc-dims=\"1\" decoding=\"async\" src=\"https:\/\/i0.wp.com\/img.fcbayern.com\/image\/upload\/t_cms-16x9\/f_auto\/w_1366%2Ch_768%2Cc_fill\/v1616256794\/cms\/public\/images\/fcbayern-com\/homepage\/saison-20-21\/galerien\/spiele\/FCB-VfB\/26_FCBVfB_210320_GET.jpg?w=640&#038;ssl=1\" alt=\"\"\/><\/figure>\n\n\n\n<p>El Bayern dispuso de las mejores ocasiones y mostr\u00f3 un gran f\u00fatbol combinativo. Especialmente, M\u00fcller y San\u00e9 causaron problemas a la defensa del VfB una y otra vez. El bal\u00f3n no quiso volver a entrar en la red, pero no hubo dudas sobre la merecida victoria.<\/p>\n\n\n\n<p><\/p>\n\n\n\n<p>fcbayern.com<\/p>\n","protected":false},"excerpt":{"rendered":"<p>4 puntos de ventaja en lo m\u00e1s alto de la clasificaci\u00f3n Lewandowski logra una nueva marca personal Un a\u00f1o&nbsp;\u00abRot gegen Rassismus\u00bb \u00a1Locura! \u00a1Este equipo tiene una personalidad&nbsp;incre\u00edble!&nbsp;El FC Bayern tuvo que jugar casi 80 minutos contra el VfB Stuttgart en inferioridad num\u00e9rica, pero aun as\u00ed gan\u00f3 por 4-0 gracias a una gran actuaci\u00f3n. De este [&hellip;]<\/p>\n","protected":false},"author":1,"featured_media":0,"comment_status":"open","ping_status":"open","sticky":false,"template":"","format":"standard","meta":{"_acf_changed":false,"_jetpack_memberships_contains_paid_content":false,"footnotes":"","jetpack_publicize_message":"","jetpack_publicize_feature_enabled":true,"jetpack_social_post_already_shared":true,"jetpack_social_options":{"image_generator_settings":{"template":"highway","default_image_id":0,"font":"","enabled":false},"version":2}},"categories":[5],"tags":[],"class_list":["post-105714","post","type-post","status-publish","format-standard","hentry","category-futbol"],"acf":[],"jetpack_publicize_connections":[],"jetpack_featured_media_url":"","jetpack_sharing_enabled":true,"_links":{"self":[{"href":"https:\/\/sportseco.com\/index.php?rest_route=\/wp\/v2\/posts\/105714","targetHints":{"allow":["GET"]}}],"collection":[{"href":"https:\/\/sportseco.com\/index.php?rest_route=\/wp\/v2\/posts"}],"about":[{"href":"https:\/\/sportseco.com\/index.php?rest_route=\/wp\/v2\/types\/post"}],"author":[{"embeddable":true,"href":"https:\/\/sportseco.com\/index.php?rest_route=\/wp\/v2\/users\/1"}],"replies":[{"embeddable":true,"href":"https:\/\/sportseco.com\/index.php?rest_route=%2Fwp%2Fv2%2Fcomments&post=105714"}],"version-history":[{"count":1,"href":"https:\/\/sportseco.com\/index.php?rest_route=\/wp\/v2\/posts\/105714\/revisions"}],"predecessor-version":[{"id":105716,"href":"https:\/\/sportseco.com\/index.php?rest_route=\/wp\/v2\/posts\/105714\/revisions\/105716"}],"wp:attachment":[{"href":"https:\/\/sportseco.com\/index.php?rest_route=%2Fwp%2Fv2%2Fmedia&parent=105714"}],"wp:term":[{"taxonomy":"category","embeddable":true,"href":"https:\/\/sportseco.com\/index.php?rest_route=%2Fwp%2Fv2%2Fcategories&post=105714"},{"taxonomy":"post_tag","embeddable":true,"href":"https:\/\/sportseco.com\/index.php?rest_route=%2Fwp%2Fv2%2Ftags&post=105714"}],"curies":[{"name":"wp","href":"https:\/\/api.w.org\/{rel}","templated":true}]}}