{"id":105738,"date":"2021-03-20T20:10:08","date_gmt":"2021-03-21T00:10:08","guid":{"rendered":"https:\/\/sportseco.com\/?p=105738"},"modified":"2021-03-20T20:10:14","modified_gmt":"2021-03-21T00:10:14","slug":"ni-el-clima-ni-la-temperatura-detienen-al-covid-19-las-decisiones-politicas-si","status":"publish","type":"post","link":"https:\/\/sportseco.com\/?p=105738","title":{"rendered":"Ni el clima ni la temperatura detienen al COVID-19, las decisiones pol\u00edticas s\u00ed"},"content":{"rendered":"\n<p>La agencia de la ONU que examina el clima mundial advierte que el inicio de la primavera no debe ser una excusa para relajar las medidas de prevenci\u00f3n contra el coronavirus. Las medidas como el uso de la m\u00e1scara, las restricciones en los viajes y las cuarentenas son eficaces mientras que los factores meteorol\u00f3gicos, incluida la calidad del aire, no impiden la propagaci\u00f3n del virus.<\/p>\n\n\n\n<p>Las condiciones meteorol\u00f3gicas y clim\u00e1ticas, incluido el inicio de temperaturas m\u00e1s altas en la primavera del hemisferio norte, no deben usarse como un pretexto para relajar las medidas de salud p\u00fablica para detener la propagaci\u00f3n del virus SARS-CoV-2, asegura un informe* de la&nbsp;<a href=\"https:\/\/www.wmo.int\/pages\/index_es.html\">Organizaci\u00f3n Meteorol\u00f3gica Mundial<\/a>&nbsp;sobre los factores meteorol\u00f3gicos y de la calidad del aire que afectan a la pandemia de COVID-19.<\/p>\n\n\n\n<p>\u00abEn esta etapa, el conocimiento (cient\u00edfico) no respalda el uso de factores meteorol\u00f3gicos y de calidad del aire como base para que los gobiernos relajen sus intervenciones destinadas a reducir la transmisi\u00f3n\u00bb, seg\u00fan el copresidente del equipo de trabajo que llev\u00f3 a cabo la investigaci\u00f3n, el doctor Ben Zaitchik, del Departamento de Ciencias de la Tierra y Planetarias en la Universidad estadounidense de Johns Hopkins.<\/p>\n\n\n\n<p>\u00ab<strong>Vimos oleadas de infecciones que aumentaron en las estaciones c\u00e1lidas<\/strong>&nbsp;y en las regiones c\u00e1lidas durante el primer a\u00f1o de la pandemia, y no hay evidencia de que esto no pueda volver a suceder el pr\u00f3ximo a\u00f1o\u00bb, agreg\u00f3.<\/p>\n\n\n\n<p>La din\u00e1mica de transmisi\u00f3n de COVID-19 en 2020 y principios de 2021 parece haber sido influenciada principalmente por intervenciones gubernamentales como mandatos de m\u00e1scaras y restricciones de viaje en lugar de factores meteorol\u00f3gicos, seg\u00fan el panel de 16 miembros de expertos en ciencias terrestres y m\u00e9dicas y salud p\u00fablica.<\/p>\n\n\n\n<p>Otros impulsores relevantes incluyen cambios en el comportamiento humano y la demograf\u00eda de las poblaciones afectadas y, m\u00e1s recientemente, mutaciones de virus.<img data-recalc-dims=\"1\" decoding=\"async\" src=\"https:\/\/i0.wp.com\/global.unitednations.entermediadb.net\/assets\/mediadb\/services\/module\/asset\/downloads\/preset\/Libraries\/Production%2BLibrary\/17-12-2019-Ebola-Iceberg-SDGs.jpg\/image1024x768.jpg?w=640&#038;ssl=1\"  >ONUComposici\u00f3n fotogr\u00e1fica: Un trabajador m\u00e9dico es desinfectado despu\u00e9s de tratar a pacientes de una enfermedad infecciosa; el lago de glaciares de J\u00f6kuls\u00e1rl\u00f3n; iconos de los 17 Objetivos de Desarrollo Sostenible de la ONU:<\/p>\n\n\n\n<h2 class=\"wp-block-heading\">Estacionalidad de la gripe y otras infecciones<\/h2>\n\n\n\n<p>El informe analiza el papel potencial de la estacionalidad.&nbsp;<strong>Las infecciones virales respiratorias con frecuencia muestran alg\u00fan tipo de estacionalidad<\/strong>, en particular el pico de oto\u00f1o-invierno para la influenza y los coronavirus que causan el resfriado en climas templados. Esto ha alimentado las expectativas de que, si persiste durante muchos a\u00f1os, el COVID-19 resultar\u00e1 ser una enfermedad fuertemente estacional.<\/p>\n\n\n\n<p>\u201cLos mecanismos subyacentes que impulsan&nbsp;<strong>la estacionalidad de las infecciones virales respiratorias a\u00fan no se comprenden bien<\/strong>. Una combinaci\u00f3n de impactos directos en la supervivencia del virus, impactos en la resistencia humana a la infecci\u00f3n y la influencia indirecta del clima y la estaci\u00f3n a trav\u00e9s de cambios en el comportamiento humano puede estar en juego\u201d, dice el informe.<\/p>\n\n\n\n<p>\u201cLos estudios de laboratorio del SARS-CoV-2, el virus que causa el COVID-19, han arrojado algunas pruebas de que&nbsp;<strong>el virus sobrevive m\u00e1s tiempo en condiciones fr\u00edas, secas y de baja radiaci\u00f3n ultravioleta<\/strong>\u201d.<\/p>\n\n\n\n<p>Sin embargo, estos estudios a\u00fan no han indicado si las influencias meteorol\u00f3gicas directas sobre el virus&nbsp;<strong>tienen una influencia significativa en las tasas de transmisi\u00f3n en condiciones del mundo real<\/strong>\u201d, seg\u00fan el documento.<img data-recalc-dims=\"1\" decoding=\"async\" src=\"https:\/\/i0.wp.com\/global.unitednations.entermediadb.net\/assets\/mediadb\/services\/module\/asset\/downloads\/preset\/Collections\/Embargoed\/24-07-2020-UNHCR_Bolivia.jpg\/image1024x768.jpg?w=640&#038;ssl=1\"  >\u00a9 UNHCR\/William WroblewskiUna escuela m\u00f3vil visita un campamento de migrantes y refugiados venezolanos en La Paz, Bolivia.<\/p>\n\n\n\n<h2 class=\"wp-block-heading\">La mala calidad del aire aumenta las muertes, pero no la transmisi\u00f3n<\/h2>\n\n\n\n<p>La evidencia sobre la influencia de los factores de la calidad del aire a\u00fan no es concluyente. Existe alguna evidencia preliminar de que la mala calidad del aire aumenta las tasas de mortalidad por COVID-19, pero no que la contaminaci\u00f3n afecte directamente la transmisi\u00f3n a\u00e9rea del SARS-CoV-2, el virus que causa el COVID-19, seg\u00fan el Equipo de Trabajo.<\/p>\n\n\n\n<p><strong>El informe se centra en la meteorolog\u00eda&nbsp;<\/strong>y las condiciones de la calidad del aire y no aborda los detalles de la circulaci\u00f3n del aire en \u00e1reas interiores.<\/p>\n\n\n\n<p>El Equipo de Trabajo interdisciplinario e internacional fue establecido por la Junta de Investigaci\u00f3n de la Organizaci\u00f3n Meteorol\u00f3gica Mundial con el fin de proporcionar un resumen r\u00e1pido del estado de los conocimientos sobre las posibles influencias meteorol\u00f3gicas y de la calidad del aire en la din\u00e1mica del COVID-19, dado el asombroso n\u00famero de documentos y preimpresos disponibles en la actualidad.<\/p>\n\n\n\n<p>\u201cEl r\u00e1pido ritmo de la investigaci\u00f3n de COVID-19 ha significado que los estudios con datos limitados aparecieran m\u00e1s r\u00e1pido de lo que la informaci\u00f3n podr\u00eda ser cotejada y revisada por pares. Pronto qued\u00f3 claro que las pruebas comunicadas eran a menudo contradictorias o selectivas debido a deficiencias metodol\u00f3gicas y relacionadas con los datos. Por tanto, el Equipo de Trabajo busca fomentar las buenas pr\u00e1cticas en la investigaci\u00f3n y las comunicaciones\u201d, dice el Prof. Juerg Luterbacher, director de Ciencia e Innovaci\u00f3n y Cient\u00edfico Jefe de la agencia de la ONU.<\/p>\n\n\n\n<p>El trabajo futuro del Equipo de Trabajo&nbsp;<strong>incluir\u00e1 la actualizaci\u00f3n de la evidencia cient\u00edfica durante los pr\u00f3ximos mese<\/strong>s, la identificaci\u00f3n y promoci\u00f3n de un conjunto estructurado de preguntas de investigaci\u00f3n prioritarias, objetivos y prioridades para la inversi\u00f3n en investigaci\u00f3n en las \u00e1reas de las pandemias: clima, clima y nexo de calidad del aire.<\/p>\n\n\n\n<p>Los investigadores tambi\u00e9n asesorar\u00e1n e informar\u00e1n sobre buenas pr\u00e1cticas y est\u00e1ndares m\u00ednimos para los m\u00e9todos del modelado integrado de enfermedades infecciosas considerando los determinantes ambientales.<\/p>\n\n\n\n<p>La agencia de la ONU considera igual de importante mantener&nbsp;<strong>una comunicaci\u00f3n clara y activa entre los investigadores, los medios de comunicaci\u00f3n y los tomadores de decisiones<\/strong>&nbsp;para garantizar que los hallazgos cient\u00edficos se apliquen a las pol\u00edticas de una manera apropiada, objetiva, transparente y responsable.<\/p>\n\n\n\n<p><em>*El informe del Equipo de Trabajo proporciona un resumen de los hallazgos clave publicados antes de la primera semana de enero de 2021. Por lo tanto, no incluye literatura revisada por pares sobre la influencia de los factores meteorol\u00f3gicos y de calidad del aire en la transmisi\u00f3n de las nuevas cepas del virus COVID-19. o en la gravedad de las infecciones causadas por estas nuevas cepas.<\/em><\/p>\n\n\n\n<p><\/p>\n\n\n\n<p>news.un.org<\/p>\n","protected":false},"excerpt":{"rendered":"<p>La agencia de la ONU que examina el clima mundial advierte que el inicio de la primavera no debe ser una excusa para relajar las medidas de prevenci\u00f3n contra el coronavirus. Las medidas como el uso de la m\u00e1scara, las restricciones en los viajes y las cuarentenas son eficaces mientras que los factores meteorol\u00f3gicos, incluida [&hellip;]<\/p>\n","protected":false},"author":1,"featured_media":0,"comment_status":"open","ping_status":"open","sticky":false,"template":"","format":"standard","meta":{"_acf_changed":false,"_jetpack_memberships_contains_paid_content":false,"footnotes":"","jetpack_publicize_message":"","jetpack_publicize_feature_enabled":true,"jetpack_social_post_already_shared":true,"jetpack_social_options":{"image_generator_settings":{"template":"highway","default_image_id":0,"font":"","enabled":false},"version":2}},"categories":[6],"tags":[],"class_list":["post-105738","post","type-post","status-publish","format-standard","hentry","category-ecologia"],"acf":[],"jetpack_publicize_connections":[],"jetpack_featured_media_url":"","jetpack_sharing_enabled":true,"_links":{"self":[{"href":"https:\/\/sportseco.com\/index.php?rest_route=\/wp\/v2\/posts\/105738","targetHints":{"allow":["GET"]}}],"collection":[{"href":"https:\/\/sportseco.com\/index.php?rest_route=\/wp\/v2\/posts"}],"about":[{"href":"https:\/\/sportseco.com\/index.php?rest_route=\/wp\/v2\/types\/post"}],"author":[{"embeddable":true,"href":"https:\/\/sportseco.com\/index.php?rest_route=\/wp\/v2\/users\/1"}],"replies":[{"embeddable":true,"href":"https:\/\/sportseco.com\/index.php?rest_route=%2Fwp%2Fv2%2Fcomments&post=105738"}],"version-history":[{"count":1,"href":"https:\/\/sportseco.com\/index.php?rest_route=\/wp\/v2\/posts\/105738\/revisions"}],"predecessor-version":[{"id":105740,"href":"https:\/\/sportseco.com\/index.php?rest_route=\/wp\/v2\/posts\/105738\/revisions\/105740"}],"wp:attachment":[{"href":"https:\/\/sportseco.com\/index.php?rest_route=%2Fwp%2Fv2%2Fmedia&parent=105738"}],"wp:term":[{"taxonomy":"category","embeddable":true,"href":"https:\/\/sportseco.com\/index.php?rest_route=%2Fwp%2Fv2%2Fcategories&post=105738"},{"taxonomy":"post_tag","embeddable":true,"href":"https:\/\/sportseco.com\/index.php?rest_route=%2Fwp%2Fv2%2Ftags&post=105738"}],"curies":[{"name":"wp","href":"https:\/\/api.w.org\/{rel}","templated":true}]}}