{"id":105747,"date":"2021-03-21T08:40:07","date_gmt":"2021-03-21T12:40:07","guid":{"rendered":"https:\/\/sportseco.com\/?p=105747"},"modified":"2021-03-21T08:40:10","modified_gmt":"2021-03-21T12:40:10","slug":"dia-internacional-de-la-eliminacion-de-la-discriminacion-racial-21-de-marzo-2","status":"publish","type":"post","link":"https:\/\/sportseco.com\/?p=105747","title":{"rendered":"D\u00eda Internacional de la Eliminaci\u00f3n de la Discriminaci\u00f3n Racial 21 de marzo"},"content":{"rendered":"\n<h2 class=\"wp-block-heading\">La juventud se posiciona contra el racismo<\/h2>\n\n\n\n<p>El tema de este 2021 es \u00abLa juventud se alza contra el racismo\u00bb. Involucra al p\u00fablico a trav\u00e9s del lema&nbsp;<strong>#LuchemosContraElRacismo&nbsp;<\/strong>(#FightRacism), que tiene como objetivo fomentar una cultura mundial de tolerancia, igualdad y antidiscriminaci\u00f3n. Es tambi\u00e9n un llamamiento para que todos y cada uno de nosotros nos levantemos contra los prejuicios raciales y las actitudes intolerantes.<\/p>\n\n\n\n<p>En 2020, la juventud mostr\u00f3 su apoyo masivo en las marchas de&nbsp;<em>Black Lives Matter<\/em>, que atrajeron a millones de manifestantes en todo el mundo. En las calles, oleadas de j\u00f3venes \u2014en su mayor\u00eda adolescentes y veintea\u00f1eros\u2014 se unieron para protestar contra la injusticia racial. En las redes sociales, movilizaron a la participaci\u00f3n, llamando a sus colegas a manifestarse p\u00fablicamente y a defender la igualdad de derechos.<\/p>\n\n\n\n<p>Su activismo se hizo m\u00e1s palpable en el contexto de la pandemia por COVID-19, que provoc\u00f3 restricciones de las reuniones p\u00fablicas en muchos pa\u00edses. Cuando el virus comenz\u00f3 a propagarse a principios de 2020, se desat\u00f3 una pandemia paralela de odio, violencia y miedo contra ciertas etnias y nacionalidades. Se hizo evidente que las graves desigualdades, a veces arraigadas en el racismo, pon\u00eda a las minor\u00edas en un mayor riesgo de infecci\u00f3n y muerte.<\/p>\n\n\n\n<p>La pandemia por COVID-19 ha tenido un gran impacto en la juventud, incluidos los j\u00f3venes que pertenecen a los grupos minoritarios. Muchos de ellos se ven afectados por un&nbsp;<strong>aumento de la discriminaci\u00f3n racial<\/strong>, por la interrupci\u00f3n de su&nbsp;<strong>educaci\u00f3n<\/strong>, o tienen menos perspectivas de&nbsp;<strong>empleo&nbsp;<\/strong>y una limitada capacidad para participar en la vida p\u00fablica, lo que obstaculiza su&nbsp;<strong>empoderamiento&nbsp;<\/strong>individual y social.<\/p>\n\n\n\n<h3 class=\"wp-block-heading\">Antecedentes<\/h3>\n\n\n\n<p>El D\u00eda Internacional de la Eliminaci\u00f3n de la Discriminaci\u00f3n Racial se celebra el 21 de marzo de cada a\u00f1o. Ese d\u00eda, en 1960, la polic\u00eda abri\u00f3 fuego y mat\u00f3 a 69 personas en una manifestaci\u00f3n pac\u00edfica contra la ley&nbsp;de pases del apartheid que se practicaba&nbsp;en Sharpeville, Sud\u00e1frica. Al proclamar el D\u00eda en 1966, la Asamblea General inst\u00f3 a la comunidad internacional a redoblar sus esfuerzos para eliminar todas las formas de discriminaci\u00f3n racial (<a href=\"https:\/\/undocs.org\/es\/A\/RES\/2142(XXI)\">resoluci\u00f3n 2142 (XXI<\/a>).<\/p>\n\n\n\n<p>En 1979, la Asamblea General aprob\u00f3 un programa de actividades que se realizar\u00edan durante la segunda mitad del Decenio de la Lucha contra el Racismo y la Discriminaci\u00f3n Racial (<a href=\"https:\/\/undocs.org\/es\/A\/RES\/34\/24\">A\/RES\/34\/24<\/a>). En esa ocasi\u00f3n, la Asamblea General decidi\u00f3 que&nbsp; todos los a\u00f1os, en todos los Estados, a partir del 21 de marzo, se organizase una semana de solidaridad con los pueblos que luchan contra el racismo y la discriminaci\u00f3n racial.<\/p>\n\n\n\n<p>Desde entonces, el sistema del apartheid en Sud\u00e1frica se ha desmantelado. Leyes y pr\u00e1cticas racistas se han suprimido en muchos pa\u00edses, y hemos construido un marco internacional para luchar contra el racismo, guiado por la&nbsp;<a href=\"https:\/\/www.ohchr.org\/SP\/ProfessionalInterest\/Pages\/CERD.aspx\">Convenci\u00f3n Internacional sobre la Eliminaci\u00f3n de todas las Formas de Discriminaci\u00f3n Racial<\/a>. La Convenci\u00f3n est\u00e1 ahora a punto de ratificarse a nivel universal y, a\u00fan as\u00ed, en todas las regiones, muchos individuos, comunidades y sociedades sufren de la injusticia que el racismo y el estigma traen consigo.<\/p>\n\n\n\n<h3 class=\"wp-block-heading\">Principio de la igualdad<\/h3>\n\n\n\n<p>La Asamblea General de las Naciones Unidas reitera que todos los seres humanos nacen libres e iguales en dignidad y derechos y tienen la capacidad de contribuir de manera constructiva al desarrollo y bienestar de la sociedad. En su&nbsp;<a href=\"https:\/\/undocs.org\/es\/a\/res\/74\/137\">resoluci\u00f3n m\u00e1s reciente<\/a>, la Asamblea General tambi\u00e9n enfatiz\u00f3 que todas las doctrinas de superioridad racial son cient\u00edficamente falsas, moralmente condenables, socialmente injustas y peligrosas y deben rechazarse, al igual que las teor\u00edas con que se pretende determinar la existencia de razas humanas separadas.<\/p>\n\n\n\n<p>Desde su fundaci\u00f3n, las Naciones Unidas han mostrado su inter\u00e9s por esta cuesti\u00f3n, por lo que la prohibici\u00f3n de la discriminaci\u00f3n racial ha quedado consagrada en todos los instrumentos internacionales b\u00e1sicos de derechos humanos. Esos instrumentos imponen a los Estados obligaciones y tareas destinadas a erradicar la discriminaci\u00f3n en las esferas p\u00fablica y privada. El principio de igualdad exige tambi\u00e9n a los Estados que adopten medidas especiales para eliminar las condiciones que causan o propician la perpetuaci\u00f3n de la discriminaci\u00f3n racial.<\/p>\n\n\n\n<h3 class=\"wp-block-heading\">Reuniones y eventos principales de las Naciones Unidas<\/h3>\n\n\n\n<p>En septiembre de 2021, la&nbsp;<a href=\"http:\/\/www.un.org\/es\/ga\/\">Asamblea General<\/a>&nbsp;de las Naciones Unidas reunir\u00e1 a los dirigentes mundiales en una reuni\u00f3n de un d\u00eda en Nueva York para conmemorar el&nbsp;<a href=\"http:\/\/www.un.org\/en\/ga\/durbanmeeting2011\/pdf\/DDPA_full_text.pdf\">vig\u00e9simo aniversario de la aprobaci\u00f3n de la Declaraci\u00f3n y el Programa de Acci\u00f3n de Durban<\/a>&nbsp;en relaci\u00f3n con el tema de \u00abReparaciones, justicia racial e igualdad para los afrodescendientes.\u00bb<\/p>\n\n\n\n<p>En 2001, la Conferencia Mundial contra el Racismo elabor\u00f3 el programa m\u00e1s amplio y firme de lucha contra el racismo, la discriminaci\u00f3n racial, la xenofobia y la intolerancia: la&nbsp;<a href=\"https:\/\/undocs.org\/es\/A\/CONF.189\/12\">Declaraci\u00f3n y el Programa de Acci\u00f3n de Durban<\/a>. En abril de 2009, la&nbsp;<a href=\"https:\/\/www.un.org\/es\/durbanreview2009\/index.shtml\">Conferencia de Examen de Durban<\/a>&nbsp;revis\u00f3 los adelantos mundiales logrados en la lucha contra el racismo y lleg\u00f3 a la conclusi\u00f3n de que todav\u00eda quedaba mucho por hacer. No cabe duda de que el mayor logro de la Conferencia fue la renovaci\u00f3n del compromiso internacional con el programa de lucha contra el racismo.<\/p>\n\n\n\n<p>El&nbsp;22 de septiembre de 2011, la&nbsp;<a href=\"https:\/\/www.un.org\/es\/ga\/\">Asamblea General<\/a>&nbsp;celebr\u00f3 una&nbsp;<a href=\"https:\/\/www.un.org\/es\/ga\/durbanmeeting2011\/\">Reuni\u00f3n de Alto Nivel<\/a>&nbsp;para conmemorar el d\u00e9cimo aniversario de la adopci\u00f3n de la&nbsp;<a href=\"https:\/\/undocs.org\/es\/A\/CONF.189\/12\">Declaraci\u00f3n y el Programa de Acci\u00f3n de Durban<\/a>. Este documento sirve de esquema operativo para la lucha de la comunidad internacional contra el racismo. Fue adoptado por consenso en&nbsp;2001 en la&nbsp;<a href=\"https:\/\/www.un.org\/es\/events\/pastevents\/cmcr\/\">Conferencia de las Naciones Unidas contra el Racismo, la Discriminaci\u00f3n Racial, la Xenofobia y las Formas Conexas de Intolerancia<\/a>, que se celebr\u00f3 en Durban, Sud\u00e1frica. Se trata de una innovaci\u00f3n en el programa con \u00e9nfasis en la lucha contra todas las formas de racismo y discriminaci\u00f3n racial.<\/p>\n\n\n\n<p>Este d\u00e9cimo aniversario ofreci\u00f3 una oportunidad para reforzar el compromiso en la lucha contra el racismo y la discriminaci\u00f3n racial, un compromiso acentuado y coincidente con la celebraci\u00f3n en&nbsp;2011 del&nbsp;<a href=\"https:\/\/www.un.org\/es\/events\/iypad2011\/\">A\u00f1o Internacional de los Afrodescendientes<\/a>.<\/p>\n\n\n\n<p>La Asamblea General, en su resoluci\u00f3n\u00a0<a href=\"https:\/\/undocs.org\/es\/A\/RES\/68\/237\">68\/237<\/a>\u00a0de fecha 23 de diciembre de 2013, proclam\u00f3\u00a0el\u00a0<a href=\"https:\/\/www.un.org\/es\/observances\/decade-people-african-descent\">Decenio Internacional de los Afrodescendientes<\/a>\u00a0que comenz\u00f3\u00a0el 1 de enero de 2015 y terminar\u00e1 el 31 de diciembre de 2024 con el tema \u00abAfrodescendientes: reconocimiento, justicia y desarrollo\u00bb.<\/p>\n\n\n\n<p><\/p>\n\n\n\n<p>un.org<\/p>\n","protected":false},"excerpt":{"rendered":"<p>La juventud se posiciona contra el racismo El tema de este 2021 es \u00abLa juventud se alza contra el racismo\u00bb. Involucra al p\u00fablico a trav\u00e9s del lema&nbsp;#LuchemosContraElRacismo&nbsp;(#FightRacism), que tiene como objetivo fomentar una cultura mundial de tolerancia, igualdad y antidiscriminaci\u00f3n. Es tambi\u00e9n un llamamiento para que todos y cada uno de nosotros nos levantemos contra [&hellip;]<\/p>\n","protected":false},"author":1,"featured_media":0,"comment_status":"open","ping_status":"open","sticky":false,"template":"","format":"standard","meta":{"_acf_changed":false,"_jetpack_memberships_contains_paid_content":false,"footnotes":"","jetpack_publicize_message":"","jetpack_publicize_feature_enabled":true,"jetpack_social_post_already_shared":true,"jetpack_social_options":{"image_generator_settings":{"template":"highway","default_image_id":0,"font":"","enabled":false},"version":2}},"categories":[6],"tags":[],"class_list":["post-105747","post","type-post","status-publish","format-standard","hentry","category-ecologia"],"acf":[],"jetpack_publicize_connections":[],"jetpack_featured_media_url":"","jetpack_sharing_enabled":true,"_links":{"self":[{"href":"https:\/\/sportseco.com\/index.php?rest_route=\/wp\/v2\/posts\/105747","targetHints":{"allow":["GET"]}}],"collection":[{"href":"https:\/\/sportseco.com\/index.php?rest_route=\/wp\/v2\/posts"}],"about":[{"href":"https:\/\/sportseco.com\/index.php?rest_route=\/wp\/v2\/types\/post"}],"author":[{"embeddable":true,"href":"https:\/\/sportseco.com\/index.php?rest_route=\/wp\/v2\/users\/1"}],"replies":[{"embeddable":true,"href":"https:\/\/sportseco.com\/index.php?rest_route=%2Fwp%2Fv2%2Fcomments&post=105747"}],"version-history":[{"count":1,"href":"https:\/\/sportseco.com\/index.php?rest_route=\/wp\/v2\/posts\/105747\/revisions"}],"predecessor-version":[{"id":105749,"href":"https:\/\/sportseco.com\/index.php?rest_route=\/wp\/v2\/posts\/105747\/revisions\/105749"}],"wp:attachment":[{"href":"https:\/\/sportseco.com\/index.php?rest_route=%2Fwp%2Fv2%2Fmedia&parent=105747"}],"wp:term":[{"taxonomy":"category","embeddable":true,"href":"https:\/\/sportseco.com\/index.php?rest_route=%2Fwp%2Fv2%2Fcategories&post=105747"},{"taxonomy":"post_tag","embeddable":true,"href":"https:\/\/sportseco.com\/index.php?rest_route=%2Fwp%2Fv2%2Ftags&post=105747"}],"curies":[{"name":"wp","href":"https:\/\/api.w.org\/{rel}","templated":true}]}}