{"id":105765,"date":"2021-03-21T13:33:04","date_gmt":"2021-03-21T17:33:04","guid":{"rendered":"https:\/\/sportseco.com\/?p=105765"},"modified":"2021-03-21T13:33:11","modified_gmt":"2021-03-21T17:33:11","slug":"dia-internacional-de-los-bosques-21-de-marzo-video","status":"publish","type":"post","link":"https:\/\/sportseco.com\/?p=105765","title":{"rendered":"D\u00eda Internacional de los Bosques, 21 de Marzo, Video"},"content":{"rendered":"\n<p>El&nbsp;<strong>D\u00eda Internacional de los Bosques<\/strong>&nbsp;se celebra el 21 de marzo de cada a\u00f1o y su principal objetivo, es crear conciencia en el hombre de la importancia de cuidar y preservar todas las \u00e1reas forestales del planeta y con ello la supervivencia de todas las especies.<\/p>\n\n\n\n<p>La fecha se eligi\u00f3 porque el 21 de marzo coincide con la entrada de la primavera en el hemisferio boreal y con la del oto\u00f1o en el austral.https:\/\/www.youtube.com\/embed\/bUNqIJzviQQD\u00eda Internacional de los Bosques 2021<\/p>\n\n\n\n<figure class=\"wp-block-embed is-type-video is-provider-youtube wp-block-embed-youtube wp-embed-aspect-16-9 wp-has-aspect-ratio\"><div class=\"wp-block-embed__wrapper\">\n<iframe loading=\"lazy\" title=\"D\u00eda Internacional de los Bosques 2021 - Restauraci\u00f3n forestal y bienestar\" width=\"640\" height=\"360\" src=\"https:\/\/www.youtube.com\/embed\/bUNqIJzviQQ?feature=oembed\" frameborder=\"0\" allow=\"accelerometer; autoplay; clipboard-write; encrypted-media; gyroscope; picture-in-picture; web-share\" referrerpolicy=\"strict-origin-when-cross-origin\" allowfullscreen><\/iframe>\n<\/div><\/figure>\n\n\n\n<p>La Asamblea General de la\u00a0<strong><em>ONU<\/em><\/strong>\u00a0aprob\u00f3 en diciembre de 2012 una resoluci\u00f3n en la que declar\u00f3 el 21 de marzo como el\u00a0<strong>D\u00eda Internacional de los Bosques<\/strong>. Pero ten\u00edamos precedentes. El\u00a0<strong>D\u00eda Internacional de los Bosques<\/strong>\u00a0o\u00a0<strong>D\u00eda Forestal Mundial<\/strong>\u00a0fue una recomendaci\u00f3n del\u00a0<strong><em>Congreso Forestal Mundial que se celebr\u00f3 en Roma en 1969<\/em><\/strong>, y que fue aceptada por la\u00a0<strong>Organizaci\u00f3n de Naciones Unidas para la Agricultura y la Alimentaci\u00f3n (<em>FAO<\/em>)<\/strong>\u00a0en 1971.<\/p>\n\n\n\n<h2 class=\"wp-block-heading\" id=\"resTit_2\">Campa\u00f1a 2021: Restauraci\u00f3n forestal: un camino a la recuperaci\u00f3n y al bienestar<\/h2>\n\n\n\n<p>En 2021, se apuesta por la recuperaci\u00f3n de los bosques, ya que la p\u00e9rdida de los mismos genera gran cantidad de gases que provocan el calentamiento del planeta y la p\u00e9rdida de biodiversidad.<\/p>\n\n\n\n<p>Adem\u00e1s, las actividades de reforestaci\u00f3n y recuperaci\u00f3n de masas forestales generan bienes y servicios sostenibles.<\/p>\n\n\n\n<p><strong>El Objetivo n\u00famero 15 de Desarrollo Sostenible habla de los bosques, la desertificaci\u00f3n y de la diversidad biol\u00f3gica.\u00a0<\/strong>Y por ello las Naciones Unidas decretaron el\u00a0<em><strong>Decenio sobre la Restauraci\u00f3n de los Ecosistemas (2021 &#8211; 2030),<\/strong><\/em>\u00a0un llamamiento global a la protecci\u00f3n y recuperaci\u00f3n de los bosques.<\/p>\n\n\n\n<p><\/p>\n\n\n\n<p>Se ha creado el hashtag&nbsp;<em><strong>#GeneracionRestauracion.<\/strong><\/em><\/p>\n\n\n\n<h2 class=\"wp-block-heading\" id=\"resTit_3\">Campa\u00f1a 2020: Los bosques y la biodiversidad. Demasiado preciosos para perderlos<\/h2>\n\n\n\n<p>Cada a\u00f1o, se escoge un tema para la celebraci\u00f3n del D\u00eda Internacional de los Bosques. En 2020 el tema fue \u00ab<strong>Bosques y biodivesidad<\/strong>\u00ab. Desde la&nbsp;<strong>FAO<\/strong>se organizaron diversos eventos, incluyendo un concurso de fotograf\u00eda, exposiciones, etc.<\/p>\n\n\n\n<h2 class=\"wp-block-heading\" id=\"resTit_4\">Importancia de los bosques y su biodiversidad<\/h2>\n\n\n\n<figure class=\"wp-block-image\"><img data-recalc-dims=\"1\" decoding=\"async\" src=\"https:\/\/i0.wp.com\/www.diainternacionalde.com\/imagenes\/dias\/marzo\/03-21_dia-internacional-de-los-bosques_cartel_m.gif?w=640&#038;ssl=1\" alt=\"Cartel del D\u00eda Internacional de los Bosques\" title=\"Cartel del D\u00eda Internacional de los Bosques\"\/><figcaption>Cartel del D\u00eda Internacional de los Bosques<\/figcaption><\/figure>\n\n\n\n<p>Sabemos que los bosques representan el&nbsp;<strong>pulm\u00f3n de toda la Tierra<\/strong>. Actualmente, comprende un tercio de la superficie terrestre, repartidas en millones de extensiones por todo el mundo y hay una gran cantidad de ellos que se encuentran protegidos y que han sido declarados&nbsp;<strong>Patrimonio de la Humanidad<\/strong>.<\/p>\n\n\n\n<p>En ellos, viven una gran variedad de especies vegetales y animales, que forman parte del&nbsp;<strong><em>equilibrio natural de todo el ecosistema que habita la Tierra<\/em><\/strong>.<\/p>\n\n\n\n<p>Alrededor de 1.600 millones de personas dependen directamente de los bosques para sobrevivir, proporcion\u00e1ndoles alimento, energ\u00eda, medicina y abrigo. Pese a todos estos beneficios, la deforestaci\u00f3n contin\u00faa a un ritmo imparable, de unos 13 millones de hect\u00e1reas al a\u00f1o.<\/p>\n\n\n\n<p>Con esta celebraci\u00f3n anual, el&nbsp;<strong>Foro de las Naciones Unidas para los Bosques, la FAO y la Asociaci\u00f3n de Colaboraci\u00f3n en materia de Bosques<\/strong>, buscan mayor participaci\u00f3n de todos los pa\u00edses en crear programas y campa\u00f1as para la preservaci\u00f3n, cuidado y protecci\u00f3n de los bosques y su biodiversidad.<\/p>\n\n\n\n<h2 class=\"wp-block-heading\" id=\"resTit_5\">\u00bfQu\u00e9 representan los bosques para la vida del hombre en el planeta?<\/h2>\n\n\n\n<p>Lo m\u00e1s probable, es que muchas personas desconozcan cual es el valor que tienen los bosques en las actividades que el hombre desarrolla cada d\u00eda. Este importante recurso natural, est\u00e1 presente en casi todos nuestros h\u00e1bitos de vida.<\/p>\n\n\n\n<p>Los bosques proporcionan a los seres humanos una serie de bondades, que van desde tomar un simple vaso de agua, hasta el hogar que habitamos. Muchos de los trabajos que desempe\u00f1amos, tienen algo que ver con los bosques. Adem\u00e1s de ser la fuente primaria de donde se extraen todos los alimentos, vestimenta, abrigo y medicinas que necesita el hombre para subsistir.<\/p>\n\n\n\n<p>Por otro lado, no debemos dejar de lado, el importante papel de los bosques, para combatir la lucha contra el cambio clim\u00e1tico que sufre el planeta entero, uno de ellos el llamado efecto invernadero.<\/p>\n\n\n\n<h2 class=\"wp-block-heading\" id=\"resTit_6\">Peligros de la deforestaci\u00f3n para la humanidad<\/h2>\n\n\n\n<p><strong>La desforestaci\u00f3n de los bosques<\/strong>&nbsp;ha ocasionado un da\u00f1o irreparable a nuestro planeta. Una pr\u00e1ctica que, durante a\u00f1os, el ser humano ha utilizado para beneficiarse, pero que, a la larga, ha sido una de las causantes del cambio clim\u00e1tico.<\/p>\n\n\n\n<p>Otra de las terribles consecuencias para toda la humanidad, es la&nbsp;<strong>p\u00e9rdida acelerada de toda la biodiversidad<\/strong>&nbsp;tanto de plantas como de animales, que cada d\u00eda se extinguen, debido a la tala y quema de los bosques.<\/p>\n\n\n\n<h2 class=\"wp-block-heading\" id=\"resTit_7\">Algunos consejos pr\u00e1cticos para cuidar los bosques desde nuestro hogar<\/h2>\n\n\n\n<figure class=\"wp-block-image\"><img data-recalc-dims=\"1\" decoding=\"async\" src=\"https:\/\/i0.wp.com\/www.diainternacionalde.com\/imagenes\/dias\/marzo\/03-21_dia-internacional-de-los-bosques_otono_m.jpg?w=640&#038;ssl=1\" alt=\"Cualquier persona puede poner su granito de arena para la conservaci\u00f3n de los bosques\" title=\"Cualquier persona puede poner su granito de arena para la conservaci\u00f3n de los bosques\"\/><figcaption>Cualquier persona puede poner su granito de arena para la conservaci\u00f3n de los bosques<\/figcaption><\/figure>\n\n\n\n<p>S\u00ed quieres contribuir a vivir en un planeta m\u00e1s sano y ecol\u00f3gico, entonces empieza hoy mismo a poner en pr\u00e1ctica algunos consejos como los que te indicamos a continuaci\u00f3n:<\/p>\n\n\n\n<ul class=\"wp-block-list\"><li><strong>Empieza a reciclar<\/strong>: Es una manera bastante ecol\u00f3gica, reutilizando materiales como papel, cart\u00f3n pl\u00e1stico, aluminio, entre otros.<\/li><li><strong>Evita el cigarrillo<\/strong>: Un agente altamente contaminante para la Tierra, debido a la cantidad de mon\u00f3xido de carbono, cianuro y cianuro que se libera a la atm\u00f3sfera.<\/li><li><strong>Evitar encender hogueras y fogatas<\/strong>: Una pr\u00e1ctica habitual entre las personas, pero que causa un terrible da\u00f1o al medio ambiente.<\/li><li><strong>Siembra plantas o \u00e1rboles<\/strong>: Lo puedes hacer en cualquier espacio de tu hogar o jard\u00edn y as\u00ed estar\u00e1s contribuyendo al equilibrio del planeta.<\/li><\/ul>\n\n\n\n<h2 class=\"wp-block-heading\" id=\"resTit_8\">\u00bfC\u00f3mo celebrar el D\u00eda Internacional de los Bosques?<\/h2>\n\n\n\n<p>S\u00ed quieres celebrar el&nbsp;<strong>D\u00eda Internacional de los Bosques<\/strong>, aprovecha esta fecha para que empieces a pensar en verde. En otras palabras, aprender a cuidar, valorar y proteger los bosques es un esfuerzo y una decisi\u00f3n que debes asumir con responsabilidad, para que tengas la posibilidad de vivir en un mundo m\u00e1s sano y mucho m\u00e1s sostenible.<\/p>\n\n\n\n<p>Son muchos las contribuciones que de manera individual y colectiva podemos brindar, para que la biodiversidad de la Tierra no se extinga y seguir disfrutando en los a\u00f1os venideros del llamado pulm\u00f3n del mundo.<\/p>\n\n\n\n<p>As\u00ed mismo, te invitamos a que compartas tu opini\u00f3n, ideas o experiencias sobre este interesante tema en las redes sociales a trav\u00e9s del hashtag<br><strong><em>#D\u00edaInternacion<\/em><\/strong>alde.com<\/p>\n\n\n\n<p>diainternacionalde.com<\/p>\n","protected":false},"excerpt":{"rendered":"<p>El&nbsp;D\u00eda Internacional de los Bosques&nbsp;se celebra el 21 de marzo de cada a\u00f1o y su principal objetivo, es crear conciencia en el hombre de la importancia de cuidar y preservar todas las \u00e1reas forestales del planeta y con ello la supervivencia de todas las especies. La fecha se eligi\u00f3 porque el 21 de marzo coincide [&hellip;]<\/p>\n","protected":false},"author":1,"featured_media":0,"comment_status":"open","ping_status":"open","sticky":false,"template":"","format":"standard","meta":{"_acf_changed":false,"_jetpack_memberships_contains_paid_content":false,"footnotes":"","jetpack_publicize_message":"","jetpack_publicize_feature_enabled":true,"jetpack_social_post_already_shared":true,"jetpack_social_options":{"image_generator_settings":{"template":"highway","default_image_id":0,"font":"","enabled":false},"version":2}},"categories":[6],"tags":[],"class_list":["post-105765","post","type-post","status-publish","format-standard","hentry","category-ecologia"],"acf":[],"jetpack_publicize_connections":[],"jetpack_featured_media_url":"","jetpack_sharing_enabled":true,"_links":{"self":[{"href":"https:\/\/sportseco.com\/index.php?rest_route=\/wp\/v2\/posts\/105765","targetHints":{"allow":["GET"]}}],"collection":[{"href":"https:\/\/sportseco.com\/index.php?rest_route=\/wp\/v2\/posts"}],"about":[{"href":"https:\/\/sportseco.com\/index.php?rest_route=\/wp\/v2\/types\/post"}],"author":[{"embeddable":true,"href":"https:\/\/sportseco.com\/index.php?rest_route=\/wp\/v2\/users\/1"}],"replies":[{"embeddable":true,"href":"https:\/\/sportseco.com\/index.php?rest_route=%2Fwp%2Fv2%2Fcomments&post=105765"}],"version-history":[{"count":1,"href":"https:\/\/sportseco.com\/index.php?rest_route=\/wp\/v2\/posts\/105765\/revisions"}],"predecessor-version":[{"id":105767,"href":"https:\/\/sportseco.com\/index.php?rest_route=\/wp\/v2\/posts\/105765\/revisions\/105767"}],"wp:attachment":[{"href":"https:\/\/sportseco.com\/index.php?rest_route=%2Fwp%2Fv2%2Fmedia&parent=105765"}],"wp:term":[{"taxonomy":"category","embeddable":true,"href":"https:\/\/sportseco.com\/index.php?rest_route=%2Fwp%2Fv2%2Fcategories&post=105765"},{"taxonomy":"post_tag","embeddable":true,"href":"https:\/\/sportseco.com\/index.php?rest_route=%2Fwp%2Fv2%2Ftags&post=105765"}],"curies":[{"name":"wp","href":"https:\/\/api.w.org\/{rel}","templated":true}]}}