{"id":105774,"date":"2021-03-21T14:42:00","date_gmt":"2021-03-21T18:42:00","guid":{"rendered":"https:\/\/sportseco.com\/?p=105774"},"modified":"2021-03-21T14:42:07","modified_gmt":"2021-03-21T18:42:07","slug":"celebracion-del-dia-mundial-del-agua-2021-el-valor-del-agua-22-de-marzo-de-2021","status":"publish","type":"post","link":"https:\/\/sportseco.com\/?p=105774","title":{"rendered":"Celebraci\u00f3n del D\u00eda Mundial del Agua 2021 \u2013 \u201cEl valor del agua\u201d, 22 de Marzo de 2021"},"content":{"rendered":"\n<p>Con el D\u00eda Mundial del Agua se celebra el agua y se conciencia sobre la crisis mundial del agua, y un aspecto esencial de la celebraci\u00f3n es apoyar el cumplimiento del sexto Objetivo de Desarrollo Sostenible (ODS 6): agua y saneamiento para todos para 2030.<\/p>\n\n\n\n<p>El tema del D\u00eda Mundial del Agua de 2021 es \u201cValorar el agua\u201d. El valor del agua es mucho m\u00e1s que su precio: el agua tiene un valor enorme y complejo para nuestros hogares, la alimentaci\u00f3n, la cultura, la salud, la educaci\u00f3n, la econom\u00eda y la integridad de nuestro entorno natural. Si pasamos por alto alguno de estos valores, corremos el riesgo de administrar mal este recurso finito e irreemplazable. El ODS 6 consiste en garantizar el agua y el saneamiento para todos. Sin una comprensi\u00f3n completa del verdadero valor multidimensional del agua, no seremos capaces de salvaguardar este recurso fundamental en beneficio de todos.<\/p>\n\n\n\n<p>El 22 de marzo de 2021 se celebrar\u00e1 el D\u00eda Mundial del Agua con un evento en l\u00ednea. Adem\u00e1s, se presentar\u00e1 el Informe Mundial de las Naciones Unidas sobre el Desarrollo de los Recursos H\u00eddricos, que incluye recomendaciones sobre la orientaci\u00f3n de las pol\u00edticas para los encargados de la adopci\u00f3n de decisiones.<\/p>\n\n\n\n<figure class=\"wp-block-image size-large\"><img data-recalc-dims=\"1\" decoding=\"async\" src=\"https:\/\/i0.wp.com\/sportseco.com\/wp-content\/uploads\/2021\/03\/WWD2021_WEBPAGE_TOP_BANNER_03.jpg?w=640&#038;ssl=1\" alt=\"\" class=\"wp-image-105775\"\/><\/figure>\n\n\n\n<p><strong>Se dispondr\u00e1 de interpretaci\u00f3n simultanea en \u00c1rabe, Chino, Ingl\u00e9s, Franc\u00e9s, Ruso y Espa\u00f1ol.<\/strong><\/p>\n\n\n\n<h3 class=\"wp-block-heading\">Proyecto de programa de la celebraci\u00f3n del D\u00eda Mundial del Agua de 2021: \u201cValorar el agua\u201d, 22 de marzo de 2021, 1<strong>3.00-14.30 CET<\/strong><\/h3>\n\n\n\n<p><strong>13:00 &#8211; 13:50<\/strong><strong>&nbsp;Ceremonia de apertura de alto nivel<\/strong><\/p>\n\n\n\n<p><em>Presentadora<\/em>,&nbsp; Sra. Sasha Koo-Oshima, Directora Adjunta, Divisi\u00f3n de Tierras y Aguas, FAO<\/p>\n\n\n\n<ul class=\"wp-block-list\"><li>Discurso de bienvenida del Sr. QU Dongyu, Director General de la FAO<\/li><li>Discurso de apertura de la Sra. Audrey Azoulay, Directora General de la UNESCO (video mensaje)<\/li><li>Discurso de apertura del Sr. Gilbert F. Houngbo, presidente de ONU-Agua y presidente del FIDA<\/li><\/ul>\n\n\n\n<p><em>Mensajes de invitados especiales:<\/em><\/p>\n\n\n\n<ul class=\"wp-block-list\"><li>Su Santidad el Papa Francisco (video mensaje le\u00eddo por el Cardinal Pietro Parolin, Secretario de Estado, Ciudad del Vaticano)<\/li><li>Excmo. Sr. David Choquehuanca, Vicepresidente del Estado Plurinacional de Bolivia<\/li><li>Excmo. Sr. Serigne Mbaye Thiam, Ministro de Agua y Saneamiento de la Rep\u00fablica de Senegal<\/li><li>Excma. Sra. Marina Sereni, Vice Ministra de Asuntos Exteriores y Cooperaci\u00f3n Internacional de la Rep\u00fablica Italiana (video mensaje)<\/li><li>Excmo. Sr. Jonathan Malag\u00f3n Gonz\u00e1lez, Ministro de Vivienda, Ciudades y Territorio de la Rep\u00fablica de Colombia (video mensaje)<\/li><li>Sr. Henk Ovink, Enviado Especial para Asuntos H\u00eddricos Internacionales, Reino de los Pa\u00edses Bajos<\/li><\/ul>\n\n\n\n<p><strong>13:50 \u2013 14:00&nbsp;<\/strong><strong>Presentaci\u00f3n del Informe Mundial de las Naciones Unidas sobre el Desarrollo de los Recursos H\u00eddricos de 2021<\/strong><\/p>\n\n\n\n<p>Sra. Michela Miletto, Coordinadora y Directora del Programa Mundial de Evaluaci\u00f3n de los Recursos H\u00eddricos, UNESCO<\/p>\n\n\n\n<p><strong>14:00 &#8211; 14:22&nbsp;<\/strong><strong>&nbsp;Debate interactivo &#8211; \u00bfQu\u00e9 es el agua para usted?<\/strong><\/p>\n\n\n\n<p><em>Moderador,<\/em>&nbsp;Sr. Neil Dhot, Director Ejecutivo, Aquafed (Reino Unido)<\/p>\n\n\n\n<ul class=\"wp-block-list\"><li>Sra. Rasha Hassan, Coordinadora de gobernanza, Red de j\u00f3venes sobre el agua (Siria)<\/li><li>Sra. Euphresia Luseka, Experta de Gesti\u00f3n del Agua y Co-Directora de Rural Water Supply network (RWSN) (Kenya)<\/li><li>Oyente principal: Sr. Pedro Arrojo-Agudo, Relator Especial de las Naciones Unidas sobre el derecho humano al agua potable y al saneamiento (Espa\u00f1a)<\/li><\/ul>\n\n\n\n<p><strong>14:22 &#8211; 14:27 Anuncio del ganador del Premio del Agua de Estocolmo<\/strong><\/p>\n\n\n\n<p>Sr. Torgny Holmgren, Director Ejecutivo, SIWI (Suecia)<\/p>\n\n\n\n<p><strong>14:27 &#8211; 14:30&nbsp;<\/strong><strong>Clausura de la celebraci\u00f3n<\/strong><\/p>\n\n\n\n<p>Sra. Maria Helena Semedo, Directora General Adjunta de Clima y Recursos Naturales de la FAO<\/p>\n\n\n\n<p><\/p>\n\n\n\n<p>fao.org<\/p>\n","protected":false},"excerpt":{"rendered":"<p>Con el D\u00eda Mundial del Agua se celebra el agua y se conciencia sobre la crisis mundial del agua, y un aspecto esencial de la celebraci\u00f3n es apoyar el cumplimiento del sexto Objetivo de Desarrollo Sostenible (ODS 6): agua y saneamiento para todos para 2030. El tema del D\u00eda Mundial del Agua de 2021 es [&hellip;]<\/p>\n","protected":false},"author":1,"featured_media":0,"comment_status":"open","ping_status":"open","sticky":false,"template":"","format":"standard","meta":{"_acf_changed":false,"_jetpack_memberships_contains_paid_content":false,"footnotes":"","jetpack_publicize_message":"","jetpack_publicize_feature_enabled":true,"jetpack_social_post_already_shared":true,"jetpack_social_options":{"image_generator_settings":{"template":"highway","default_image_id":0,"font":"","enabled":false},"version":2}},"categories":[6],"tags":[],"class_list":["post-105774","post","type-post","status-publish","format-standard","hentry","category-ecologia"],"acf":[],"jetpack_publicize_connections":[],"jetpack_featured_media_url":"","jetpack_sharing_enabled":true,"_links":{"self":[{"href":"https:\/\/sportseco.com\/index.php?rest_route=\/wp\/v2\/posts\/105774","targetHints":{"allow":["GET"]}}],"collection":[{"href":"https:\/\/sportseco.com\/index.php?rest_route=\/wp\/v2\/posts"}],"about":[{"href":"https:\/\/sportseco.com\/index.php?rest_route=\/wp\/v2\/types\/post"}],"author":[{"embeddable":true,"href":"https:\/\/sportseco.com\/index.php?rest_route=\/wp\/v2\/users\/1"}],"replies":[{"embeddable":true,"href":"https:\/\/sportseco.com\/index.php?rest_route=%2Fwp%2Fv2%2Fcomments&post=105774"}],"version-history":[{"count":1,"href":"https:\/\/sportseco.com\/index.php?rest_route=\/wp\/v2\/posts\/105774\/revisions"}],"predecessor-version":[{"id":105776,"href":"https:\/\/sportseco.com\/index.php?rest_route=\/wp\/v2\/posts\/105774\/revisions\/105776"}],"wp:attachment":[{"href":"https:\/\/sportseco.com\/index.php?rest_route=%2Fwp%2Fv2%2Fmedia&parent=105774"}],"wp:term":[{"taxonomy":"category","embeddable":true,"href":"https:\/\/sportseco.com\/index.php?rest_route=%2Fwp%2Fv2%2Fcategories&post=105774"},{"taxonomy":"post_tag","embeddable":true,"href":"https:\/\/sportseco.com\/index.php?rest_route=%2Fwp%2Fv2%2Ftags&post=105774"}],"curies":[{"name":"wp","href":"https:\/\/api.w.org\/{rel}","templated":true}]}}