{"id":105777,"date":"2021-03-21T14:58:18","date_gmt":"2021-03-21T18:58:18","guid":{"rendered":"https:\/\/sportseco.com\/?p=105777"},"modified":"2021-03-21T14:58:22","modified_gmt":"2021-03-21T18:58:22","slug":"la-elite-del-ciclismo-mundial-se-reune-en-una-edicion-100-de-la-volta-llena-de-alicientes-y-la-mayor-cobertura-mediatica","status":"publish","type":"post","link":"https:\/\/sportseco.com\/?p=105777","title":{"rendered":"La \u00e9lite del ciclismo mundial se re\u00fane en una edici\u00f3n 100 de la Volta llena de alicientes y la mayor cobertura medi\u00e1tica"},"content":{"rendered":"\n<p>La presencia de la \u00e9lite del ciclismo mundial, un recorrido muy variado y exigente y el paso por espacios emblem\u00e1ticos del territorio catal\u00e1n definen la 100\u00aa Volta Ciclista a Catalunya, que arranca ma\u00f1ana 22 de marzo desde Calella y se alargar\u00e1 hasta el 28 con la tradicional etapa final en Barcelona. Una semana de ciclismo con may\u00fasculas distribuido en siete etapas que prometen grandes emociones.<\/p>\n\n\n\n<p>Se trata de una Volta muy especial por tratarse de una edici\u00f3n tan simb\u00f3lica como la 100; cifra que muestra el gran legado hist\u00f3rico de la carrera dentro del ciclismo internacional, as\u00ed como por el hecho de retomar la marcha tras el obligado aplazamiento del a\u00f1o pasado debido a la pandemia de Covid-19. Precisamente, este contexto ha hecho que este a\u00f1o la organizaci\u00f3n haya preparado un estricto protocolo consensuado con las autoridades sanitarias para disputar una carrera con las mayores garant\u00edas. Entre otras actuaciones, se ha establecido una burbuja de carrera para aislar a los corredores, al personal de los equipos y de los de la organizaci\u00f3n y que se traduce con el cierre al p\u00fablico de las zonas de salida y llegada de etapa para evitar aglomeraciones.<\/p>\n\n\n\n<p>Para compensar estas limitaciones, la organizaci\u00f3n de la Volta ha potenciado su difusi\u00f3n medi\u00e1tica para que cualquier persona pueda seguir la carrera desde casa. De hecho, ser\u00e1 la Volta m\u00e1s global, llegando a 190 pa\u00edses de los cinco continentes. La retransmisi\u00f3n en territorio estatal ir\u00e1 a cargo de Esport3, Teledeporte y Eurosport, elev\u00e1ndose hasta las dos horas diarias las conexiones de las televisiones con derechos.<\/p>\n\n\n\n<p>Esta gran cobertura permitir\u00e1 a los aficionados al ciclismo y al deporte en general seguir todos los detalles de la evoluci\u00f3n de la carrera, que como cada a\u00f1o re\u00fane una amplia n\u00f3mina de estrellas distribuidas en 24 equipos. Entre los candidatos a vestir el tradicional maillot blanco con tres franjas verdes que identifica al l\u00edder de la Volta hay nombres como el de Richard Carapaz, vencedor del Giro de Italia 2019 y segundo en la pasada Vuelta; Chris Froome, cuatro veces vencedor del Tour de Francia; Peter Sagan, tres veces campe\u00f3n del mundo y que este a\u00f1o se estrena en la Volta; Geraint Thomas, vencedor del Tour 2018; Alejandro Valverde, campe\u00f3n del mundo en 2018 y tres veces vencedor de la Volta (2009, 2017 y 2018); Enric Mas, quinto en el \u00faltimo Tour o Marc Hirschi, bronce en el mundial de 2020. Los corredores catalanes tambi\u00e9n aspiran a ser protagonistas, como Marc Soler, con una Par\u00eds-Niza y un podio en la Volta 2017 en su palmar\u00e9s, y David de la Cruz, que en su larga trayectoria dentro del circuito de la UCI World Tour ha logrado triunfos en pruebas tan destacadas como la Vuelta (2016), la Itzulia (2017) y la Par\u00eds-Niza (2017 y 2018).<\/p>\n\n\n\n<p>A todos los corredores presentes en la 100\u00aa edici\u00f3n de la Volta les espera una semana muy intensa, en la que tendr\u00e1n que hacer frente a etapas de media y alta monta\u00f1a; una contrarreloj en el Pla de l&#8217;Estany (Banyoles); dos finales en alto en Vallter 2000 y Port Ain\u00e9; y tramos propicios para que los velocistas jueguen sus cartas. Precisamente, y coincidiendo con una edici\u00f3n tan especial, la organizaci\u00f3n ha puesto especial \u00e9nfasis en ofrecer un recorrido muy variado y que fomenta el espect\u00e1culo en cada jornada. En este sentido, la disputa de la crono individual en la segunda etapa supone la recuperaci\u00f3n de una especialidad que la Volta no organizaba desde 2007.<\/p>\n\n\n\n<p>Adem\u00e1s, el recorrido incluye el paso por espacios tan especiales dentro de la geograf\u00eda catalana como el Canal Ol\u00edmpic de Catalunya, desde donde se iniciar\u00e1 la tercera etapa; la monta\u00f1a de Montserrat, presente en el tramo final de la quinta etapa, o el Circuit de Barcelona-Catalunya, donde se disputar\u00e1 un esprint bonificado durante la sexta etapa.<\/p>\n\n\n\n<p>Como es tradicional, Barcelona, \u200b\u200by m\u00e1s concretamente la monta\u00f1a de Montju\u00efc, ser\u00e1 el escenario de la \u00faltima etapa, tambi\u00e9n propicia para mantener la emoci\u00f3n por el desenlace de la Volta hasta los kil\u00f3metros finales. De hecho, este a\u00f1o las seis subidas a Montju\u00efc se har\u00e1n por el lado del Castell, con rampas exigentes que obligar\u00e1n a los corredores a estar muy atentos a los \u00faltimos movimientos entre los candidatos al triunfo final. \u00a0<\/p>\n\n\n\n<p>voltacatalunya.cat<\/p>\n\n\n\n<p><\/p>\n","protected":false},"excerpt":{"rendered":"<p>La presencia de la \u00e9lite del ciclismo mundial, un recorrido muy variado y exigente y el paso por espacios emblem\u00e1ticos del territorio catal\u00e1n definen la 100\u00aa Volta Ciclista a Catalunya, que arranca ma\u00f1ana 22 de marzo desde Calella y se alargar\u00e1 hasta el 28 con la tradicional etapa final en Barcelona. Una semana de ciclismo [&hellip;]<\/p>\n","protected":false},"author":1,"featured_media":0,"comment_status":"open","ping_status":"open","sticky":false,"template":"","format":"standard","meta":{"_acf_changed":false,"_jetpack_memberships_contains_paid_content":false,"footnotes":"","jetpack_publicize_message":"","jetpack_publicize_feature_enabled":true,"jetpack_social_post_already_shared":true,"jetpack_social_options":{"image_generator_settings":{"template":"highway","default_image_id":0,"font":"","enabled":false},"version":2}},"categories":[14],"tags":[],"class_list":["post-105777","post","type-post","status-publish","format-standard","hentry","category-ciclismo"],"acf":[],"jetpack_publicize_connections":[],"jetpack_featured_media_url":"","jetpack_sharing_enabled":true,"_links":{"self":[{"href":"https:\/\/sportseco.com\/index.php?rest_route=\/wp\/v2\/posts\/105777","targetHints":{"allow":["GET"]}}],"collection":[{"href":"https:\/\/sportseco.com\/index.php?rest_route=\/wp\/v2\/posts"}],"about":[{"href":"https:\/\/sportseco.com\/index.php?rest_route=\/wp\/v2\/types\/post"}],"author":[{"embeddable":true,"href":"https:\/\/sportseco.com\/index.php?rest_route=\/wp\/v2\/users\/1"}],"replies":[{"embeddable":true,"href":"https:\/\/sportseco.com\/index.php?rest_route=%2Fwp%2Fv2%2Fcomments&post=105777"}],"version-history":[{"count":1,"href":"https:\/\/sportseco.com\/index.php?rest_route=\/wp\/v2\/posts\/105777\/revisions"}],"predecessor-version":[{"id":105779,"href":"https:\/\/sportseco.com\/index.php?rest_route=\/wp\/v2\/posts\/105777\/revisions\/105779"}],"wp:attachment":[{"href":"https:\/\/sportseco.com\/index.php?rest_route=%2Fwp%2Fv2%2Fmedia&parent=105777"}],"wp:term":[{"taxonomy":"category","embeddable":true,"href":"https:\/\/sportseco.com\/index.php?rest_route=%2Fwp%2Fv2%2Fcategories&post=105777"},{"taxonomy":"post_tag","embeddable":true,"href":"https:\/\/sportseco.com\/index.php?rest_route=%2Fwp%2Fv2%2Ftags&post=105777"}],"curies":[{"name":"wp","href":"https:\/\/api.w.org\/{rel}","templated":true}]}}