{"id":106279,"date":"2021-04-01T09:15:47","date_gmt":"2021-04-01T13:15:47","guid":{"rendered":"https:\/\/sportseco.com\/?p=106279"},"modified":"2021-04-01T09:15:53","modified_gmt":"2021-04-01T13:15:53","slug":"suiza-considera-trasladar-el-dia-nacional-a-la-fecha-del-40-cumpleanos-de-federer","status":"publish","type":"post","link":"https:\/\/sportseco.com\/?p=106279","title":{"rendered":"Suiza Considera Trasladar El D\u00eda Nacional A La Fecha Del 40\u00b0 Cumplea\u00f1os de Federer"},"content":{"rendered":"\n<p>La iniciativa cobra fuerza en el Parlamento suizo.<\/p>\n\n\n\n<p>Durante d\u00e9cadas, los fans de los deportes suizos han celebrado juntos que los logros de Roger Federer reescribieron los libros de r\u00e9cords de tenis a lo largo de su legendaria carrera. Ahora, la naci\u00f3n de m\u00e1s de ocho millones se est\u00e1 preparando para la celebraci\u00f3n m\u00e1s grande de todas en honor al ex No. 1 del mundo.<br><br><a rel=\"noreferrer noopener\" href=\"https:\/\/www.blick.ch\/politik\/zu-ehren-von-roger-federer-politiker-wollen-nationalfeiertag-verschieben-id16432769.html\" target=\"_blank\">Como se inform\u00f3 en Blick<\/a>, el peri\u00f3dico nacional m\u00e1s grande del pa\u00eds, Suiza est\u00e1 considerando posponer su D\u00eda Nacional una semana, hasta el 8 de agosto de 2021, la misma fecha en que Federer cumple 40 a\u00f1os.<br><br>La iniciativa comenz\u00f3 cuando los miembros del Parlamento suizo expresaron su apoyo a la medida en las redes sociales, donde tambi\u00e9n obtuvo la aprobaci\u00f3n de la ferviente base de fans de Federer.<br><br>No ser\u00eda la primera vez que Suiza hace un gran gesto para mostrar su afecto por su campe\u00f3n Federer. El hombre de 39 a\u00f1os se convirti\u00f3 en la primera persona viva en recibir un sello suizo en su honor en 2007 despu\u00e9s de su triunfo en Wimbledon, y el a\u00f1o pasado recibi\u00f3 su propia moneda de plata de 20 francos de Swissmint.Tambi\u00e9n Podr\u00eda Interesarle:&nbsp;<a href=\"https:\/\/www.atptour.com\/es\/news\/federer-doha-2021-thursday-reaction\">Federer: \u00abEs Un Regreso Muy Positivo\u00bb<\/a><\/p>\n\n\n\n<p>Nacido el 8 de agosto de 1981, el cumplea\u00f1os de Federer se ha celebrado una semana despu\u00e9s de la fiesta nacional suiza. Pero no desde siempre. Si bien la fundaci\u00f3n de la Confederaci\u00f3n Suiza se celebra anualmente el 1 de agosto desde 1899, solo ha sido un feriado oficial desde 1994. En ese momento, un Federer adolescente ya estaba en camino de convertirse en Campe\u00f3n Nacional de Suiza en todas las categor\u00edas.<br><br>El resto est\u00e1 escrito en los libros de historia del deporte, con Federer acumulando galard\u00f3n tras galard\u00f3n junto con su racha de 20 Grand Slams y otros 83 t\u00edtulos ATP Tour.<br><br>Actualmente No. 6 en el FedEx ATP Rankings, el suizo est\u00e1 dando los primeros pasos en su regreso a la acci\u00f3n ATP Tour despu\u00e9s de someterse a una cirug\u00eda de rodilla el a\u00f1o pasado. Disput\u00f3 dos partidos de tres sets en el Qatar ExxonMobil Open en Doha, su primer torneo desde enero de 2020.<\/p>\n\n\n\n<p>atptour.com<\/p>\n","protected":false},"excerpt":{"rendered":"<p>La iniciativa cobra fuerza en el Parlamento suizo. Durante d\u00e9cadas, los fans de los deportes suizos han celebrado juntos que los logros de Roger Federer reescribieron los libros de r\u00e9cords de tenis a lo largo de su legendaria carrera. Ahora, la naci\u00f3n de m\u00e1s de ocho millones se est\u00e1 preparando para la celebraci\u00f3n m\u00e1s grande [&hellip;]<\/p>\n","protected":false},"author":1,"featured_media":0,"comment_status":"open","ping_status":"open","sticky":false,"template":"","format":"standard","meta":{"_acf_changed":false,"_jetpack_memberships_contains_paid_content":false,"footnotes":"","jetpack_publicize_message":"","jetpack_publicize_feature_enabled":true,"jetpack_social_post_already_shared":true,"jetpack_social_options":{"image_generator_settings":{"template":"highway","default_image_id":0,"font":"","enabled":false},"version":2}},"categories":[13],"tags":[],"class_list":["post-106279","post","type-post","status-publish","format-standard","hentry","category-tenis"],"acf":[],"jetpack_publicize_connections":[],"jetpack_featured_media_url":"","jetpack_sharing_enabled":true,"_links":{"self":[{"href":"https:\/\/sportseco.com\/index.php?rest_route=\/wp\/v2\/posts\/106279","targetHints":{"allow":["GET"]}}],"collection":[{"href":"https:\/\/sportseco.com\/index.php?rest_route=\/wp\/v2\/posts"}],"about":[{"href":"https:\/\/sportseco.com\/index.php?rest_route=\/wp\/v2\/types\/post"}],"author":[{"embeddable":true,"href":"https:\/\/sportseco.com\/index.php?rest_route=\/wp\/v2\/users\/1"}],"replies":[{"embeddable":true,"href":"https:\/\/sportseco.com\/index.php?rest_route=%2Fwp%2Fv2%2Fcomments&post=106279"}],"version-history":[{"count":1,"href":"https:\/\/sportseco.com\/index.php?rest_route=\/wp\/v2\/posts\/106279\/revisions"}],"predecessor-version":[{"id":106281,"href":"https:\/\/sportseco.com\/index.php?rest_route=\/wp\/v2\/posts\/106279\/revisions\/106281"}],"wp:attachment":[{"href":"https:\/\/sportseco.com\/index.php?rest_route=%2Fwp%2Fv2%2Fmedia&parent=106279"}],"wp:term":[{"taxonomy":"category","embeddable":true,"href":"https:\/\/sportseco.com\/index.php?rest_route=%2Fwp%2Fv2%2Fcategories&post=106279"},{"taxonomy":"post_tag","embeddable":true,"href":"https:\/\/sportseco.com\/index.php?rest_route=%2Fwp%2Fv2%2Ftags&post=106279"}],"curies":[{"name":"wp","href":"https:\/\/api.w.org\/{rel}","templated":true}]}}