{"id":127226,"date":"2022-06-02T09:42:52","date_gmt":"2022-06-02T13:42:52","guid":{"rendered":"https:\/\/sportseco.com\/?p=127226"},"modified":"2022-06-02T09:43:04","modified_gmt":"2022-06-02T13:43:04","slug":"congreso-aprueba-eliminacion-de-plasticos-de-un-solo-uso-en-colombia","status":"publish","type":"post","link":"https:\/\/sportseco.com\/?p=127226","title":{"rendered":"Congreso aprueba eliminaci\u00f3n de pl\u00e1sticos de un solo uso en Colombia"},"content":{"rendered":"\n<p id=\"p566289-m945-1-946\">Gobierno deber\u00e1 redactar un Plan de Adaptaci\u00f3n Laboral y reconversi\u00f3n productiva en trabajadores y empresas involucradas en la industria del pl\u00e1stico.<\/p>\n\n\n\n<p>POR:&nbsp;PORTAFOLIO<\/p>\n\n\n\n<p id=\"p566289-m907-906-908\">El Senado de Colombia aprob\u00f3 este mi\u00e9rcoles el proyecto de ley que\u00a0<strong>elimina los pl\u00e1sticos de un solo uso en el pa\u00eds<\/strong>, despu\u00e9s de que ya lo hiciera la C\u00e1mara de Representantes, con lo que se proh\u00edbe la fabricaci\u00f3n, la comercializaci\u00f3n y uso de este tipo de material, que deber\u00e1 sustituirse por otros m\u00e1s sostenibles.<\/p>\n\n\n\n<p id=\"p566289-m969-3-970\">El mismo Senado confirm\u00f3 la aprobaci\u00f3n por unanimidad del proyecto de ley&nbsp;<em>\u00abpor el cual se establecen medidas tendientes a la reducci\u00f3n gradual de la producci\u00f3n y consumos de ciertos productos b\u00e1sicos de un solo uso\u00bb.<\/em><\/p>\n\n\n\n<p id=\"p566289-m975-4-976\">La fecha clave para que los pl\u00e1sticos de un solo uso desaparezcan en Colombia ser\u00e1 2025, cuando arrancar\u00e1 el proceso de adaptaci\u00f3n previsto por la ley en el que poco a poco deber\u00e1n ir sustituy\u00e9ndose los pl\u00e1sticos de un uso.<\/p>\n\n\n\n<p id=\"p566289-m981-5-982\">Otra de las disposiciones incluidas en la ley es que las aerol\u00edneas no podr\u00e1n ingresar pl\u00e1sticos de un solo uso en&nbsp;<strong>la Amazon\u00eda y en la Orinoqu\u00eda,<\/strong>&nbsp;ni tampoco en parques nacionales naturales, p\u00e1ramos, humedales y ecosistemas marinos.<\/p>\n\n\n\n<p id=\"p566289-m987-6-988\">Este proyecto de ley ya fue aprobado en septiembre de 2021 en la C\u00e1mara de Representantes, con 117 votos a favor, y ahora la ley tendr\u00e1 que pasar a conciliaci\u00f3n en el Senado y deber\u00e1 ser sancionada por el presidente.<\/p>\n\n\n\n<p id=\"p566289-m993-7-994\"><em>\u00abEsta ley es un avance hist\u00f3rico en favor de las fuentes h\u00eddricas de Colombia, en favor del mar y en contra de la contaminaci\u00f3n pl\u00e1stica\u00bb,<\/em>&nbsp;celebr\u00f3 en sus redes sociales el senador Juan Carlos Losada, del Partido Libertal, autor del proyecto de ley. Tambi\u00e9n celebr\u00f3 la aprobaci\u00f3n la senadora Ang\u00e9lica Lozano, otra de las impulsoras de la ley, que indic\u00f3 que se trata de un<em>&nbsp;\u00abpaso vital para el medio ambiente y la salud p\u00fablica\u00bb.<\/em><\/p>\n\n\n\n<p id=\"p566289-m999-8-1000\"><strong>QU\u00c9 PL\u00c1STICOS EST\u00c1N PROHIBIDOS<\/strong><\/p>\n\n\n\n<p id=\"p566289-m1005-9-1006\">El texto contiene un total de 35 art\u00edculos y proh\u00edbe el uso de 14 pl\u00e1sticos, algunos de ellos de los m\u00e1s usados en el d\u00eda a d\u00eda de la poblaci\u00f3n, pero de los m\u00e1s contaminantes.<\/p>\n\n\n\n<p id=\"p566289-m1011-10-1012\">Bolsas de pl\u00e1stico en los comercios, bolsas para embalar peri\u00f3dicos o facturas,&nbsp;<strong>los copitos de aldog\u00f3n, los pitillos, los envases y recipientes para transportar comida, as\u00ed como los platos y cubiertos de pl\u00e1stico desaparecer\u00e1n de Colombia gradualmente.<\/strong><\/p>\n\n\n\n<p id=\"p566289-m1017-11-1018\">De estas restricciones quedan exceptuados pl\u00e1sticos de un solo uso utilizados para prop\u00f3sitos m\u00e9dicos, el envase de productos qu\u00edmicos que presentan riesgo y la conservaci\u00f3n de alimentos, l\u00edquidos y bebidas de origen animal.<\/p>\n\n\n\n<p id=\"p566289-m1023-12-1024\">De no cumplirse con la disposici\u00f3n,&nbsp;<strong>el proyecto de ley contempla multas, decomisos y clausuras temporales,&nbsp;<\/strong>mientras que el dinero de estas sanciones ser\u00e1 destinado a programas de limpieza y recuperaci\u00f3n ambiental.<\/p>\n\n\n\n<p id=\"p566289-m1029-13-1030\">Tras la aprobaci\u00f3n de este proyecto de ley, el Gobierno deber\u00e1 redactar un Plan de Adaptaci\u00f3n Laboral y reconversi\u00f3n productiva en trabajadores y empresas involucradas en la industria del pl\u00e1stico.<\/p>\n\n\n\n<p id=\"p566289-m1035-14-1036\"><strong>Cada colombiano consume anualmente el equivalente a 24 kilos de pl\u00e1stico&nbsp;<\/strong>y el 93 por ciento de los pl\u00e1sticos de un solo uso no se reciclan, seg\u00fan datos de la Procuradur\u00eda mencionados este mi\u00e9rcoles en el debate del Senado.<\/p>\n\n\n\n<p id=\"p566289-m1041-15-1042\">EFE<\/p>\n\n\n\n<p id=\"p566289-m1041-15-1042\">portafolio.com<br><\/p>\n","protected":false},"excerpt":{"rendered":"<p>Gobierno deber\u00e1 redactar un Plan de Adaptaci\u00f3n Laboral y reconversi\u00f3n productiva en trabajadores y empresas involucradas en la industria del pl\u00e1stico. POR:&nbsp;PORTAFOLIO El Senado de Colombia aprob\u00f3 este mi\u00e9rcoles el proyecto de ley que\u00a0elimina los pl\u00e1sticos de un solo uso en el pa\u00eds, despu\u00e9s de que ya lo hiciera la C\u00e1mara de Representantes, con lo [&hellip;]<\/p>\n","protected":false},"author":1,"featured_media":127227,"comment_status":"closed","ping_status":"closed","sticky":false,"template":"","format":"standard","meta":{"_acf_changed":false,"_jetpack_memberships_contains_paid_content":false,"footnotes":"","jetpack_publicize_message":"","jetpack_publicize_feature_enabled":true,"jetpack_social_post_already_shared":true,"jetpack_social_options":{"image_generator_settings":{"template":"highway","default_image_id":0,"font":"","enabled":false},"version":2}},"categories":[6],"tags":[],"class_list":["post-127226","post","type-post","status-publish","format-standard","has-post-thumbnail","hentry","category-ecologia"],"acf":[],"jetpack_publicize_connections":[],"jetpack_featured_media_url":"https:\/\/i0.wp.com\/sportseco.com\/wp-content\/uploads\/2022\/06\/6297fc7c94a0a.png?fit=700%2C526&ssl=1","jetpack_sharing_enabled":true,"_links":{"self":[{"href":"https:\/\/sportseco.com\/index.php?rest_route=\/wp\/v2\/posts\/127226","targetHints":{"allow":["GET"]}}],"collection":[{"href":"https:\/\/sportseco.com\/index.php?rest_route=\/wp\/v2\/posts"}],"about":[{"href":"https:\/\/sportseco.com\/index.php?rest_route=\/wp\/v2\/types\/post"}],"author":[{"embeddable":true,"href":"https:\/\/sportseco.com\/index.php?rest_route=\/wp\/v2\/users\/1"}],"replies":[{"embeddable":true,"href":"https:\/\/sportseco.com\/index.php?rest_route=%2Fwp%2Fv2%2Fcomments&post=127226"}],"version-history":[{"count":1,"href":"https:\/\/sportseco.com\/index.php?rest_route=\/wp\/v2\/posts\/127226\/revisions"}],"predecessor-version":[{"id":127228,"href":"https:\/\/sportseco.com\/index.php?rest_route=\/wp\/v2\/posts\/127226\/revisions\/127228"}],"wp:featuredmedia":[{"embeddable":true,"href":"https:\/\/sportseco.com\/index.php?rest_route=\/wp\/v2\/media\/127227"}],"wp:attachment":[{"href":"https:\/\/sportseco.com\/index.php?rest_route=%2Fwp%2Fv2%2Fmedia&parent=127226"}],"wp:term":[{"taxonomy":"category","embeddable":true,"href":"https:\/\/sportseco.com\/index.php?rest_route=%2Fwp%2Fv2%2Fcategories&post=127226"},{"taxonomy":"post_tag","embeddable":true,"href":"https:\/\/sportseco.com\/index.php?rest_route=%2Fwp%2Fv2%2Ftags&post=127226"}],"curies":[{"name":"wp","href":"https:\/\/api.w.org\/{rel}","templated":true}]}}