{"id":127253,"date":"2022-06-02T20:08:19","date_gmt":"2022-06-03T00:08:19","guid":{"rendered":"https:\/\/sportseco.com\/?p=127253"},"modified":"2022-06-02T20:08:30","modified_gmt":"2022-06-03T00:08:30","slug":"la-fao-en-estocolmo50","status":"publish","type":"post","link":"https:\/\/sportseco.com\/?p=127253","title":{"rendered":"La FAO en Estocolmo+50"},"content":{"rendered":"\n<figure class=\"wp-block-image\"><img data-recalc-dims=\"1\" decoding=\"async\" src=\"https:\/\/i0.wp.com\/www.fao.org\/images\/faoeventslibraries\/aprc36\/banner_stk50_esad8463a15cfe4a82ab0c116a58a68ee1.png?w=640&#038;ssl=1\" alt=\"\" title=\"Spanish-banner +50\"\/><\/figure>\n\n\n\n<p>Al reconocer la importancia del multilateralismo para hacer frente a la triple crisis planetaria de la Tierra \u2013 el clima, la naturaleza y la contaminaci\u00f3n \u2013&nbsp; Estocolmo+50 servir\u00e1 de trampol\u00edn para acelerar la aplicaci\u00f3n de la D\u00e9cada de Acci\u00f3n de las Naciones Unidas para alcanzar los Objetivos de Desarrollo Sostenible, incluida la Agenda 2030, el Acuerdo de Par\u00eds sobre el cambio clim\u00e1tico, el Marco Mundial de Biodiversidad posterior a 2020, y fomentar la adopci\u00f3n de planes de recuperaci\u00f3n verdes posteriores a la crisis de la COVID-19.<br><br>La FAO est\u00e1 dirigiendo y codirigiendo una serie de eventos como socio clave en cuestiones medioambientales relacionadas con los sistemas agroalimentarios. Tres documentos de referencia del Di\u00e1logo de Liderazgo que han dado forma a la agenda de la conferencia revelan el papel clave de los sistemas agroalimentarios para abordar las crisis a las que se enfrenta nuestro mundo.<\/p>\n\n\n\n<h3 class=\"wp-block-heading\"><br>Eventos con participaci\u00f3n de la FAO<\/h3>\n\n\n\n<h6 class=\"wp-block-heading\"><\/h6>\n\n\n\n<h6 class=\"wp-block-heading\"><strong>31 MAY &#8211; 1 JUNE 2022<\/strong><\/h6>\n\n\n\n<p><a href=\"https:\/\/www.oneplanetnetwork.org\/opnforum2022\/agenda\">One planet Forum: Sustainable Consumption and Production for a better future on a healthy planet&nbsp;<\/a>&nbsp;<\/p>\n\n\n\n<p><strong>_______________<br><\/strong><strong><\/strong><\/p>\n\n\n\n<h6 class=\"wp-block-heading\"><strong><\/strong><strong>1 JUNE 2022<\/strong><\/h6>\n\n\n\n<p><strong>10:30 \u2013 17:30<\/strong><br><a href=\"https:\/\/www.oneplanetnetwork.org\/opnforum2022\/agenda\/eat\">Stockholm+50 associated event \u2018Appetites for Change: The Power of Food\u2019<br>WWF, One Planet network, Sustainable Food Systems Programme<\/a><\/p>\n\n\n\n<p><strong>11:15 \u2013 12:15<\/strong><br>\u2018The Role of Sustainable Food Consumption and Production for a Healthy Planet and Prosperity for All\u2019<\/p>\n\n\n\n<p><strong>13:20 &#8211; 13:25<\/strong>&nbsp;<br><a href=\"https:\/\/sdg.iisd.org\/events\/high-level-segment-of-the-meetings-of-the-conferences-of-the-parties-to-the-basel-rotterdam-and-stockholm-conventions\/\">The High-level Segment of the meetings of the Conferences of the Parties to the Basel, Rotterdam and Stockholm Conventions<\/a><br><strong>Remarks:&nbsp;<\/strong>Maria Helena Semedo, Deputy Director-General, FAO |&nbsp;Victoria Hall | Hybrid<\/p>\n\n\n\n<p><strong>_______________<\/strong><\/p>\n\n\n\n<h6 class=\"wp-block-heading\"><strong>2 JUNE 2022<\/strong><\/h6>\n\n\n\n<p><strong>9.30-10.45<\/strong><br><strong><\/strong><a href=\"https:\/\/www.stockholm50.global\/events\/action-towards-green-and-blue-financing\">Actions Towards Blue and Green Financing\u202f&nbsp;<\/a><strong><br><\/strong><strong><\/strong><strong><\/strong><\/p>\n\n\n\n<p><strong>9:30 &#8211; 10:45<\/strong><br>Side event \u2018<a href=\"https:\/\/www.fao.org\/webcast\/home\/en\/item\/5853\/icode\/\">A Green and Climate Resilient Agrifood System Transformation for People and Planet<\/a>\u2019<br><strong>Opening remarks:<\/strong>&nbsp;Maria Helena Semedo, Deputy Director-General, FAO |&nbsp;Room 3 | Hybrid<br><strong><a href=\"https:\/\/www.fao.org\/webcast\/home\/en\/item\/5853\/icode\/\">Streaming link<\/a><\/strong><\/p>\n\n\n\n<p><strong>13:30 &#8211; 14:45<\/strong>&nbsp;<br>Side event \u2018<a href=\"https:\/\/www.stockholm50.global\/events\/accelerating-integrated-action-healthy-planet-and-prosperity-all-dialogue-un-heads-agencies\">Accelerating Integrated Action for a Healthy Planet and Prosperity of all \u2013 A dialogue with UN Heads of Agencies\u2019<\/a><br>Room 3<\/p>\n\n\n\n<p><strong>14:00 &#8211; 16:00<\/strong><br><a href=\"https:\/\/www.stockholm50.global\/events\/transforming-food-agriculture-value-chain\">CEO Roundtable for the Stockholm+50: &#8216;Transforming the Food &amp; Agriculture Value Chain\u2019<\/a><br>Co-hosted by World Business Council on Sustainable Development and the Food Systems Coordination Hub<\/p>\n\n\n\n<p><strong>15.15-16.30<\/strong><br><a href=\"https:\/\/www.stockholm50.global\/events\/action-towards-marine-plastic-pollution-implementation-sustainable-development-goals\">Action towards Marine Plastic Pollution for Implementation of Sustainable Development Goals\u202f\u202f&nbsp;&nbsp;<\/a><\/p>\n\n\n\n<p><strong><\/strong><strong>15:45 &#8211; 17:00&nbsp;<\/strong><br>Side event \u2018<a href=\"https:\/\/www.stockholm50.global\/events\/nature-based-restoration-and-multipurpose-use-rangelands-promising-solutions-benefit-our\">Nature-based Restoration and Multipurpose Use of Rangelands: Promising solutions to benefit our planet and people\u2019<\/a><br><strong><\/strong>Led by the Government of Mongolia, WWF, IUCN, ILRI, FAO, IYRP International Support Group<br><strong>Closing remarks:<\/strong>&nbsp;Maria Helena Semedo, Deputy Director-General, FAO |&nbsp;Room 2<\/p>\n\n\n\n<p>16:00 &#8211; 17:00<br><a href=\"http:\/\/www.world-food-forum.org\/events\/stockholm\/en\/\">Agrifood Tech Innovations for a Healthy Planet: Creating opportunities and empowering the next generation of agripreneurs&nbsp;<\/a>&nbsp;<br><strong>Speaker:&nbsp;<\/strong>&nbsp;Beth Bechdol, Deputy Director-General, FAO<\/p>\n\n\n\n<p><strong>_______________<\/strong><\/p>\n\n\n\n<h6 class=\"wp-block-heading\"><strong><\/strong><strong>3 JUNE 2022<\/strong><\/h6>\n\n\n\n<p><strong>10:00 \u2013 13:00<\/strong><br><a href=\"https:\/\/media.un.org\/en\/asset\/k1a\/k1acgmekko\">Leadership Dialogue 2: Achieving a sustainable and inclusive recovery from the COVID-19 pandemic\u00a0<strong><br><\/strong><\/a><strong>Remarks:<\/strong>\u00a0Maria Helena Semedo, Deputy Director-General, FAO on behalf of FAO, IFAD and WFP<\/p>\n\n\n\n<p><\/p>\n\n\n\n<p>fao.org<\/p>\n","protected":false},"excerpt":{"rendered":"<p>Al reconocer la importancia del multilateralismo para hacer frente a la triple crisis planetaria de la Tierra \u2013 el clima, la naturaleza y la contaminaci\u00f3n \u2013&nbsp; Estocolmo+50 servir\u00e1 de trampol\u00edn para acelerar la aplicaci\u00f3n de la D\u00e9cada de Acci\u00f3n de las Naciones Unidas para alcanzar los Objetivos de Desarrollo Sostenible, incluida la Agenda 2030, el [&hellip;]<\/p>\n","protected":false},"author":1,"featured_media":127254,"comment_status":"closed","ping_status":"closed","sticky":false,"template":"","format":"standard","meta":{"_acf_changed":false,"_jetpack_memberships_contains_paid_content":false,"footnotes":"","jetpack_publicize_message":"","jetpack_publicize_feature_enabled":true,"jetpack_social_post_already_shared":true,"jetpack_social_options":{"image_generator_settings":{"template":"highway","default_image_id":0,"font":"","enabled":false},"version":2}},"categories":[6],"tags":[],"class_list":["post-127253","post","type-post","status-publish","format-standard","has-post-thumbnail","hentry","category-ecologia"],"acf":[],"jetpack_publicize_connections":[],"jetpack_featured_media_url":"https:\/\/i0.wp.com\/sportseco.com\/wp-content\/uploads\/2022\/06\/banner_stk50_esad8463a15cfe4a82ab0c116a58a68ee1.png?fit=4625%2C1980&ssl=1","jetpack_sharing_enabled":true,"_links":{"self":[{"href":"https:\/\/sportseco.com\/index.php?rest_route=\/wp\/v2\/posts\/127253","targetHints":{"allow":["GET"]}}],"collection":[{"href":"https:\/\/sportseco.com\/index.php?rest_route=\/wp\/v2\/posts"}],"about":[{"href":"https:\/\/sportseco.com\/index.php?rest_route=\/wp\/v2\/types\/post"}],"author":[{"embeddable":true,"href":"https:\/\/sportseco.com\/index.php?rest_route=\/wp\/v2\/users\/1"}],"replies":[{"embeddable":true,"href":"https:\/\/sportseco.com\/index.php?rest_route=%2Fwp%2Fv2%2Fcomments&post=127253"}],"version-history":[{"count":1,"href":"https:\/\/sportseco.com\/index.php?rest_route=\/wp\/v2\/posts\/127253\/revisions"}],"predecessor-version":[{"id":127255,"href":"https:\/\/sportseco.com\/index.php?rest_route=\/wp\/v2\/posts\/127253\/revisions\/127255"}],"wp:featuredmedia":[{"embeddable":true,"href":"https:\/\/sportseco.com\/index.php?rest_route=\/wp\/v2\/media\/127254"}],"wp:attachment":[{"href":"https:\/\/sportseco.com\/index.php?rest_route=%2Fwp%2Fv2%2Fmedia&parent=127253"}],"wp:term":[{"taxonomy":"category","embeddable":true,"href":"https:\/\/sportseco.com\/index.php?rest_route=%2Fwp%2Fv2%2Fcategories&post=127253"},{"taxonomy":"post_tag","embeddable":true,"href":"https:\/\/sportseco.com\/index.php?rest_route=%2Fwp%2Fv2%2Ftags&post=127253"}],"curies":[{"name":"wp","href":"https:\/\/api.w.org\/{rel}","templated":true}]}}