{"id":127271,"date":"2022-06-03T09:20:29","date_gmt":"2022-06-03T13:20:29","guid":{"rendered":"https:\/\/sportseco.com\/?p=127271"},"modified":"2022-06-03T09:20:45","modified_gmt":"2022-06-03T13:20:45","slug":"el-rio-pance-y-su-parque-ambiental-grandes-aportantes-hidricos","status":"publish","type":"post","link":"https:\/\/sportseco.com\/?p=127271","title":{"rendered":"El r\u00edo Pance y su parque ambiental, grandes aportantes h\u00eddricos"},"content":{"rendered":"\n<ul class=\"wp-block-list\"><li>La concepci\u00f3n, dise\u00f1os y construcci\u00f3n del Parque Ambiental Coraz\u00f3n de Pance, tienen como eje transversal la protecci\u00f3n y pedagog\u00eda en torno al agua, un recurso fundamental para la vida que se encuentra en riesgo alrededor del mundo y es por esa raz\u00f3n que el tradicional rio Pance, patrimonio hist\u00f3rico y cultural de Cali, es su principal protagonista.<\/li><\/ul>\n\n\n\n<p>La zona de Pance, que deriva su nombre del r\u00edo, ha sido un espacio de identificaci\u00f3n y encuentro para los cale\u00f1os desde hace mucho tiempo. Esta importante fuente h\u00eddrica &nbsp;nace en los&nbsp;<a href=\"https:\/\/es.wikipedia.org\/wiki\/Farallones_de_Cali\">Farallones de Cali<\/a>, en el pico Pance, el de mayor altura de la&nbsp;<a href=\"https:\/\/es.wikipedia.org\/wiki\/Cordillera_Occidental_(Colombia)\">cordillera occidental<\/a>&nbsp;a m\u00e1s de 4.000 metros sobre el nivel del mar, tiene m\u00e1s de 25 kil\u00f3metros de recorrido en direcci\u00f3n occidente-oriente desembocando en el&nbsp;<a href=\"https:\/\/es.wikipedia.org\/w\/index.php?title=R%C3%ADo_Jamund%C3%AD&amp;action=edit&amp;redlink=1\">r\u00edo Jamund\u00ed<\/a>&nbsp;y a pesar de ser el r\u00edo m\u00e1s alejado del per\u00edmetro urbano es el de mayor caudal, 2,59 metros c\u00fabicos por segundo a su paso por el sector de La Viga y en su parte inicial las aguas son r\u00e1pidas, fr\u00edas y cristalinas.<\/p>\n\n\n\n<p>El Ingeniero Jorge Latorre, Director del Instituto Cinara de la Universidad del Valle, entidad encargada de adelantar estudios hidrol\u00f3gicos para el dise\u00f1o y construcci\u00f3n del parque, afirma que: \u201cla cuenca del r\u00edo Pance ofrece m\u00faltiples ventajas y servicios ecosist\u00e9micos gracias a su gran capacidad de aporte de aguas subterr\u00e1neas o recarga del acu\u00edfero, que es la posibilidad de infiltrar agua a las subcapas de la tierra y que \u00e9sta supla las necesidades de los dem\u00e1s reservorios de la ciudad. Los estudios indican una capacidad de infiltraci\u00f3n de cerca de 1.300 litros por segundo lo cual permitir\u00eda abastecer a&nbsp; por lo menos 600 mil habitantes diariamente\u201d.<\/p>\n\n\n\n<p>Afirma adem\u00e1s, que muy posiblemente esta agua de Pance viaja y es parte de la que se capta en la planta de Puerto Mallarino por la confluencia entre un acu\u00edfero y el r\u00edo. Los estudios permiten determinar que el r\u00edo contribuye a la regulaci\u00f3n del clima y a amortiguar las inundaciones de la zona.<\/p>\n\n\n\n<p>Sobre este patrimonio ambiental se ha presentado hist\u00f3ricamente la amenaza de la urbanizaci\u00f3n indiscriminada que capta sus aguas para uso privado a trav\u00e9s de derivaciones clandestinas para acueductos, lagos y hasta piscinas.<\/p>\n\n\n\n<p>Seg\u00fan cifras del a\u00f1o 2017, el Dagma ten\u00eda identificadas derivaciones en el \u00e1rea urbana de Cali, en el barrio Ciudad Jard\u00edn, con ramificaciones para unos 350 predios con alrededor de 45 mil habitantes que sacaban entre 300 y 1.000 litros por segundo de agua. Solo est\u00e1 permitido que cuatro grandes acueductos, entre ellos, el de La Rivera de Emcali y algunos peque\u00f1os, capten alrededor de 341 litros por segundo, en promedio en casi todo el a\u00f1o, sobre todo, en \u00e9pocas secas o de verano.<\/p>\n\n\n\n<p>Por esa raz\u00f3n la administraci\u00f3n municipal declar\u00f3 esta zona como de inter\u00e9s p\u00fablico y emprende el proyecto Parque Ambiental Coraz\u00f3n de Pance, en un esfuerzo por proteger la provisi\u00f3n de agua de toda la ciudad, adem\u00e1s de la conservaci\u00f3n de la flora y la fauna que se encontraban en peligro de desaparecer.<\/p>\n\n\n\n<p>Concluye la Directora del Dagma, Ingeniera Francy Restrepo, diciendo que \u201cla vida moderna nos obliga a pensar en parques y espacios que se comprometan con la conservaci\u00f3n, la preservaci\u00f3n y el culto a la naturaleza. Y como Estado, debemos tomar decisiones y acciones concretas contra el cambio clim\u00e1tico y privilegiar la vida. Esa es nuestra mayor responsabilidad\u201d.<\/p>\n\n\n\n<p><strong><em>Viviana Giraldo Ossa<\/em><\/strong><\/p>\n\n\n\n<p><\/p>\n\n\n\n<p>cali.gov.co<\/p>\n","protected":false},"excerpt":{"rendered":"<p>La concepci\u00f3n, dise\u00f1os y construcci\u00f3n del Parque Ambiental Coraz\u00f3n de Pance, tienen como eje transversal la protecci\u00f3n y pedagog\u00eda en torno al agua, un recurso fundamental para la vida que se encuentra en riesgo alrededor del mundo y es por esa raz\u00f3n que el tradicional rio Pance, patrimonio hist\u00f3rico y cultural de Cali, es su [&hellip;]<\/p>\n","protected":false},"author":1,"featured_media":127272,"comment_status":"closed","ping_status":"closed","sticky":false,"template":"","format":"standard","meta":{"_acf_changed":false,"_jetpack_memberships_contains_paid_content":false,"footnotes":"","jetpack_publicize_message":"","jetpack_publicize_feature_enabled":true,"jetpack_social_post_already_shared":true,"jetpack_social_options":{"image_generator_settings":{"template":"highway","default_image_id":0,"font":"","enabled":false},"version":2}},"categories":[6],"tags":[],"class_list":["post-127271","post","type-post","status-publish","format-standard","has-post-thumbnail","hentry","category-ecologia"],"acf":[],"jetpack_publicize_connections":[],"jetpack_featured_media_url":"https:\/\/i0.wp.com\/sportseco.com\/wp-content\/uploads\/2022\/06\/thpub_700X400_169329.jpg?fit=700%2C317&ssl=1","jetpack_sharing_enabled":true,"_links":{"self":[{"href":"https:\/\/sportseco.com\/index.php?rest_route=\/wp\/v2\/posts\/127271","targetHints":{"allow":["GET"]}}],"collection":[{"href":"https:\/\/sportseco.com\/index.php?rest_route=\/wp\/v2\/posts"}],"about":[{"href":"https:\/\/sportseco.com\/index.php?rest_route=\/wp\/v2\/types\/post"}],"author":[{"embeddable":true,"href":"https:\/\/sportseco.com\/index.php?rest_route=\/wp\/v2\/users\/1"}],"replies":[{"embeddable":true,"href":"https:\/\/sportseco.com\/index.php?rest_route=%2Fwp%2Fv2%2Fcomments&post=127271"}],"version-history":[{"count":1,"href":"https:\/\/sportseco.com\/index.php?rest_route=\/wp\/v2\/posts\/127271\/revisions"}],"predecessor-version":[{"id":127273,"href":"https:\/\/sportseco.com\/index.php?rest_route=\/wp\/v2\/posts\/127271\/revisions\/127273"}],"wp:featuredmedia":[{"embeddable":true,"href":"https:\/\/sportseco.com\/index.php?rest_route=\/wp\/v2\/media\/127272"}],"wp:attachment":[{"href":"https:\/\/sportseco.com\/index.php?rest_route=%2Fwp%2Fv2%2Fmedia&parent=127271"}],"wp:term":[{"taxonomy":"category","embeddable":true,"href":"https:\/\/sportseco.com\/index.php?rest_route=%2Fwp%2Fv2%2Fcategories&post=127271"},{"taxonomy":"post_tag","embeddable":true,"href":"https:\/\/sportseco.com\/index.php?rest_route=%2Fwp%2Fv2%2Ftags&post=127271"}],"curies":[{"name":"wp","href":"https:\/\/api.w.org\/{rel}","templated":true}]}}