{"id":127287,"date":"2022-06-03T13:18:25","date_gmt":"2022-06-03T17:18:25","guid":{"rendered":"https:\/\/sportseco.com\/?p=127287"},"modified":"2022-06-03T13:18:37","modified_gmt":"2022-06-03T17:18:37","slug":"la-uefa-esboza-los-terminos-de-referencia-para-la-revision-independiente-y-emite-una-sincera-disculpa-a-los-aficionados-por-los-angustiosos-sucesos-de-la-final-de-la-champions-league","status":"publish","type":"post","link":"https:\/\/sportseco.com\/?p=127287","title":{"rendered":"La UEFA esboza los T\u00e9rminos de Referencia para la Revisi\u00f3n Independiente y emite una sincera disculpa a los aficionados por los angustiosos sucesos de la final de la Champions League"},"content":{"rendered":"\n<ul class=\"wp-block-list\"><li>La UEFA pide disculpas a todos los aficionados atrapados en los angustiosos acontecimientos del s\u00e1bado.<\/li><li><\/li><\/ul>\n\n\n\n<p>La UEFA desea pedir sinceras disculpas a todos los espectadores que tuvieron que experimentar o presenciar sucesos aterradores y angustiosos durante los preparativos de la final de la UEFA Champions League en el Stade de France el 28 de mayo de 2022 en Par\u00eds, en una noche que deber\u00eda haber sido una celebraci\u00f3n del f\u00fatbol europeo de clubes. Ning\u00fan aficionado al f\u00fatbol deber\u00eda verse en esa situaci\u00f3n, y no debe volver a suceder.&nbsp;<\/p>\n\n\n\n<p>Para ello, inmediatamente despu\u00e9s de los acontecimientos, la UEFA encarg\u00f3 una&nbsp;<strong><a href=\"https:\/\/es.uefa.com\/insideuefa\/mediaservices\/mediareleases\/news\/0275-154520e66a62-6a2abf445fdd-1000--la-uefa-encarga-un-informe\/\">Revisi\u00f3n Independiente<\/a><\/strong>&nbsp;para identificar las deficiencias y responsabilidades de todas las entidades involucradas en la organizaci\u00f3n de la final, y ha publicado hoy los&nbsp;<strong><a href=\"https:\/\/editorial.uefa.com\/resources\/0276-154cf73fb282-5c6d1c275f6a-1000\/ucl_final_2022_-_independent_report_-_terms_of_reference_20220603182447.pdf\">T\u00e9rminos de Referencia<\/a><\/strong>&nbsp;para esta revisi\u00f3n.&nbsp;<\/p>\n\n\n\n<p>La Revisi\u00f3n Independiente, que ser\u00e1 dirigida por el Dr. Tiago Brand\u00e3o Rodrigues, de Portugal, tiene como objetivo entender lo que sucedi\u00f3 antes de la final, y determinar qu\u00e9 lecciones se deben aprender para asegurar que no se repitan las acciones y los sucesos de ese d\u00eda.&nbsp;<\/p>\n\n\n\n<p>La Revisi\u00f3n tratar\u00e1 de establecer una imagen completa y una cronolog\u00eda de lo que ocurri\u00f3 durante el d\u00eda, tanto dentro del estadio como en los alrededores, incluyendo el an\u00e1lisis de los flujos de espectadores al estadio a trav\u00e9s de los distintos puntos de acceso.&nbsp;<\/p>\n\n\n\n<p>Tambi\u00e9n examinar\u00e1 todos los planes operativos pertinentes relacionados con la seguridad, la movilidad y la venta de entradas, as\u00ed como otros a discreci\u00f3n del responsable de la Revisi\u00f3n, y examinar\u00e1 la planificaci\u00f3n y la preparaci\u00f3n de las entidades implicadas para la celebraci\u00f3n de la final, incluso en lugares adicionales como los puntos de encuentro de aficionados del Liverpool FC y del Real Madrid CF.<\/p>\n\n\n\n<p>La Revisi\u00f3n Independiente tiene como objetivo identificar cualquier problema o brecha en la aplicaci\u00f3n y funcionamiento de las operaciones y evaluar las funciones y responsabilidades de todas las entidades involucradas y la adecuaci\u00f3n de su respuesta a los sucesos, con el fin de hacer recomendaciones sobre las mejores pr\u00e1cticas para el futuro para la UEFA y las partes interesadas.<\/p>\n\n\n\n<p>La Revisi\u00f3n contar\u00e1 con la participaci\u00f3n de la UEFA y de todas las partes interesadas, incluyendo, pero sin limitarse a ello, los grupos de aficionados, entre ellos Football Supporters Europe, as\u00ed como los de los dos clubes finalistas, los propios clubes finalistas, los espectadores en general, la Federaci\u00f3n Francesa de F\u00fatbol, la Polic\u00eda y otras autoridades p\u00fablicas nacionales y locales, y el operador del estadio.<\/p>\n\n\n\n<p>En breve se comunicar\u00e1 m\u00e1s informaci\u00f3n sobre c\u00f3mo pueden presentar sus testimonios las partes interesadas (a trav\u00e9s de una direcci\u00f3n de correo electr\u00f3nico espec\u00edfica o de un cuestionario online).<\/p>\n\n\n\n<p>Los resultados de la Revisi\u00f3n, las conclusiones y las recomendaciones se expondr\u00e1n detalladamente en el informe y ser\u00e1n obra del Dr. Tiago Brand\u00e3o Rodrigues y de los expertos que le apoyar\u00e1n. La Revisi\u00f3n se iniciar\u00e1 inmediatamente y deber\u00e1 concluirse en el plazo m\u00e1s breve posible para producir una revisi\u00f3n completa de los hechos.<\/p>\n\n\n\n<p>Una vez completado y en aras de la transparencia, el Informe ser\u00e1 publicado por UEFA en www.uefa.com.<\/p>\n\n\n\n<p>\u00a9 1998-2022 UEFA. All rights reserved.<\/p>\n","protected":false},"excerpt":{"rendered":"<p>La UEFA pide disculpas a todos los aficionados atrapados en los angustiosos acontecimientos del s\u00e1bado. La UEFA desea pedir sinceras disculpas a todos los espectadores que tuvieron que experimentar o presenciar sucesos aterradores y angustiosos durante los preparativos de la final de la UEFA Champions League en el Stade de France el 28 de mayo [&hellip;]<\/p>\n","protected":false},"author":1,"featured_media":127288,"comment_status":"closed","ping_status":"closed","sticky":false,"template":"","format":"standard","meta":{"_acf_changed":false,"_jetpack_memberships_contains_paid_content":false,"footnotes":"","jetpack_publicize_message":"","jetpack_publicize_feature_enabled":true,"jetpack_social_post_already_shared":true,"jetpack_social_options":{"image_generator_settings":{"template":"highway","default_image_id":0,"font":"","enabled":false},"version":2}},"categories":[5],"tags":[],"class_list":["post-127287","post","type-post","status-publish","format-standard","has-post-thumbnail","hentry","category-futbol"],"acf":[],"jetpack_publicize_connections":[],"jetpack_featured_media_url":"https:\/\/i0.wp.com\/sportseco.com\/wp-content\/uploads\/2022\/06\/liverpool_fc_v_real_madrid_-_uefa_champions_league_final_2021_22.jpg?fit=988%2C556&ssl=1","jetpack_sharing_enabled":true,"_links":{"self":[{"href":"https:\/\/sportseco.com\/index.php?rest_route=\/wp\/v2\/posts\/127287","targetHints":{"allow":["GET"]}}],"collection":[{"href":"https:\/\/sportseco.com\/index.php?rest_route=\/wp\/v2\/posts"}],"about":[{"href":"https:\/\/sportseco.com\/index.php?rest_route=\/wp\/v2\/types\/post"}],"author":[{"embeddable":true,"href":"https:\/\/sportseco.com\/index.php?rest_route=\/wp\/v2\/users\/1"}],"replies":[{"embeddable":true,"href":"https:\/\/sportseco.com\/index.php?rest_route=%2Fwp%2Fv2%2Fcomments&post=127287"}],"version-history":[{"count":1,"href":"https:\/\/sportseco.com\/index.php?rest_route=\/wp\/v2\/posts\/127287\/revisions"}],"predecessor-version":[{"id":127289,"href":"https:\/\/sportseco.com\/index.php?rest_route=\/wp\/v2\/posts\/127287\/revisions\/127289"}],"wp:featuredmedia":[{"embeddable":true,"href":"https:\/\/sportseco.com\/index.php?rest_route=\/wp\/v2\/media\/127288"}],"wp:attachment":[{"href":"https:\/\/sportseco.com\/index.php?rest_route=%2Fwp%2Fv2%2Fmedia&parent=127287"}],"wp:term":[{"taxonomy":"category","embeddable":true,"href":"https:\/\/sportseco.com\/index.php?rest_route=%2Fwp%2Fv2%2Fcategories&post=127287"},{"taxonomy":"post_tag","embeddable":true,"href":"https:\/\/sportseco.com\/index.php?rest_route=%2Fwp%2Fv2%2Ftags&post=127287"}],"curies":[{"name":"wp","href":"https:\/\/api.w.org\/{rel}","templated":true}]}}