{"id":127290,"date":"2022-06-03T13:23:35","date_gmt":"2022-06-03T17:23:35","guid":{"rendered":"https:\/\/sportseco.com\/?p=127290"},"modified":"2022-06-03T13:23:47","modified_gmt":"2022-06-03T17:23:47","slug":"bogota-se-une-a-la-celebracion-del-dia-mundial-de-la-bici-con-estas-actividades","status":"publish","type":"post","link":"https:\/\/sportseco.com\/?p=127290","title":{"rendered":"Bogot\u00e1 se une a la celebraci\u00f3n del D\u00eda Mundial de la Bici con estas actividades"},"content":{"rendered":"\n<p><img data-recalc-dims=\"1\" decoding=\"async\" src=\"https:\/\/i0.wp.com\/bogota.gov.co\/sites\/default\/files\/styles\/1050px\/public\/2022-06\/alcaldia-2.jpg?w=640&#038;ssl=1\" alt=\"3 de junio 2022: actividades del D\u00eda Mundial de la Bicicleta en Bogot\u00e1\"><\/p>\n\n\n\n<p>La<strong>&nbsp;Organizaci\u00f3n de las Naciones Unidas (ONU)<\/strong>&nbsp;declar\u00f3 el 3 de junio como el D\u00eda Mundial de la Bicicleta ya que \u201cconstituye un medio de transporte sostenible, sencillo, asequible, fiable, limpio y ecol\u00f3gico que contribuye a la gesti\u00f3n ambiental y beneficia la salud\u201d.<\/p>\n\n\n\n<p>Para unirse a la conmemoraci\u00f3n del D\u00eda Mundial de la Bici, la<strong>&nbsp;Secretar\u00eda Distrital de Movilidad&nbsp;<\/strong>llevar\u00e1 a cabo una agenda de actividades gratuitas para ciclistas:<\/p>\n\n\n\n<p><strong>1.Resignificaci\u00f3n de espacios para mujeres ciclistas:&nbsp;<\/strong><\/p>\n\n\n\n<h2 class=\"wp-block-heading\">CONTENIDOS RELACIONADOS<\/h2>\n\n\n\n<p><a href=\"https:\/\/bogota.gov.co\/mi-ciudad\/movilidad\">Movilidad<\/a>02\u2022Jun\u20222022<\/p>\n\n\n\n<h3 class=\"wp-block-heading\"><a href=\"https:\/\/bogota.gov.co\/mi-ciudad\/movilidad\/el-idu-pone-al-servicio-un-nuevo-asistente-virtual-un-chat-en-vivo\">IDU estrena chat en vivo \u00a1Tramita el paz y salvo de valorizaci\u00f3n y mucho m\u00e1s!&nbsp;<\/a><\/h3>\n\n\n\n<p><a href=\"https:\/\/bogota.gov.co\/mi-ciudad\/movilidad\">Movilidad<\/a>02\u2022Jun\u20222022<\/p>\n\n\n\n<h3 class=\"wp-block-heading\"><a href=\"https:\/\/bogota.gov.co\/mi-ciudad\/movilidad\/obras-de-movilidad-que-se-adelantan-en-localidad-de-rafael-uribe-uribe\">Extensi\u00f3n Caracas Sur, megaobra que mejorar\u00e1 la movilidad en Rafael Uribe Uribe<\/a><\/h3>\n\n\n\n<ul class=\"wp-block-list\"><li>Se realizar\u00e1 una intervenci\u00f3n simb\u00f3lica con pintura, en un tramo de ciclorruta de la localidad de Bosa para llamar la atenci\u00f3n sobre el derecho de las mujeres ciclistas a una vida libre de violencias.<\/li><li>Lugar: ciclorruta cll. 52 sur con cra. 100<\/li><li>Hora:&nbsp;<strong>8:00 a.m. a 5:00 p.m.<\/strong><\/li><\/ul>\n\n\n\n<p><strong>2.Rodada \u2018Guadalupe nocturno\u2019:<\/strong><\/p>\n\n\n\n<ul class=\"wp-block-list\"><li>Caravana nocturna de ciclistas rumbo al mirador del Cerro de Guadalupe. Se realizar\u00e1 charla pedag\u00f3gica en seguridad vial para promover el autocuidado y desplazamiento seguro en las v\u00edas.<\/li><li>Punto de encuentro: Parque Nacional &#8211; Torre del reloj<\/li><li>Hora:<strong>&nbsp;6:00 p.m.<\/strong><\/li><\/ul>\n\n\n\n<p><strong>3. Actividad pedag\u00f3gica Vidas reflectivas:<\/strong><\/p>\n\n\n\n<ul class=\"wp-block-list\"><li>En alianza con los colectivos de ciclistas, se realizar\u00e1 entrega de material reflectivo en tres ciclorrutas de alto tr\u00e1fico de la ciudad con el fin de incentivar la seguridad vial y el desplazamiento seguro en las v\u00edas.<\/li><li>Lugar: Ciclorrutas de las localidades de Kennedy, Usaqu\u00e9n y Chapinero<\/li><li>Hora:&nbsp;<strong>5:00 p.m.<\/strong><\/li><\/ul>\n\n\n\n<p><strong>Aqu\u00ed, un trino de la Secretar\u00eda de Movilidad sobre el D\u00eda Mundial de la Bicicleta:<\/strong>https:\/\/platform.twitter.com\/embed\/Tweet.html?creatorScreenName=bogota&amp;creatorUserId=57664761&amp;dnt=false&amp;embedId=twitter-widget-0&amp;features=eyJ0ZndfZXhwZXJpbWVudHNfY29va2llX2V4cGlyYXRpb24iOnsiYnVja2V0IjoxMjA5NjAwLCJ2ZXJzaW9uIjpudWxsfSwidGZ3X3JlZnNyY19zZXNzaW9uIjp7ImJ1Y2tldCI6Im9mZiIsInZlcnNpb24iOm51bGx9LCJ0Zndfc2Vuc2l0aXZlX21lZGlhX2ludGVyc3RpdGlhbF8xMzk2MyI6eyJidWNrZXQiOiJpbnRlcnN0aXRpYWwiLCJ2ZXJzaW9uIjpudWxsfSwidGZ3X3R3ZWV0X3Jlc3VsdF9taWdyYXRpb25fMTM5NzkiOnsiYnVja2V0IjoidHdlZXRfcmVzdWx0IiwidmVyc2lvbiI6bnVsbH19&amp;frame=false&amp;hideCard=false&amp;hideThread=false&amp;id=1532075004736716803&amp;lang=es&amp;origin=https%3A%2F%2Fbogota.gov.co%2Fmi-ciudad%2Fmovilidad%2F3-de-junio-2022-actividades-del-dia-mundial-de-la-bicicleta-en-bogota&amp;sessionId=98814248d07344445b0a4b257d30c77ce94d6ac0&amp;siteScreenName=bogota&amp;siteUserId=57664761&amp;theme=light&amp;widgetsVersion=b45a03c79d4c1%3A1654150928467&amp;width=550px<\/p>\n\n\n\n<h2 class=\"wp-block-heading\">\u00bfPor qu\u00e9 Bogot\u00e1 es l\u00edder en el uso y promoci\u00f3n de la bici?<\/h2>\n\n\n\n<ul class=\"wp-block-list\"><li>La capital colombiana cuenta con m\u00e1s de\u00a0<strong>590 kil\u00f3metros de ciclorrutas permanentes y 7 kil\u00f3metros de ciclov\u00edas temporales<\/strong>, ciclo infraestructura que hace los viajes de las y los ciclistas m\u00e1s seguros, directos y confortables. En esta red se destacan proyectos de gran impacto implementados en esta administraci\u00f3n como las ciclorrutas de la Carrera S\u00e9ptima, Carrera Novena y Calle 13.<\/li><li>Bogot\u00e1 es la \u00fanica ciudad de Colombia que cuenta con una\u00a0<strong>Pol\u00edtica P\u00fablica de la Bicicleta\u00a0<\/strong>la cual garantiza recursos por cerca de $2,2 billones para la implementaci\u00f3n de proyectos bici hasta 2039.<\/li><li>Este a\u00f1o Bogot\u00e1 tendr\u00e1 su primer\u00a0<strong>Sistema de Bicicletas Compartidas<\/strong>, que se caracterizar\u00e1 por ser un sistema incluyente, con enfoque de g\u00e9nero y por ser el segundo m\u00e1s grande de Am\u00e9rica Latina. El Sistema estar\u00e1 ubicado entre las localidades de Usaqu\u00e9n y La Candelaria, permitir\u00e1 la f\u00e1cil conexi\u00f3n con el Sistema de Transporte P\u00fablico y contar\u00e1 con al menos 300 estaciones y 3.300 bicicletas.<\/li><li>Bogot\u00e1 es la \u00fanica ciudad de Colombia que cuenta con el\u00a0<strong>Registro Bici<\/strong>, una herramienta que permite asociar los datos personales de los ciclistas \u200b\u200bcon los de su bicicleta, lo cual le facilita a la ciudadan\u00eda demostrar la propiedad de su veh\u00edculo y a las autoridades policivas, regresar las bicicletas recuperadas a trav\u00e9s de un mecanismo v\u00e1lido.<\/li><li>Actualmente Bogot\u00e1 cuenta con m\u00e1s de 50 mil cupos de\u00a0<strong>cicloparqueaderos<\/strong>, de los cuales 22.752 de ellos tienen sello de calidad otorgados por la Secretar\u00eda Distrital de Movilidad, por cumplir con las condiciones de seguridad, comodidad y accesibilidad.<\/li><\/ul>\n\n\n\n<p>bogota.gov.co<\/p>\n","protected":false},"excerpt":{"rendered":"<p>La&nbsp;Organizaci\u00f3n de las Naciones Unidas (ONU)&nbsp;declar\u00f3 el 3 de junio como el D\u00eda Mundial de la Bicicleta ya que \u201cconstituye un medio de transporte sostenible, sencillo, asequible, fiable, limpio y ecol\u00f3gico que contribuye a la gesti\u00f3n ambiental y beneficia la salud\u201d. Para unirse a la conmemoraci\u00f3n del D\u00eda Mundial de la Bici, la&nbsp;Secretar\u00eda Distrital de [&hellip;]<\/p>\n","protected":false},"author":1,"featured_media":127291,"comment_status":"closed","ping_status":"closed","sticky":false,"template":"","format":"standard","meta":{"_acf_changed":false,"_jetpack_memberships_contains_paid_content":false,"footnotes":"","jetpack_publicize_message":"","jetpack_publicize_feature_enabled":true,"jetpack_social_post_already_shared":true,"jetpack_social_options":{"image_generator_settings":{"template":"highway","default_image_id":0,"font":"","enabled":false},"version":2}},"categories":[6],"tags":[],"class_list":["post-127290","post","type-post","status-publish","format-standard","has-post-thumbnail","hentry","category-ecologia"],"acf":[],"jetpack_publicize_connections":[],"jetpack_featured_media_url":"https:\/\/i0.wp.com\/sportseco.com\/wp-content\/uploads\/2022\/06\/alcaldia-2.jpg?fit=1050%2C551&ssl=1","jetpack_sharing_enabled":true,"_links":{"self":[{"href":"https:\/\/sportseco.com\/index.php?rest_route=\/wp\/v2\/posts\/127290","targetHints":{"allow":["GET"]}}],"collection":[{"href":"https:\/\/sportseco.com\/index.php?rest_route=\/wp\/v2\/posts"}],"about":[{"href":"https:\/\/sportseco.com\/index.php?rest_route=\/wp\/v2\/types\/post"}],"author":[{"embeddable":true,"href":"https:\/\/sportseco.com\/index.php?rest_route=\/wp\/v2\/users\/1"}],"replies":[{"embeddable":true,"href":"https:\/\/sportseco.com\/index.php?rest_route=%2Fwp%2Fv2%2Fcomments&post=127290"}],"version-history":[{"count":1,"href":"https:\/\/sportseco.com\/index.php?rest_route=\/wp\/v2\/posts\/127290\/revisions"}],"predecessor-version":[{"id":127292,"href":"https:\/\/sportseco.com\/index.php?rest_route=\/wp\/v2\/posts\/127290\/revisions\/127292"}],"wp:featuredmedia":[{"embeddable":true,"href":"https:\/\/sportseco.com\/index.php?rest_route=\/wp\/v2\/media\/127291"}],"wp:attachment":[{"href":"https:\/\/sportseco.com\/index.php?rest_route=%2Fwp%2Fv2%2Fmedia&parent=127290"}],"wp:term":[{"taxonomy":"category","embeddable":true,"href":"https:\/\/sportseco.com\/index.php?rest_route=%2Fwp%2Fv2%2Fcategories&post=127290"},{"taxonomy":"post_tag","embeddable":true,"href":"https:\/\/sportseco.com\/index.php?rest_route=%2Fwp%2Fv2%2Ftags&post=127290"}],"curies":[{"name":"wp","href":"https:\/\/api.w.org\/{rel}","templated":true}]}}