{"id":127296,"date":"2022-06-03T22:31:53","date_gmt":"2022-06-04T02:31:53","guid":{"rendered":"https:\/\/sportseco.com\/?p=127296"},"modified":"2022-06-03T22:32:05","modified_gmt":"2022-06-04T02:32:05","slug":"seleccion-colombia-de-mayores-tuvo-primer-entrenamiento-de-campo-en-espana","status":"publish","type":"post","link":"https:\/\/sportseco.com\/?p=127296","title":{"rendered":"SELECCI\u00d3N COLOMBIA DE MAYORES TUVO PRIMER ENTRENAMIENTO DE CAMPO EN ESPA\u00d1A"},"content":{"rendered":"\n<p>La Selecci\u00f3n Colombia Masculina de Mayores tuvo su primer entrenamiento de campo con grupo completo en la cancha del hotel de concentraci\u00f3n en Murcia, Espa\u00f1a.<\/p>\n\n\n\n<p>En la ma\u00f1ana, Rafael Santos Borr\u00e9 y \u00c9der \u00c1lvarez Balanta atendieron a los medios de comunicaci\u00f3n de manera virtual, y en la tarde se tuvo la pr\u00e1ctica en la que se trabajaron ejercicios t\u00e1cticos de ataque y defensa.<\/p>\n\n\n\n<p>Este s\u00e1bado el director t\u00e9cnico encargado H\u00e9ctor C\u00e1rdenas estar\u00e1 atendiendo a los medios de comunicaci\u00f3n a las 10:00 a.m. hora de nuestro pa\u00eds previo al amistoso que se jugar\u00e1 ante Arabia Saudita.<\/p>\n\n\n\n<p><\/p>\n\n\n\n<p>fcf.com.co<\/p>\n","protected":false},"excerpt":{"rendered":"<p>La Selecci\u00f3n Colombia Masculina de Mayores tuvo su primer entrenamiento de campo con grupo completo en la cancha del hotel de concentraci\u00f3n en Murcia, Espa\u00f1a. En la ma\u00f1ana, Rafael Santos Borr\u00e9 y \u00c9der \u00c1lvarez Balanta atendieron a los medios de comunicaci\u00f3n de manera virtual, y en la tarde se tuvo la pr\u00e1ctica en la que [&hellip;]<\/p>\n","protected":false},"author":1,"featured_media":127297,"comment_status":"closed","ping_status":"closed","sticky":false,"template":"","format":"standard","meta":{"_acf_changed":false,"_jetpack_memberships_contains_paid_content":false,"footnotes":"","jetpack_publicize_message":"","jetpack_publicize_feature_enabled":true,"jetpack_social_post_already_shared":true,"jetpack_social_options":{"image_generator_settings":{"template":"highway","default_image_id":0,"font":"","enabled":false},"version":2}},"categories":[5],"tags":[],"class_list":["post-127296","post","type-post","status-publish","format-standard","has-post-thumbnail","hentry","category-futbol"],"acf":[],"jetpack_publicize_connections":[],"jetpack_featured_media_url":"https:\/\/i0.wp.com\/sportseco.com\/wp-content\/uploads\/2022\/06\/Copia-de-DSC_0708-1056x650-1.jpg?fit=1056%2C650&ssl=1","jetpack_sharing_enabled":true,"_links":{"self":[{"href":"https:\/\/sportseco.com\/index.php?rest_route=\/wp\/v2\/posts\/127296","targetHints":{"allow":["GET"]}}],"collection":[{"href":"https:\/\/sportseco.com\/index.php?rest_route=\/wp\/v2\/posts"}],"about":[{"href":"https:\/\/sportseco.com\/index.php?rest_route=\/wp\/v2\/types\/post"}],"author":[{"embeddable":true,"href":"https:\/\/sportseco.com\/index.php?rest_route=\/wp\/v2\/users\/1"}],"replies":[{"embeddable":true,"href":"https:\/\/sportseco.com\/index.php?rest_route=%2Fwp%2Fv2%2Fcomments&post=127296"}],"version-history":[{"count":1,"href":"https:\/\/sportseco.com\/index.php?rest_route=\/wp\/v2\/posts\/127296\/revisions"}],"predecessor-version":[{"id":127298,"href":"https:\/\/sportseco.com\/index.php?rest_route=\/wp\/v2\/posts\/127296\/revisions\/127298"}],"wp:featuredmedia":[{"embeddable":true,"href":"https:\/\/sportseco.com\/index.php?rest_route=\/wp\/v2\/media\/127297"}],"wp:attachment":[{"href":"https:\/\/sportseco.com\/index.php?rest_route=%2Fwp%2Fv2%2Fmedia&parent=127296"}],"wp:term":[{"taxonomy":"category","embeddable":true,"href":"https:\/\/sportseco.com\/index.php?rest_route=%2Fwp%2Fv2%2Fcategories&post=127296"},{"taxonomy":"post_tag","embeddable":true,"href":"https:\/\/sportseco.com\/index.php?rest_route=%2Fwp%2Fv2%2Ftags&post=127296"}],"curies":[{"name":"wp","href":"https:\/\/api.w.org\/{rel}","templated":true}]}}