{"id":127350,"date":"2022-06-05T16:30:22","date_gmt":"2022-06-05T20:30:22","guid":{"rendered":"https:\/\/sportseco.com\/?p=127350"},"modified":"2022-06-05T16:30:33","modified_gmt":"2022-06-05T20:30:33","slug":"50-anos-luchando-por-una-sola-tierra-respetuosa-con-el-medioambiente","status":"publish","type":"post","link":"https:\/\/sportseco.com\/?p=127350","title":{"rendered":"50 a\u00f1os luchando por \u00abUna sola Tierra\u00bb respetuosa con el medioambiente"},"content":{"rendered":"\n<p>Paloma san Segundo.-\u00a0El D\u00eda Mundial del Medio Ambiente cumple 50 a\u00f1os de su designaci\u00f3n por Naciones Unidas y desde entonces cada 5 de junio recuerda la necesidad de salvaguardar el planeta y de actuar en clave de sostenibilidad para conseguir el bienestar global de la humanidad y la armon\u00eda con la naturaleza.<\/p>\n\n\n\n<p><strong>#Una sola Tierra<\/strong>&nbsp;es el lema elegido por Naciones Unidas para el D\u00eda del Medioambiente 2022, la misma frase que presidi\u00f3 la primera Conferencia sobre el Medio Humano celebrada en Estocolmo a mediados de junio de 1972, hace ahora medio siglo.<\/p>\n\n\n\n<p>Aquella conferencia supuso la incorporaci\u00f3n de la&nbsp;<strong>protecci\u00f3n&nbsp;<\/strong>medioambiental en la agenda internacional y en ella se cre\u00f3 el Programa de las Naciones Unidas para el Medio Ambiente (PNUMA), la principal autoridad encargada de evaluar el estado del planeta y de la naturaleza a nivel mundial y las&nbsp;<strong>causas de su progresivo deterioro.<\/strong><\/p>\n\n\n\n<p>En aquella ocasi\u00f3n adem\u00e1s se design\u00f3 el 5 de junio como D\u00eda Mundial del Medio Ambiente para recordar a la humanidad que<strong>&nbsp;la Tierra \u00abes nuestro \u00fanico hogar<\/strong>&nbsp;y es responsabilidad de todos salvaguardar sus recursos finitos\u00bb, seg\u00fan se\u00f1alaron entonces los organizadores.<\/p>\n\n\n\n<p>De nuevo, y como ocurriera hace 50 a\u00f1os,<strong>&nbsp;Suecia ejerce de pa\u00eds anfitri\u00f3n<\/strong>&nbsp;de este D\u00eda Mundial y lo hace \u00abpor sus avances significativos\u00bb en materia de medio ambiente y por \u00absu compromiso de lograr para 2045 las cero emisiones netas y un balance negativo de emisiones a partir de entonces\u00bb, ha explicado Inger Andersen, directora ejecutiva del PNUMA.<\/p>\n\n\n\n<h2 class=\"wp-block-heading\">50 a\u00f1os de luca ambientalista<\/h2>\n\n\n\n<blockquote class=\"wp-block-quote is-layout-flow wp-block-quote-is-layout-flow\"><p>La conferencia de Estocolmo \u00abmarc\u00f3 una nueva \u00e9poca para la sociedad y el medio ambiente\u00bb asegura a EFEverde<strong>&nbsp;Luis M. Jim\u00e9nez Herrero,<\/strong>&nbsp;presidente de la Asociaci\u00f3n para la Sostenibilidad y el Progreso de las Sociedades (ASYPS) y profesor honorifico de la Universidad Complutense y a\u00f1ade que aquella cita supuso el inicio de una etapa para los movimientos ambientalistas \u00abhasta entonces muy limitados\u00bb.<\/p><\/blockquote>\n\n\n\n<p>A ra\u00edz de Estocolmo, asegura Jim\u00e9nez Herrero, se fragu\u00f3 el concepto de \u00abquien contamina paga\u00bb y&nbsp;<strong>empezaron las divergencias entre los pa\u00edses \u00abenriquecidos y empobrecidos\u00bb<\/strong>, todo lo cual deriv\u00f3 en lo que ahora se denominan \u00abcumbres de desarrollo sostenible\u00bb fruto de las diferencias entre el \u00abnorte y el sur global\u00bb.<\/p>\n\n\n\n<p>\u00abEn los \u00faltimos 50 a\u00f1os se han hecho muchas cosas, pero no con la rapidez necesaria\u00bb, argumenta el experto que recuerda que para Naciones Unidas estamos inmersos en una&nbsp;<strong>\u00abtriple crisis planetaria\u00bb<\/strong>: la que provocan el cambio clim\u00e1tico; la destrucci\u00f3n de la naturaleza y la p\u00e9rdida de la biodiversidad y la contaminaci\u00f3n y los residuos.<\/p>\n\n\n\n<p>Para el profesor Jim\u00e9nez Herrero la soluci\u00f3n a esta crisis medioambiental pasa por lucha \u00abal un\u00edsono\u00bb de todos los gobiernos y de toda la sociedad y sobre todo dotarse de \u00abmayores dosis de l\u00f3gica de la sostenibilidad\u00bb, por tratarse, a su juicio, \u00abdel elemento aglutinador que marcar\u00e1 el camino hacia un futuro realmente esperanzador\u00bb.<\/p>\n\n\n\n<h2 class=\"wp-block-heading\">La situaci\u00f3n \u00abcr\u00edtica y decisiva\u00bb del planeta<\/h2>\n\n\n\n<p>En declaraciones a EFEverde, el secretario general de&nbsp;<strong>WWF, Juan Carlos del Olmo,&nbsp;<\/strong>&nbsp;se refiere&nbsp; a los \u00faltimos 50 a\u00f1os como un per\u00edodo \u00abdeterminante\u00bb que han situado al planeta en una posici\u00f3n \u00abdecisiva y cr\u00edtica\u00bb en la que \u00abhemos llevado los ecosistemas y a la atm\u00f3sfera absolutamente al l\u00edmite\u00bb hasta el punto de que \u00ablas poblaciones de animales vertebrados del mundo se han reducido un 70 por ciento\u00bb.<\/p>\n\n\n\n<p>En su opini\u00f3n, la \u00abparte positiva\u00bb de estos 50 a\u00f1os ha sido<strong>&nbsp;la creaci\u00f3n de una \u00abconciencia global\u00bb por el medio ambiente<\/strong>&nbsp;que ha sabido salir adelante a pesar de \u00abmuchos intereses\u00bb contrarios, y tambi\u00e9n a una \u00abarquitectura legal\u00bb europea e internacional que ha tra\u00eddo \u00abavances importantes\u00bb en la materia como el Acuerdo de Par\u00eds,&nbsp; pero reconoce que \u00aba\u00fan falta much\u00edsimo por hacer\u00bb.<\/p>\n\n\n\n<blockquote class=\"wp-block-quote is-layout-flow wp-block-quote-is-layout-flow\"><p>\u00abLa protecci\u00f3n del medio ambiente es la prioridad absoluta y sin ella la humanidad no puede avanzar\u00bb, asegura a EFEverde Del Olmo y recalca: \u00abno podemos permitir que los avances conseguidos queden aparcados hasta mejor momento por otras emergencias, porque esta es la gran emergencia, la gran prioridad donde nos jugamos nuestro futuro y el de las generaciones futuras\u00bb.<\/p><\/blockquote>\n\n\n\n<p>Para&nbsp;<strong>Greenpeace<\/strong>&nbsp;en este medio siglo \u00abse ha avanzado mucho, pero de manera insuficiente\u00bb, aunque admiten que se ha ganado en conciencia ciudadana, en estructuras p\u00fablicas y pol\u00edticas y se han alcanzado&nbsp;<strong>acuerdos internacionales<\/strong>, como los de Par\u00eds o Kioto contra el cambio clim\u00e1tico y la p\u00e9rdida de biodiversidad.<\/p>\n\n\n\n<h2 class=\"wp-block-heading\">La situaci\u00f3n de Espa\u00f1a<\/h2>\n\n\n\n<p>Sin embargo, en Espa\u00f1a lamentan que se hayan creado figuras de protecci\u00f3n ambiental para Do\u00f1ana o el Mar Menor, \u00abque han sido reiteradamente vulneradas\u00bb y para revertir esa situaci\u00f3n proponen acelerar la transici\u00f3n hacia energ\u00edas renovables y sostenibles y&nbsp;<strong>reforzar la protecci\u00f3n del medioambiente con un ordenamiento jur\u00eddico<\/strong>&nbsp;\u00abque persiga a quienes ejercen o hacen el da\u00f1o y lo sancionen\u00bb.<\/p>\n\n\n\n<p>Para el secretario general de WWF Espa\u00f1a \u00abes un ejemplo mundial de los pasos que hay que dar\u00bb en protecci\u00f3n del medio ambiente, a pesar de que su modelo energ\u00e9tico \u00abse siga basando en los combustibles f\u00f3siles\u00bb.<\/p>\n\n\n\n<p>Tanto WWF como Greenpeace consideran que la&nbsp;<strong>Ley espa\u00f1ola de Cambio Clim\u00e1tico es \u00abpoco ambiciosa\u00bb<\/strong>&nbsp;y mientras para los primeros representa \u00abun hito\u00bb en el objetivo de descarbonizaci\u00f3n de la econom\u00eda para 2050, los segundos reclaman mayor compromiso de reducci\u00f3n de los gases de efecto invernadero y que se refuerce la apuesta por las energ\u00edas renovables. EFEverde<\/p>\n","protected":false},"excerpt":{"rendered":"<p>Paloma san Segundo.-\u00a0El D\u00eda Mundial del Medio Ambiente cumple 50 a\u00f1os de su designaci\u00f3n por Naciones Unidas y desde entonces cada 5 de junio recuerda la necesidad de salvaguardar el planeta y de actuar en clave de sostenibilidad para conseguir el bienestar global de la humanidad y la armon\u00eda con la naturaleza. #Una sola Tierra&nbsp;es [&hellip;]<\/p>\n","protected":false},"author":1,"featured_media":127351,"comment_status":"closed","ping_status":"closed","sticky":false,"template":"","format":"standard","meta":{"_acf_changed":false,"_jetpack_memberships_contains_paid_content":false,"footnotes":"","jetpack_publicize_message":"","jetpack_publicize_feature_enabled":true,"jetpack_social_post_already_shared":true,"jetpack_social_options":{"image_generator_settings":{"template":"highway","default_image_id":0,"font":"","enabled":false},"version":2}},"categories":[6],"tags":[],"class_list":["post-127350","post","type-post","status-publish","format-standard","has-post-thumbnail","hentry","category-ecologia"],"acf":[],"jetpack_publicize_connections":[],"jetpack_featured_media_url":"https:\/\/i0.wp.com\/sportseco.com\/wp-content\/uploads\/2022\/06\/A%CC%81frica-Kimimasa-Mayama-globo-768x551-1.jpg?fit=768%2C551&ssl=1","jetpack_sharing_enabled":true,"_links":{"self":[{"href":"https:\/\/sportseco.com\/index.php?rest_route=\/wp\/v2\/posts\/127350","targetHints":{"allow":["GET"]}}],"collection":[{"href":"https:\/\/sportseco.com\/index.php?rest_route=\/wp\/v2\/posts"}],"about":[{"href":"https:\/\/sportseco.com\/index.php?rest_route=\/wp\/v2\/types\/post"}],"author":[{"embeddable":true,"href":"https:\/\/sportseco.com\/index.php?rest_route=\/wp\/v2\/users\/1"}],"replies":[{"embeddable":true,"href":"https:\/\/sportseco.com\/index.php?rest_route=%2Fwp%2Fv2%2Fcomments&post=127350"}],"version-history":[{"count":1,"href":"https:\/\/sportseco.com\/index.php?rest_route=\/wp\/v2\/posts\/127350\/revisions"}],"predecessor-version":[{"id":127352,"href":"https:\/\/sportseco.com\/index.php?rest_route=\/wp\/v2\/posts\/127350\/revisions\/127352"}],"wp:featuredmedia":[{"embeddable":true,"href":"https:\/\/sportseco.com\/index.php?rest_route=\/wp\/v2\/media\/127351"}],"wp:attachment":[{"href":"https:\/\/sportseco.com\/index.php?rest_route=%2Fwp%2Fv2%2Fmedia&parent=127350"}],"wp:term":[{"taxonomy":"category","embeddable":true,"href":"https:\/\/sportseco.com\/index.php?rest_route=%2Fwp%2Fv2%2Fcategories&post=127350"},{"taxonomy":"post_tag","embeddable":true,"href":"https:\/\/sportseco.com\/index.php?rest_route=%2Fwp%2Fv2%2Ftags&post=127350"}],"curies":[{"name":"wp","href":"https:\/\/api.w.org\/{rel}","templated":true}]}}