{"id":128069,"date":"2022-06-19T18:29:09","date_gmt":"2022-06-19T22:29:09","guid":{"rendered":"https:\/\/sportseco.com\/?p=128069"},"modified":"2022-06-19T18:29:20","modified_gmt":"2022-06-19T22:29:20","slug":"seleccion-colombia-recibe-invitacion-para-el-tour-de-lavenir-2022","status":"publish","type":"post","link":"https:\/\/sportseco.com\/?p=128069","title":{"rendered":"Selecci\u00f3n Colombia recibe invitaci\u00f3n para el Tour de L\u2019Avenir 2022"},"content":{"rendered":"\n<p>La Federaci\u00f3n Colombiana de Ciclismo recibi\u00f3 la invitaci\u00f3n oficial para que la Selecci\u00f3n Colombia Andina participe en la edici\u00f3n 2022 del Tour de L\u2019Avenir, la carrera m\u00e1s importante del mundo para ciclistas sub-23.<\/p>\n\n\n\n<p>Por octava ocasi\u00f3n consecutiva nuestro pa\u00eds tendr\u00e1 presencia en la hist\u00f3rica carrera, que se disputar\u00e1 entre el 18 y el 28 de agosto, en Francia.<\/p>\n\n\n\n<p>Desde ya el entrenador nacional de ruta, Carlos Mario Jaramillo y la Comisi\u00f3n T\u00e9cnica de la federaci\u00f3n, analizan la n\u00f3mina que buscar\u00e1 seguir dejando en alto el nombre del ciclismo colombiano en las carreteras europeas.<\/p>\n\n\n\n<p>Cabe recordar que, Colombia logr\u00f3 el t\u00edtulo de la carrera con Nairo Quintana (2010), Esteban Chaves (2011), Miguel \u00c1ngel L\u00f3pez (2014) y Egan Bernal (2017), mientras que en 2018 y 2019, Iv\u00e1n Sosa y Jhojan Garc\u00eda ocuparon un lugar en el Top-10, y Alejandro Osorio se coron\u00f3 campe\u00f3n de la monta\u00f1a.<\/p>\n\n\n\n<p><\/p>\n\n\n\n<p>federacioncolombianadeciclismo.com<\/p>\n","protected":false},"excerpt":{"rendered":"<p>La Federaci\u00f3n Colombiana de Ciclismo recibi\u00f3 la invitaci\u00f3n oficial para que la Selecci\u00f3n Colombia Andina participe en la edici\u00f3n 2022 del Tour de L\u2019Avenir, la carrera m\u00e1s importante del mundo para ciclistas sub-23. Por octava ocasi\u00f3n consecutiva nuestro pa\u00eds tendr\u00e1 presencia en la hist\u00f3rica carrera, que se disputar\u00e1 entre el 18 y el 28 de [&hellip;]<\/p>\n","protected":false},"author":1,"featured_media":128070,"comment_status":"closed","ping_status":"closed","sticky":false,"template":"","format":"standard","meta":{"_acf_changed":false,"_jetpack_memberships_contains_paid_content":false,"footnotes":"","jetpack_publicize_message":"","jetpack_publicize_feature_enabled":true,"jetpack_social_post_already_shared":true,"jetpack_social_options":{"image_generator_settings":{"template":"highway","default_image_id":0,"font":"","enabled":false},"version":2}},"categories":[14],"tags":[],"class_list":["post-128069","post","type-post","status-publish","format-standard","has-post-thumbnail","hentry","category-ciclismo"],"acf":[],"jetpack_publicize_connections":[],"jetpack_featured_media_url":"https:\/\/i0.wp.com\/sportseco.com\/wp-content\/uploads\/2022\/06\/611546ab01978.jpg?fit=640%2C428&ssl=1","jetpack_sharing_enabled":true,"_links":{"self":[{"href":"https:\/\/sportseco.com\/index.php?rest_route=\/wp\/v2\/posts\/128069","targetHints":{"allow":["GET"]}}],"collection":[{"href":"https:\/\/sportseco.com\/index.php?rest_route=\/wp\/v2\/posts"}],"about":[{"href":"https:\/\/sportseco.com\/index.php?rest_route=\/wp\/v2\/types\/post"}],"author":[{"embeddable":true,"href":"https:\/\/sportseco.com\/index.php?rest_route=\/wp\/v2\/users\/1"}],"replies":[{"embeddable":true,"href":"https:\/\/sportseco.com\/index.php?rest_route=%2Fwp%2Fv2%2Fcomments&post=128069"}],"version-history":[{"count":1,"href":"https:\/\/sportseco.com\/index.php?rest_route=\/wp\/v2\/posts\/128069\/revisions"}],"predecessor-version":[{"id":128071,"href":"https:\/\/sportseco.com\/index.php?rest_route=\/wp\/v2\/posts\/128069\/revisions\/128071"}],"wp:featuredmedia":[{"embeddable":true,"href":"https:\/\/sportseco.com\/index.php?rest_route=\/wp\/v2\/media\/128070"}],"wp:attachment":[{"href":"https:\/\/sportseco.com\/index.php?rest_route=%2Fwp%2Fv2%2Fmedia&parent=128069"}],"wp:term":[{"taxonomy":"category","embeddable":true,"href":"https:\/\/sportseco.com\/index.php?rest_route=%2Fwp%2Fv2%2Fcategories&post=128069"},{"taxonomy":"post_tag","embeddable":true,"href":"https:\/\/sportseco.com\/index.php?rest_route=%2Fwp%2Fv2%2Ftags&post=128069"}],"curies":[{"name":"wp","href":"https:\/\/api.w.org\/{rel}","templated":true}]}}