{"id":128084,"date":"2022-06-20T10:51:10","date_gmt":"2022-06-20T14:51:10","guid":{"rendered":"https:\/\/sportseco.com\/?p=128084"},"modified":"2022-06-20T10:51:21","modified_gmt":"2022-06-20T14:51:21","slug":"sergio-higuita-subcampeon-del-tour-de-suiza-daniel-martinez-termino-octavo","status":"publish","type":"post","link":"https:\/\/sportseco.com\/?p=128084","title":{"rendered":"Sergio Higuita, subcampe\u00f3n del Tour de Suiza. Daniel Mart\u00ednez termin\u00f3 octavo"},"content":{"rendered":"\n<p>Los ciclistas colombianos Sergio Higuita y Daniel Felipe Mart\u00ednez cumplieron una destacada actuaci\u00f3n en el Tour de Suiza, en el que lograron ubicarse dentro de los diez primeros de la general en la ronda que finaliz\u00f3 este domingo, con una contrarreloj individual, en la que ambos colombianos lograron buenos registros.<\/p>\n\n\n\n<p>Higuita, corredor del Bora, que llegaba a la \u00faltima jornada como l\u00edder, logr\u00f3 su mejor tiempo en esta modalidad, y a pesar de resignar el primer lugar de la general ante un especialista de la crono como el brit\u00e1nico Geraint Thomas (Ineos), consigui\u00f3 que su actuaci\u00f3n le valiera para quedarse con el subcampeonato de la carrera, y con el t\u00edtulo entre los j\u00f3venes.<\/p>\n\n\n\n<p>Higuita consigui\u00f3 de esta manera su segundo podio de 2022, luego de salir campe\u00f3n de la Vuelta a Catalu\u00f1a en marzo.<\/p>\n\n\n\n<p>Por su parte, Mart\u00ednez finaliz\u00f3 cuarto en la contrarreloj, a tan solo 28 segundos de Remco Evenepoel, que se qued\u00f3 con la etapa, resultado que le sirvi\u00f3 para meterse en el Top 10 final, al ubicarse en el octavo puesto, a 3:39 de su compa\u00f1ero de equipo.<\/p>\n\n\n\n<p><strong>Clasificaci\u00f3n CRI 25km<\/strong><\/p>\n\n\n\n<p>1 Remco Evenepoel (Quick-Step Alpha Vinyl Team) 28:26<\/p>\n\n\n\n<p>2 Geraint Thomas (INEOS Grenadiers) + 3s<\/p>\n\n\n\n<p>3 Stefan Kung (Groupama \u2013 FDJ) + 10s<\/p>\n\n\n\n<p>4 Daniel Mart\u00ednez (INEOS Grenadiers) + 28s<\/p>\n\n\n\n<p>11 Sergio Higuita (BORA \u2013 hansgrohe) + 1:17<\/p>\n\n\n\n<p><strong>Clasificaci\u00f3n final del Tour de Suiza<\/strong><\/p>\n\n\n\n<p>1 Geraint Thomas (INEOS Grenadiers) 33:07:09<\/p>\n\n\n\n<p>2 Sergio Higuita (BORA \u2013 hansgrohe) +1:12<\/p>\n\n\n\n<p>3 Jakob Fuglsang (Israel Premier Tech) +1:16<\/p>\n\n\n\n<p>8 Daniel Felipe Mart\u00ednez (INEOS Grenadiers) +3:39<\/p>\n\n\n\n<p><\/p>\n\n\n\n<p>federacioncolombianadeciclismo.com<\/p>\n","protected":false},"excerpt":{"rendered":"<p>Los ciclistas colombianos Sergio Higuita y Daniel Felipe Mart\u00ednez cumplieron una destacada actuaci\u00f3n en el Tour de Suiza, en el que lograron ubicarse dentro de los diez primeros de la general en la ronda que finaliz\u00f3 este domingo, con una contrarreloj individual, en la que ambos colombianos lograron buenos registros. Higuita, corredor del Bora, que [&hellip;]<\/p>\n","protected":false},"author":1,"featured_media":128085,"comment_status":"closed","ping_status":"closed","sticky":false,"template":"","format":"standard","meta":{"_acf_changed":false,"_jetpack_memberships_contains_paid_content":false,"footnotes":"","jetpack_publicize_message":"","jetpack_publicize_feature_enabled":true,"jetpack_social_post_already_shared":true,"jetpack_social_options":{"image_generator_settings":{"template":"highway","default_image_id":0,"font":"","enabled":false},"version":2}},"categories":[14],"tags":[],"class_list":["post-128084","post","type-post","status-publish","format-standard","has-post-thumbnail","hentry","category-ciclismo"],"acf":[],"jetpack_publicize_connections":[],"jetpack_featured_media_url":"https:\/\/i0.wp.com\/sportseco.com\/wp-content\/uploads\/2022\/06\/Screen-Shot-2022-06-20-at-9.47.18-AM.png?fit=1072%2C489&ssl=1","jetpack_sharing_enabled":true,"_links":{"self":[{"href":"https:\/\/sportseco.com\/index.php?rest_route=\/wp\/v2\/posts\/128084","targetHints":{"allow":["GET"]}}],"collection":[{"href":"https:\/\/sportseco.com\/index.php?rest_route=\/wp\/v2\/posts"}],"about":[{"href":"https:\/\/sportseco.com\/index.php?rest_route=\/wp\/v2\/types\/post"}],"author":[{"embeddable":true,"href":"https:\/\/sportseco.com\/index.php?rest_route=\/wp\/v2\/users\/1"}],"replies":[{"embeddable":true,"href":"https:\/\/sportseco.com\/index.php?rest_route=%2Fwp%2Fv2%2Fcomments&post=128084"}],"version-history":[{"count":1,"href":"https:\/\/sportseco.com\/index.php?rest_route=\/wp\/v2\/posts\/128084\/revisions"}],"predecessor-version":[{"id":128086,"href":"https:\/\/sportseco.com\/index.php?rest_route=\/wp\/v2\/posts\/128084\/revisions\/128086"}],"wp:featuredmedia":[{"embeddable":true,"href":"https:\/\/sportseco.com\/index.php?rest_route=\/wp\/v2\/media\/128085"}],"wp:attachment":[{"href":"https:\/\/sportseco.com\/index.php?rest_route=%2Fwp%2Fv2%2Fmedia&parent=128084"}],"wp:term":[{"taxonomy":"category","embeddable":true,"href":"https:\/\/sportseco.com\/index.php?rest_route=%2Fwp%2Fv2%2Fcategories&post=128084"},{"taxonomy":"post_tag","embeddable":true,"href":"https:\/\/sportseco.com\/index.php?rest_route=%2Fwp%2Fv2%2Ftags&post=128084"}],"curies":[{"name":"wp","href":"https:\/\/api.w.org\/{rel}","templated":true}]}}