{"id":128386,"date":"2022-06-26T11:15:18","date_gmt":"2022-06-26T15:15:18","guid":{"rendered":"https:\/\/sportseco.com\/?p=128386"},"modified":"2022-06-26T11:15:29","modified_gmt":"2022-06-26T15:15:29","slug":"carlos-rodriguez-nuevo-campeon-nacional-de-espana","status":"publish","type":"post","link":"https:\/\/sportseco.com\/?p=128386","title":{"rendered":"Carlos Rodr\u00edguez, nuevo Campe\u00f3n Nacional de Espa\u00f1a"},"content":{"rendered":"\n<p>Carlos Rodr\u00edguez, a sus 21 a\u00f1os, es el nuevo campe\u00f3n de Espa\u00f1a en l\u00ednea dejando un poso de ciclista de talento infinito. Frente a Juan Ayuso y Roger Adri\u00e1, que forman parte del prometedor futuro del ciclismo espa\u00f1ol junto al de Almu\u00f1ecar, y batiendo a ciclista de primer nivel World Tour, como Jes\u00fas Herrada o Alex Aranburu, Rodr\u00edguez ha completado una actuaci\u00f3n estelar que le ha llevado a presentarse en solitario en la meta de Palma de Mallorca para ganarse el derecho a vestir durante los pr\u00f3ximos 365 d\u00edas el maillot de campe\u00f3n nacional. En el podio, le han acompa\u00f1ado Jes\u00fas Herrada, que ha sido segundo, y Alex Aranburu, que ha entrado en tercera posici\u00f3n.<\/p>\n\n\n\n<figure class=\"wp-block-image\"><img data-recalc-dims=\"1\" decoding=\"async\" src=\"https:\/\/i0.wp.com\/yosoyciclista.s3.amazonaws.com\/documentos\/smartweb\/noticia\/48953\/descripcion\/doc_62b85fd9b81f33.96039619_IMG_6919.jpg?w=640&#038;ssl=1\" alt=\"\"\/><\/figure>\n\n\n\n<p>\u201cEs todo un sue\u00f1o conseguir este maillot. Lo he luchado mucho desde categor\u00edas inferiores, he trabajado mucho este a\u00f1o, me he sacrificado mucho y poder obtener este resultado es algo muy bonito. Me ilusiona mucho poder llevar este maillot durante todo un a\u00f1o. Creo que es un sue\u00f1o para cualquier corredor espa\u00f1ol\u201d, ha explicado el corredor del Ineos, visiblemente emocionado, tras colgarse el oro.<\/p>\n\n\n\n<p>El trazado que ha planteado la prueba en l\u00ednea \u00c9lite UCI-\u00c9lite para determinar el t\u00edtulo nacional ha resultado espectacular y ha propiciado una carrera con multitud de alternativas gracias a un circuito final en torno a la ciudad de Palma que inclu\u00eda cuatro ascensos al Coll de Sa Creu. A las 9:00 h, se ha dado la salida desde Cala Millor y en un nacional en el que los j\u00f3venes ciclistas de nuestro pelot\u00f3n han sido los grandes protagonistas, Iv\u00e1n Romeo, a sus 18 a\u00f1os, ha decidido sumarse a la fiesta. Junto a Marc Brustenga y Joan Mart\u00ed Bennassar, el ciclista vallisoletano ha sido participe de la fuga del d\u00eda, que ha completado en cabeza los 98 km iniciales que han conducido hasta el circuito de Palma. Ya en la primera ascensi\u00f3n al Coll de Sa Creu, Romeo ha demostrado tener una marcha m\u00e1s que el corredor del Trek-Segafredo y el de la Fundaci\u00f3n Manuela y ha soltado a ambos para establecerse al frente en solitario.<\/p>\n\n\n\n<figure class=\"wp-block-image\"><img data-recalc-dims=\"1\" decoding=\"async\" src=\"https:\/\/i0.wp.com\/yosoyciclista.s3.amazonaws.com\/documentos\/smartweb\/noticia\/48953\/descripcion\/doc_62b860c54bf125.57378159_IMG_8291.jpg?w=640&#038;ssl=1\" alt=\"\"\/><\/figure>\n\n\n\n<p>A 60 km de meta, el corredor del Hagens Bermans-Axeon ha sido neutralizado tras un movimiento de \u00d3scar Sevilla, Jorge Arcas y Mikel Nieve, que tampoco ha prosperado. El instante que ha comenzado a definir el desenlace final de la carrera se ha producido a menos de 40 km, cuando se encaraba la pen\u00faltima ascensi\u00f3n al Coll de Sa Creu. En sus rampas, y tras una importante aceleraci\u00f3n, han quedado en un primer grupo cabecero cinco de los grandes favoritos: Jes\u00fas Herrada, Roger Adri\u00e1, Juan Ayuso, Alex Aranburu y Carlos Rodr\u00edguez. Por detr\u00e1s, han emergido varios corredores tratando de contactar, con cuatro ciclistas del Caja Rural-Seguros RGA entre ellos, que han sido claves para que cumplieran su misi\u00f3n.<\/p>\n\n\n\n<p>Sergio Mart\u00edn, Joel Nicolau, Alejandro Ropero, Ander Okamika o Antonio Pedrero, entre otros, han logrado integrarse en la cabeza de carrera junto a Adri\u00e1, Ayuso, Aranburu, Rodr\u00edguez y Herrada ya dentro del \u00faltimo giro, pero las rampas de Sa Creu han vuelto a destapar las fuerzas de cada uno de ellos. El ciclista del Ineos se ha distanciado junto a Herrada y Aranburu y ya en el tramo final de la escalada ha imprimido un punto m\u00e1s de velocidad a la bici para colocarse en posici\u00f3n de ganar el Campeonato de Espa\u00f1a en solitario.<\/p>\n\n\n\n<p>Carlos Rodr\u00edguez ha coronado con 10 segundos de ventaja y, demostrando una vez m\u00e1s una gran habilidad bajando, ha ido ampliando su renta poco a poco hasta dejar sin opci\u00f3n alguna a Herrada y Aranburu, que han tenido que conformarse con la pelea por la plata.<\/p>\n\n\n\n<figure class=\"wp-block-embed is-type-rich is-provider-gestor-del-servicio wp-block-embed-gestor-del-servicio wp-embed-aspect-16-9 wp-has-aspect-ratio\"><div class=\"wp-block-embed__wrapper\">\n<iframe loading=\"lazy\" title=\"Declaraciones de Carlos Rodr\u00edguez, campe\u00f3n de Espa\u00f1a \u00c9lite UCI en l\u00ednea 2022 #CEMallorca22\" width=\"640\" height=\"360\" src=\"https:\/\/www.youtube.com\/embed\/vsE4xnnLuUE?feature=oembed\" frameborder=\"0\" allow=\"accelerometer; autoplay; clipboard-write; encrypted-media; gyroscope; picture-in-picture; web-share\" referrerpolicy=\"strict-origin-when-cross-origin\" allowfullscreen><\/iframe>\n<\/div><\/figure>\n\n\n\n<p>Con tiempo para celebrarlo durante toda la recta de meta y fundi\u00e9ndose con su madre en un emotivo abrazo nada m\u00e1s cruzar la meta, Carlos Rodr\u00edguez ha festejado un triunfo que, seg\u00fan nos contaba \u00e9l mismo, sab\u00eda que ten\u00eda que conseguir llegando sin compa\u00f1\u00eda. \u201cImagin\u00e1bamos que la carrera estar\u00eda abierta y siendo solo dos corredores en Ineos ten\u00edamos que estar pendientes de que no se nos fuera nadie importante. A falta de dos vueltas he visto que era un buen momento y he acelerado y nos hemos ido cinco corredores. En la \u00faltima subida, sab\u00eda que ten\u00eda que darlo todo para intentar conseguir esta victoria porque si lleg\u00e1bamos al sprint iba a ser dif\u00edcil, no solo por la punta de velocidad, si no que pod\u00eda ser una loter\u00eda por la colocaci\u00f3n. Por suerte, me ha salido la apuesta y he podido disfrutar celebr\u00e1ndolo con el equipo\u201d.<\/p>\n\n\n\n<p>El sprint por la segunda plaza ha sido para Jes\u00fas Herrada, mientras que Aranburu ha tenido que conformarse con la tercera posici\u00f3n tras una gran carrera. En el grupo que ha peleado por el cuarto puesto, el m\u00e1s r\u00e1pido ha sido Juan Ayuso, que se ha mostrado tremendamente competitivo en el d\u00eda de hoy, mientras que la quinta plaza ha sido para Roger Adri\u00e1. Sexto ha entrado Antonio Pedrero; y s\u00e9ptimo, Alejandro Ropero, que tras una temporada dif\u00edcil por problemas f\u00edsico hoy se ha desquitado en el nacional.<\/p>\n\n\n\n<figure class=\"wp-block-image\"><img data-recalc-dims=\"1\" decoding=\"async\" src=\"https:\/\/i0.wp.com\/yosoyciclista.s3.amazonaws.com\/documentos\/smartweb\/noticia\/48953\/descripcion\/doc_62b86012505e69.25809141_IMG_6930.jpg?w=640&#038;ssl=1\" alt=\"\"\/><\/figure>\n\n\n\n<p>En la categor\u00eda \u00c9lite, la victoria ha sido para I\u00f1igo Gonz\u00e1lez, que ha completado una actuaci\u00f3n espectacular para ser 13\u00ba absoluto a tan solo tres minutos de Carlos Rodr\u00edguez. V\u00edctor Mart\u00ednez y Mikel Mujica se ha colgado la plata y el bronce respectivamente y le han flanqueado en el podio.<\/p>\n\n\n\n<p><\/p>\n\n\n\n<p>rfec.com<\/p>\n","protected":false},"excerpt":{"rendered":"<p>Carlos Rodr\u00edguez, a sus 21 a\u00f1os, es el nuevo campe\u00f3n de Espa\u00f1a en l\u00ednea dejando un poso de ciclista de talento infinito. Frente a Juan Ayuso y Roger Adri\u00e1, que forman parte del prometedor futuro del ciclismo espa\u00f1ol junto al de Almu\u00f1ecar, y batiendo a ciclista de primer nivel World Tour, como Jes\u00fas Herrada o [&hellip;]<\/p>\n","protected":false},"author":1,"featured_media":128381,"comment_status":"closed","ping_status":"closed","sticky":false,"template":"","format":"standard","meta":{"_acf_changed":false,"_jetpack_memberships_contains_paid_content":false,"footnotes":"","jetpack_publicize_message":"","jetpack_publicize_feature_enabled":true,"jetpack_social_post_already_shared":true,"jetpack_social_options":{"image_generator_settings":{"template":"highway","default_image_id":0,"font":"","enabled":false},"version":2}},"categories":[14],"tags":[],"class_list":["post-128386","post","type-post","status-publish","format-standard","has-post-thumbnail","hentry","category-ciclismo"],"acf":[],"jetpack_publicize_connections":[],"jetpack_featured_media_url":"https:\/\/i0.wp.com\/sportseco.com\/wp-content\/uploads\/2022\/06\/62b85c5b929b4.jpg?fit=837%2C558&ssl=1","jetpack_sharing_enabled":true,"_links":{"self":[{"href":"https:\/\/sportseco.com\/index.php?rest_route=\/wp\/v2\/posts\/128386","targetHints":{"allow":["GET"]}}],"collection":[{"href":"https:\/\/sportseco.com\/index.php?rest_route=\/wp\/v2\/posts"}],"about":[{"href":"https:\/\/sportseco.com\/index.php?rest_route=\/wp\/v2\/types\/post"}],"author":[{"embeddable":true,"href":"https:\/\/sportseco.com\/index.php?rest_route=\/wp\/v2\/users\/1"}],"replies":[{"embeddable":true,"href":"https:\/\/sportseco.com\/index.php?rest_route=%2Fwp%2Fv2%2Fcomments&post=128386"}],"version-history":[{"count":1,"href":"https:\/\/sportseco.com\/index.php?rest_route=\/wp\/v2\/posts\/128386\/revisions"}],"predecessor-version":[{"id":128387,"href":"https:\/\/sportseco.com\/index.php?rest_route=\/wp\/v2\/posts\/128386\/revisions\/128387"}],"wp:featuredmedia":[{"embeddable":true,"href":"https:\/\/sportseco.com\/index.php?rest_route=\/wp\/v2\/media\/128381"}],"wp:attachment":[{"href":"https:\/\/sportseco.com\/index.php?rest_route=%2Fwp%2Fv2%2Fmedia&parent=128386"}],"wp:term":[{"taxonomy":"category","embeddable":true,"href":"https:\/\/sportseco.com\/index.php?rest_route=%2Fwp%2Fv2%2Fcategories&post=128386"},{"taxonomy":"post_tag","embeddable":true,"href":"https:\/\/sportseco.com\/index.php?rest_route=%2Fwp%2Fv2%2Ftags&post=128386"}],"curies":[{"name":"wp","href":"https:\/\/api.w.org\/{rel}","templated":true}]}}