{"id":128397,"date":"2022-06-26T18:39:33","date_gmt":"2022-06-26T22:39:33","guid":{"rendered":"https:\/\/sportseco.com\/?p=128397"},"modified":"2022-06-26T18:39:43","modified_gmt":"2022-06-26T22:39:43","slug":"el-secretario-general-pide-disculpas-a-los-jovenes-por-el-deterioro-de-los-oceanos","status":"publish","type":"post","link":"https:\/\/sportseco.com\/?p=128397","title":{"rendered":"El Secretario General pide disculpas a los j\u00f3venes por el deterioro de los oc\u00e9anos"},"content":{"rendered":"\n<figure class=\"wp-block-image\"><img data-recalc-dims=\"1\" decoding=\"async\" src=\"https:\/\/i0.wp.com\/global.unitednations.entermediadb.net\/assets\/mediadb\/services\/module\/asset\/downloads\/preset\/Libraries\/Production%2BLibrary\/26-06-2022_Ocean-Summit_Momoa-01.jpg\/image1170x530cropped.jpg?w=640&#038;ssl=1\" alt=\"El actor y defensor de los oc\u00e9anos Jason Momoa (izquierda) se re\u00fane con j\u00f3venes defensores de los oc\u00e9anos en la playa de Carcavelos, en Lisboa (Portugal), durante la Cumbre de los Oc\u00e9anos de la ONU.\" title=\"El actor y defensor de los oc\u00e9anos Jason Momoa (izquierda) se re\u00fane con j\u00f3venes defensores de los oc\u00e9anos en la playa de Carcavelos, en Lisboa (Portugal), durante la Cumbre de los Oc\u00e9anos de la ONU.\"\/><\/figure>\n\n\n\n<p>ONU\/Eskinder Debebe<\/p>\n\n\n\n<p>El actor y defensor de los oc\u00e9anos Jason Momoa (izquierda) se re\u00fane con j\u00f3venes defensores de los oc\u00e9anos en la playa de Carcavelos, en Lisboa (Portugal), durante la Cumbre de los Oc\u00e9anos de la ONU.<a><\/a><\/p>\n\n\n\n<p>26 Junio 2022<\/p>\n\n\n\n<p><a href=\"https:\/\/news.un.org\/es\/news\/topic\/climate-change\">Cambio clim\u00e1tico y medioambiente<\/a><\/p>\n\n\n\n<p>Ant\u00f3nio Guterres participa en la Conferencia sobre los Oc\u00e9anos en Lisboa, donde lament\u00f3 que los j\u00f3venes heredar\u00e1n un planeta en problemas por la falta de acci\u00f3n de su generaci\u00f3n. \u201cTendremos que revertirlo todo: las decisiones pol\u00edticas, las decisiones econ\u00f3micas y los comportamientos individuales\u201d, sostuvo.&nbsp;<\/p>\n\n\n\n<p>El&nbsp;<a href=\"https:\/\/www.un.org\/sg\/es\">Secretario General<\/a>&nbsp;de la ONU, Ant\u00f3nio Guterres, pidi\u00f3 disculpas en nombre de su generaci\u00f3n a los m\u00e1s j\u00f3venes por el \u201cestado de los oc\u00e9anos, de la biodiversidad y del cambio clim\u00e1tico\u201d que heredar\u00e1n.<\/p>\n\n\n\n<p>&nbsp;\u201cEn mi generaci\u00f3n, los que tuvimos responsabilidades pol\u00edticas, como es mi caso<strong>, fuimos lentos, o a veces no quisimos reconocer que las cosas estaban empeorando<\/strong>\u201d, dijo el que fuera primer ministro de Portugal de 1995 a 2002, durante el Foro de la Juventud y la Innovaci\u00f3n que es parte de la C<a href=\"https:\/\/www.un.org\/es\/conferences\/ocean2022\">onferencia de la ONU sobre los Oc\u00e9anos<\/a>&nbsp;que arranca este lunes en Lisboa. \u201cY que&nbsp;<strong>a\u00fan hoy, nos movemos con demasiada lentitud<\/strong>&nbsp;en relaci\u00f3n con la necesidad de revertir la amenaza, de rehabilitar los oc\u00e9anos, rescatar la biodiversidad y detener el cambio clim\u00e1tico.&nbsp;<strong>Seguimos avanzando en la direcci\u00f3n equivocada\u201d.&nbsp;<\/strong><\/p>\n\n\n\n<p>Para el Secretario General revertir esa situaci\u00f3n \u201ces una responsabilidad generacional\u201d que va \u201cmucho m\u00e1s all\u00e1 de los l\u00edderes pol\u00edticos\u201d.&nbsp;<\/p>\n\n\n\n<p>\u201cMi generaci\u00f3n debe asumir la responsabilidad de d\u00f3nde estamos. Y, como dijo el Presidente (de Portugal), aunque probablemente podamos hacer algo para revertirlo,&nbsp;<strong>su generaci\u00f3n heredar\u00e1 un planeta en problemas.<\/strong>&nbsp;Tendremos que hacer todo para revertirlo todo: revertir las decisiones pol\u00edticas, revertir las decisiones econ\u00f3micas y revertir los comportamientos individuales\u201d, sostuvo el diplom\u00e1tico portugu\u00e9s.<\/p>\n\n\n\n<p>Los l\u00edderes econ\u00f3micos, a\u00f1adi\u00f3 \u201cnormalmente han antepuesto el beneficio a la sostenibilidad, preocup\u00e1ndose s\u00f3lo por los valores de los accionistas\u201d. El caso m\u00e1s evidente, sostuvo, es el de la industria de los combustibles f\u00f3siles, que \u201cdurante d\u00e9cadas han estado gastando millones y millones estudios cient\u00edficos falsos, en relaciones p\u00fablicas, tratando de dar la impresi\u00f3n de que los combustibles f\u00f3siles no eran tan contaminantes &nbsp;y que el cambio clim\u00e1tico no era exactamente lo que se dec\u00eda.<\/p>\n\n\n\n<p>\u201cMe recuerda a la industria del tabaco que hizo exactamente lo mismo, decir que el tabaco era totalmente inofensivo, que no habr\u00eda ning\u00fan problema para la salud.&nbsp; &nbsp;<strong>Es hora de condenar seriamente estos comportamientos\u201d,<\/strong>&nbsp;sostuvo.&nbsp;&nbsp;<\/p>\n\n\n\n<h2 class=\"wp-block-heading\">Una triple crisis<\/h2>\n\n\n\n<p><img data-recalc-dims=\"1\" decoding=\"async\" src=\"https:\/\/i0.wp.com\/global.unitednations.entermediadb.net\/assets\/mediadb\/services\/module\/asset\/downloads\/preset\/Libraries\/Production%2BLibrary\/24-06-2022_OceanImageBank_boat.jpg\/image1170x530cropped.jpg?w=640&#038;ssl=1\" alt=\"Un barco de pesca en las Seychelles\"  ><\/p>\n\n\n\n<p>\u00a9 Ocean Image Bank<\/p>\n\n\n\n<p>Un barco de pesca en las Seychelles<\/p>\n\n\n\n<p>Ahora, dijo Guterres, estamos en una situaci\u00f3n en la que vivimos una triple crisis:&nbsp;<strong>crisis clim\u00e1tica, crisis de biodiversidad, crisis de contaminaci\u00f3n.&nbsp;<\/strong><\/p>\n\n\n\n<p>El oc\u00e9ano \u201ces el punto de recepci\u00f3n de todas estas crisis\u201d, sostuvo. \u201cLos oc\u00e9anos est\u00e1n m\u00e1s calientes. Vemos c\u00f3mo se destruyen los corales. Vemos que las tormentas son cada vez m\u00e1s devastadoras en todas partes. La sobrepesca est\u00e1 teniendo un impacto dram\u00e1tico en la biodiversidad\u201d, detall\u00f3.<\/p>\n\n\n\n<p>Adem\u00e1s de ser una fuente de vida, el oc\u00e9ano estabiliza el clima y acumula carbono, actuando como un gigantesco sumidero de gases de efecto invernadero.<\/p>\n\n\n\n<p>Seg\u00fan las cifras que baraja la ONU, cerca de 680 millones de personas viven en zonas costeras de baja altitud, una cifra que aumentar\u00e1 a unos mil millones en 2050.Adem\u00e1s, los \u00faltimos an\u00e1lisis estiman que las actividades industriales basadas en el uso de los oc\u00e9anos emplear\u00e1n a 40 millones de personas a finales de esta d\u00e9cada.<\/p>\n\n\n\n<p>\u201cSu generaci\u00f3n ser\u00e1 esencial. Ahora, para vivir ya. Ma\u00f1ana, para poder gestionar y revertir esta tendencia y rescatar el planeta, y os deseo el mejor \u00e9xito.&nbsp; El \u00e9xito que, lamentablemente, mi generaci\u00f3n no pudo tener\u201d, concluy\u00f3 Guterres.<\/p>\n\n\n\n<h2 class=\"wp-block-heading\">El \u201cbast\u00f3n de mando de la naturaleza\u201d&nbsp;<\/h2>\n\n\n\n<p><img data-recalc-dims=\"1\" decoding=\"async\" src=\"https:\/\/i0.wp.com\/global.unitednations.entermediadb.net\/assets\/mediadb\/services\/module\/asset\/downloads\/preset\/Libraries\/Production%2BLibrary\/26-06-2022_Ocean-Summit_Momoa.jpg\/image1170x530cropped.jpg?w=640&#038;ssl=1\" alt=\"El actor y defensor de los oc\u00e9anos Jason Momoa (a la izquierda) y el enviado de la ONU para los oc\u00e9anos Peter Thomson (a la derecha) en la playa de Carcavelos en Lisboa, Portugal, para el momento del relevo de la naturaleza en la Cumbre de la ONU sobre lo\"  ><\/p>\n\n\n\n<p>ONU \/ Eskinder Debebe<\/p>\n\n\n\n<p>El actor y defensor de los oc\u00e9anos Jason Momoa (a la izquierda) y el enviado de la ONU para los oc\u00e9anos Peter Thomson (a la derecha) en la playa de Carcavelos en Lisboa, Portugal, para el momento del relevo de la naturaleza en la Cumbre de la ONU sobre lo<\/p>\n\n\n\n<p>Justo antes del discurso del Secretario General, la estrella de cine y activista de los oc\u00e9anos Jason Momoa hizo una aparici\u00f3n especial junto al Enviado Especial de la ONU para los Oc\u00e9anos Peter Thomson. Bajo un sol abrasador en la playa de Carcavelos, rodeado en la amplia playa de arena por j\u00f3venes, incluidos sus propios hijos, Momoa dijo que el trabajo que estaba haciendo era \u00abpara ellos y las generaciones venideras\u00bb.&nbsp;&nbsp;<\/p>\n\n\n\n<p>Al&nbsp;<strong>recibir el \u00abBast\u00f3n de la Naturaleza\u00bb<\/strong>&nbsp;de manos del Enviado Especial Peter Thomson, Momoa dijo que el bast\u00f3n, que simboliza el hecho de que los desaf\u00edos existenciales del mundo, como el cambio clim\u00e1tico y la p\u00e9rdida de biodiversidad, est\u00e1n inseparablemente relacionados con el estado de salud de los oc\u00e9anos, hab\u00eda dado la vuelta al mundo y que seguir\u00eda haci\u00e9ndolo como un s\u00edmbolo duradero para los l\u00edderes.&nbsp;&nbsp;<\/p>\n\n\n\n<p>\u00abEl momento de actuar es ahora.&nbsp;<strong>Nuestro oc\u00e9ano est\u00e1 en problemas,<\/strong>&nbsp;si combinamos ambici\u00f3n, dedicaci\u00f3n y esperanza, podemos cambiar estos resultados\u00bb, dijo.&nbsp;&nbsp;<\/p>\n\n\n\n<p>\u00abEl oc\u00e9ano, donde el agua comienza y termina su viaje, permite que los sistemas funcionen para el bienestar de los seres humanos y no humanos por igual. Sin un oc\u00e9ano sano, la vida tal como la conocemos no existir\u00eda\u00bb, a\u00f1adi\u00f3 el actor.&nbsp;&nbsp;<\/p>\n\n\n\n<p>Con los pies sumergidos por las olas de la playa, eMomoa agradeci\u00f3 a la Madre Naturaleza sus \u00abbesos del oc\u00e9ano\u00bb y pidi\u00f3 una \u00abpoderosa ola de cambio para garantizar que las generaciones actuales y las venideras puedan recibir su regalo\u00bb.&nbsp;&nbsp;<\/p>\n\n\n\n<h2 class=\"wp-block-heading\">Respetar la naturaleza&nbsp;&nbsp;<\/h2>\n\n\n\n<p><img data-recalc-dims=\"1\" decoding=\"async\" src=\"https:\/\/i0.wp.com\/global.unitednations.entermediadb.net\/assets\/mediadb\/services\/module\/asset\/downloads\/preset\/Libraries\/Production%2BLibrary\/17-03-2022_OceanImageBank_coral.jpg\/image1170x530cropped.jpg?w=640&#038;ssl=1\" alt=\"Las profundas aguas de las Islas Mayotte, en el Oc\u00e9ano \u00cdndico. \"  ><\/p>\n\n\n\n<p>\u00a9 Ocean Image Bank\/Gaby Barathieu<\/p>\n\n\n\n<p>Las profundas aguas de las Islas Mayotte, en el Oc\u00e9ano \u00cdndico.&nbsp;<\/p>\n\n\n\n<p>Rodeado de j\u00f3venes, el enviado especial de la ONU para los oc\u00e9anos, Peter Thomson, advirti\u00f3 que los j\u00f3venes se enfrentar\u00e1n a una situaci\u00f3n de calentamiento global de entre dos y tres grados durante su vida.&nbsp;<strong>\u00abEso es jugar con fuego\u00bb<\/strong>, dijo.&nbsp;&nbsp;<\/p>\n\n\n\n<p>Describi\u00f3 el \u00abBast\u00f3n de la Naturaleza\u00bb como un s\u00edmbolo de conectividad, habl\u00f3 de la importancia de respetar la naturaleza y volver a una relaci\u00f3n equilibrada con ella.&nbsp;<\/p>\n\n\n\n<p>&nbsp;\u00abTenemos que aprender a vivir respetando el oc\u00e9ano: no vertiendo basura en \u00e9l y no calent\u00e1ndolo tanto\u00bb, a\u00f1adi\u00f3.&nbsp;&nbsp;<\/p>\n\n\n\n<h2 class=\"wp-block-heading\">El Foro y la Conferencia de la ONU sobre los Oc\u00e9anos&nbsp;<\/h2>\n\n\n\n<p><img data-recalc-dims=\"1\" decoding=\"async\" src=\"https:\/\/i0.wp.com\/global.unitednations.entermediadb.net\/assets\/mediadb\/services\/module\/asset\/downloads\/preset\/Collections\/UNHCR\/Embargoed%2B2\/23-10-2021_WMO_Croatia.jpg\/image1170x530cropped.jpg?w=640&#038;ssl=1\" alt=\"La capacidad de los oc\u00e9anos para eliminar de la atm\u00f3sfera el di\u00f3xido de carbono emitido por el hombre, puede convertirse en un amortiguador menos eficaz contra el aumento de la temperatura en el futuro.\"  ><\/p>\n\n\n\n<p>OMM\/Mislav Bilic<\/p>\n\n\n\n<p>La capacidad de los oc\u00e9anos para eliminar de la atm\u00f3sfera el di\u00f3xido de carbono emitido por el hombre, puede convertirse en un amortiguador menos eficaz contra el aumento de la temperatura en el futuro.<\/p>\n\n\n\n<p>El Foro fue una oportunidad \u00fanica para que los j\u00f3venes contribuyan a la aplicaci\u00f3n del Objetivo de Desarrollo Sostenible 14 (ODS14), justo antes del inicio de la&nbsp;<a href=\"https:\/\/www.un.org\/es\/conferences\/ocean2022\">Conferencia de las Naciones Unidas sobre los Oc\u00e9anos<\/a>.<\/p>\n\n\n\n<p>Los j\u00f3venes emprendedores debatieron sus iniciativas, proyectos e ideas en encuentros con mentores, inversores, el sector privado y funcionarios gubernamentales.&nbsp;<\/p>\n\n\n\n<p>Una de las participantes en el Foro, la portuguesa Gabriela Fernandes, de 29 a\u00f1os, desarroll\u00f3 un proyecto que pretende e<strong>studiar y fotografiar delfines y ballenas.&nbsp;<\/strong><\/p>\n\n\n\n<p>\u00abEstudiarlos nos permitir\u00e1 comprender la interacci\u00f3n entre los animales de la cima de la cadena alimentaria y el resto de los animales marinos, lo que ayudar\u00e1 a descubrir [el estado de] la biodiversidad local\u00bb.&nbsp;<\/p>\n\n\n\n<p>El objetivo de la&nbsp;<a href=\"https:\/\/www.un.org\/es\/conferences\/ocean2022\">Conferencia sobre los Oc\u00e9anos<\/a>, que tendr\u00e1 lugar entre el 27 de junio y el 1 de julio, es marcar una nueva era en relaci\u00f3n con los mares. Para ello, contar\u00e1 con la presencia de Gobiernos, organizaciones no gubernamentales y universidades, as\u00ed como de empresarios que buscar\u00e1n formas de&nbsp;<strong>fomentar la denominada \u00abeconom\u00eda azul\u00bb y resaltar el nexo entre el estado de los oc\u00e9anos y el cambio clim\u00e1tico.<\/strong><\/p>\n\n\n\n<p>Se espera que de la Conferencia salgan medidas concretas, y no solo compromisos, para luchar contra la acidificaci\u00f3n del agua, la contaminaci\u00f3n, la pesca ilegal y la p\u00e9rdida de h\u00e1bitats y biodiversidad.<\/p>\n\n\n\n<p>La Conferencia tambi\u00e9n determinar\u00e1 el grado de ambici\u00f3n en la aplicaci\u00f3n del Decenio de las Naciones Unidas de las Ciencias Oce\u00e1nicas para el Desarrollo Sostenible (2021-2030).<\/p>\n\n\n\n<p>Durante la semana, Noticias ONU le ofrecer\u00e1 una cobertura diaria de la Conferencia, as\u00ed como entrevistas, podcasts y reportajes, a los que<a href=\"https:\/\/news.un.org\/pages\/es\/lungs-of-our-planet\/\">\u00a0puede acceder aqu\u00ed.\u00a0<\/a><\/p>\n\n\n\n<p><\/p>\n\n\n\n<p>news.un.org<\/p>\n","protected":false},"excerpt":{"rendered":"<p>ONU\/Eskinder Debebe El actor y defensor de los oc\u00e9anos Jason Momoa (izquierda) se re\u00fane con j\u00f3venes defensores de los oc\u00e9anos en la playa de Carcavelos, en Lisboa (Portugal), durante la Cumbre de los Oc\u00e9anos de la ONU. 26 Junio 2022 Cambio clim\u00e1tico y medioambiente Ant\u00f3nio Guterres participa en la Conferencia sobre los Oc\u00e9anos en Lisboa, [&hellip;]<\/p>\n","protected":false},"author":1,"featured_media":128398,"comment_status":"closed","ping_status":"closed","sticky":false,"template":"","format":"standard","meta":{"_acf_changed":false,"_jetpack_memberships_contains_paid_content":false,"footnotes":"","jetpack_publicize_message":"","jetpack_publicize_feature_enabled":true,"jetpack_social_post_already_shared":true,"jetpack_social_options":{"image_generator_settings":{"template":"highway","default_image_id":0,"font":"","enabled":false},"version":2}},"categories":[6],"tags":[],"class_list":["post-128397","post","type-post","status-publish","format-standard","has-post-thumbnail","hentry","category-ecologia"],"acf":[],"jetpack_publicize_connections":[],"jetpack_featured_media_url":"https:\/\/i0.wp.com\/sportseco.com\/wp-content\/uploads\/2022\/06\/image1170x530cropped-4.jpg?fit=1170%2C530&ssl=1","jetpack_sharing_enabled":true,"_links":{"self":[{"href":"https:\/\/sportseco.com\/index.php?rest_route=\/wp\/v2\/posts\/128397","targetHints":{"allow":["GET"]}}],"collection":[{"href":"https:\/\/sportseco.com\/index.php?rest_route=\/wp\/v2\/posts"}],"about":[{"href":"https:\/\/sportseco.com\/index.php?rest_route=\/wp\/v2\/types\/post"}],"author":[{"embeddable":true,"href":"https:\/\/sportseco.com\/index.php?rest_route=\/wp\/v2\/users\/1"}],"replies":[{"embeddable":true,"href":"https:\/\/sportseco.com\/index.php?rest_route=%2Fwp%2Fv2%2Fcomments&post=128397"}],"version-history":[{"count":1,"href":"https:\/\/sportseco.com\/index.php?rest_route=\/wp\/v2\/posts\/128397\/revisions"}],"predecessor-version":[{"id":128399,"href":"https:\/\/sportseco.com\/index.php?rest_route=\/wp\/v2\/posts\/128397\/revisions\/128399"}],"wp:featuredmedia":[{"embeddable":true,"href":"https:\/\/sportseco.com\/index.php?rest_route=\/wp\/v2\/media\/128398"}],"wp:attachment":[{"href":"https:\/\/sportseco.com\/index.php?rest_route=%2Fwp%2Fv2%2Fmedia&parent=128397"}],"wp:term":[{"taxonomy":"category","embeddable":true,"href":"https:\/\/sportseco.com\/index.php?rest_route=%2Fwp%2Fv2%2Fcategories&post=128397"},{"taxonomy":"post_tag","embeddable":true,"href":"https:\/\/sportseco.com\/index.php?rest_route=%2Fwp%2Fv2%2Ftags&post=128397"}],"curies":[{"name":"wp","href":"https:\/\/api.w.org\/{rel}","templated":true}]}}