{"id":128409,"date":"2022-06-27T08:48:35","date_gmt":"2022-06-27T12:48:35","guid":{"rendered":"https:\/\/sportseco.com\/?p=128409"},"modified":"2022-06-27T08:48:47","modified_gmt":"2022-06-27T12:48:47","slug":"dia-de-las-microempresas-y-las-pequenas-y-medianas-empresas-27-de-junio-2","status":"publish","type":"post","link":"https:\/\/sportseco.com\/?p=128409","title":{"rendered":"D\u00eda de las Microempresas y las Peque\u00f1as y Medianas Empresas, 27 de junio"},"content":{"rendered":"\n<h2 class=\"wp-block-heading\">Mipymes a la cabeza del\u00a0desarrollo sostenible<\/h2>\n\n\n\n<p>La Asamblea General declar\u00f3 el 27 de junio el D\u00eda de las Micro, Peque\u00f1as y Medianas Empresas (MIPYMES) para concienciar acerca de su contribuci\u00f3n a los Objetivos de Desarrollo Sostenible y la econom\u00eda global.<\/p>\n\n\n\n<p>Las mipymes representan el 90% de las empresas, entre el 60% y el 70% del empleo y el 50% del PIB a nivel mundial.<\/p>\n\n\n\n<p>Como columna vertebral de las sociedades, las mipymes contribuyen a las econom\u00edas locales y nacionales y al mantenimiento de los medios de subsistencia, en particular entre los trabajadores pobres, las mujeres, los j\u00f3venes y los grupos en situaciones vulnerables.<\/p>\n\n\n\n<p>Este a\u00f1o, quinto aniversario de este d\u00eda internacional, las peque\u00f1as empresas necesitan m\u00e1s apoyo que nunca al enfrentarse a los impactos de la pandemia, los conflictos y la crisis clim\u00e1tica. No olvidemos que las mipymes son las m\u00e1s afectadas por esta triple amenaza pero, al mismo tiempo, las m\u00e1s fundamentales para conseguir una reconstrucci\u00f3n fuerte.<\/p>\n\n\n\n<p>Las mipymes deben volverse m\u00e1s resistentes a futuros impactos, y los esfuerzos y los paquetes de est\u00edmulo deben dirigirse a los m\u00e1s afectados por las interrupciones en las cadenas de suministro mundiales, el aumento de la inflaci\u00f3n y las continuas ramificaciones de la pandemia de COVID-19.<\/p>\n\n\n\n<p>Los formuladores de pol\u00edticas deben ir m\u00e1s all\u00e1 de la recuperaci\u00f3n y considerar formas de reducir y eliminar las barreras a las que se enfrentan las mipymes, mejorar su entorno y el acceso a la financiaci\u00f3n, los mercados y la tecnolog\u00eda en estos tiempos tan delicados. Es fundamental que los pa\u00edses sigan apoyando y empoderando a las mipymes para impulsar todo su potencial e inspirando la innovaci\u00f3n, la creatividad y el trabajo decente para todos.<\/p>\n\n\n\n<p>Para escuchar a emprendedores de todo el mundo y a quienes los apoyan, y bajo el tema&nbsp;<em>\u00abResiliencia y reconstrucci\u00f3n: mipymes por el desarrollo sostenible y a la cabeza de una mejor y m\u00e1s fuerte recuperaci\u00f3n de los impactos de la pandemia, la crisis clim\u00e1tica y los conflictos<\/em>\u00ab, \u00fanete a las celebraciones que tenemos preparadas y que puedes seguir virtualmente.<\/p>\n\n\n\n<figure class=\"wp-block-image\"><a href=\"https:\/\/i0.wp.com\/www.un.org\/sites\/un2.un.org\/files\/empowering_gren_recovery_talk_show.jpg?ssl=1\"><img data-recalc-dims=\"1\" decoding=\"async\" src=\"https:\/\/i0.wp.com\/www.un.org\/sites\/un2.un.org\/files\/2022\/06\/msmeday22_invitation-spanish_0.png?w=640&#038;ssl=1\" alt=\"P\u00f3ster sobre el evento de la recuperaci\u00f3n verde\"\/><\/a><\/figure>\n\n\n\n<h3 class=\"wp-block-heading\">Resiliencia y reconstrucci\u00f3n: mipymes por el desarrollo sostenible &#8211; 27 de junio 10:00 \u2013 18:00 EDT<\/h3>\n\n\n\n<p>Este evento h\u00edbrido del D\u00eda de las MIPYMES 2022 se centra en c\u00f3mo estas empresas, impulsadas por un prop\u00f3sito y el emprendimiento social, son los pulmones empresariales para contribuir al crecimiento inclusivo, combatir las desigualdades y reconstruir mejor y m\u00e1s fuertemente, especialmente en tiempos dif\u00edciles. Puedes seguir las diferentes sesiones horarias a trav\u00e9s de ONU Web TV (disponible traducci\u00f3n al espa\u00f1ol).&nbsp;<a href=\"https:\/\/www.un.org\/sites\/un2.un.org\/files\/msmes_day_2022_june_27_programme.pdf\">Consulta el programa<\/a>.&nbsp;<\/p>\n\n\n\n<p><a href=\"https:\/\/media.un.org\/en\/asset\/k1q\/k1qlza1kmg\">10:00<\/a><\/p>\n\n\n\n<p><a href=\"https:\/\/media.un.org\/en\/asset\/k1v\/k1vim3f68v\">13:00<\/a><\/p>\n\n\n\n<p><a href=\"https:\/\/media.un.org\/en\/asset\/k1m\/k1muola4l3\">15:00<\/a><\/p>\n\n\n\n<figure class=\"wp-block-image\"><a href=\"https:\/\/intracen.org\/news-and-events\/events\/micro-small-and-medium-sized-enterprises-msme-day-2022\"><img data-recalc-dims=\"1\" decoding=\"async\" src=\"https:\/\/i0.wp.com\/www.un.org\/sites\/un2.un.org\/files\/2022\/06\/msmeday22_logo-for_un_spanish_1200x1200.jpg?w=640&#038;ssl=1\" alt=\"Banner of the event\"\/><\/a><\/figure>\n\n\n\n<h3 class=\"wp-block-heading\"><strong><a href=\"https:\/\/intracen.org\/news-and-events\/events\/micro-small-and-medium-sized-enterprises-msme-day-2022\">Otros eventos para conmemorar el d\u00eda internacional<\/a>&nbsp;<\/strong><\/h3>\n\n\n\n<p>Conoce otros eventos virtuales a los que puedes asistir. Desde aprender sobre las oportunidades que ofrece el e-commerce, pasando por\u00a0las mejores pr\u00e1cticas comerciales o la concienciaci\u00f3n sobre los retos a los que se enfrentan las mipymes.<\/p>\n\n\n\n<p><\/p>\n\n\n\n<p>un.org<\/p>\n","protected":false},"excerpt":{"rendered":"<p>Mipymes a la cabeza del\u00a0desarrollo sostenible La Asamblea General declar\u00f3 el 27 de junio el D\u00eda de las Micro, Peque\u00f1as y Medianas Empresas (MIPYMES) para concienciar acerca de su contribuci\u00f3n a los Objetivos de Desarrollo Sostenible y la econom\u00eda global. Las mipymes representan el 90% de las empresas, entre el 60% y el 70% del [&hellip;]<\/p>\n","protected":false},"author":1,"featured_media":128410,"comment_status":"closed","ping_status":"closed","sticky":false,"template":"","format":"standard","meta":{"_acf_changed":false,"_jetpack_memberships_contains_paid_content":false,"footnotes":"","jetpack_publicize_message":"","jetpack_publicize_feature_enabled":true,"jetpack_social_post_already_shared":true,"jetpack_social_options":{"image_generator_settings":{"template":"highway","default_image_id":0,"font":"","enabled":false},"version":2}},"categories":[6],"tags":[],"class_list":["post-128409","post","type-post","status-publish","format-standard","has-post-thumbnail","hentry","category-ecologia"],"acf":[],"jetpack_publicize_connections":[],"jetpack_featured_media_url":"https:\/\/i0.wp.com\/sportseco.com\/wp-content\/uploads\/2022\/06\/flo28202.jpg?fit=680%2C400&ssl=1","jetpack_sharing_enabled":true,"_links":{"self":[{"href":"https:\/\/sportseco.com\/index.php?rest_route=\/wp\/v2\/posts\/128409","targetHints":{"allow":["GET"]}}],"collection":[{"href":"https:\/\/sportseco.com\/index.php?rest_route=\/wp\/v2\/posts"}],"about":[{"href":"https:\/\/sportseco.com\/index.php?rest_route=\/wp\/v2\/types\/post"}],"author":[{"embeddable":true,"href":"https:\/\/sportseco.com\/index.php?rest_route=\/wp\/v2\/users\/1"}],"replies":[{"embeddable":true,"href":"https:\/\/sportseco.com\/index.php?rest_route=%2Fwp%2Fv2%2Fcomments&post=128409"}],"version-history":[{"count":1,"href":"https:\/\/sportseco.com\/index.php?rest_route=\/wp\/v2\/posts\/128409\/revisions"}],"predecessor-version":[{"id":128411,"href":"https:\/\/sportseco.com\/index.php?rest_route=\/wp\/v2\/posts\/128409\/revisions\/128411"}],"wp:featuredmedia":[{"embeddable":true,"href":"https:\/\/sportseco.com\/index.php?rest_route=\/wp\/v2\/media\/128410"}],"wp:attachment":[{"href":"https:\/\/sportseco.com\/index.php?rest_route=%2Fwp%2Fv2%2Fmedia&parent=128409"}],"wp:term":[{"taxonomy":"category","embeddable":true,"href":"https:\/\/sportseco.com\/index.php?rest_route=%2Fwp%2Fv2%2Fcategories&post=128409"},{"taxonomy":"post_tag","embeddable":true,"href":"https:\/\/sportseco.com\/index.php?rest_route=%2Fwp%2Fv2%2Ftags&post=128409"}],"curies":[{"name":"wp","href":"https:\/\/api.w.org\/{rel}","templated":true}]}}