{"id":128441,"date":"2022-06-27T16:25:53","date_gmt":"2022-06-27T20:25:53","guid":{"rendered":"https:\/\/sportseco.com\/?p=128441"},"modified":"2022-06-27T16:26:15","modified_gmt":"2022-06-27T20:26:15","slug":"antonio-guterres-propone-cuatro-recomendaciones-para-salvar-nuestros-oceanos","status":"publish","type":"post","link":"https:\/\/sportseco.com\/?p=128441","title":{"rendered":"Ant\u00f3nio Guterres propone cuatro recomendaciones para \u201csalvar nuestros oc\u00e9anos\u201d"},"content":{"rendered":"\n<p><a href=\"https:\/\/news.un.org\/es\/news\/topic\/climate-change\">Cambio clim\u00e1tico y medioambiente<\/a><\/p>\n\n\n\n<p>En la Conferencia de las Naciones Unidas sobre los Oc\u00e9anos celebrada el lunes en Lisboa, el titular de la ONU, Ant\u00f3nio Guterres, pide a la comunidad internacional compromiso y unidad para proteger y preservar los mares.<\/p>\n\n\n\n<p>En su intervenci\u00f3n en la inauguraci\u00f3n de la&nbsp;<a href=\"https:\/\/www.un.org\/es\/conferences\/ocean2022\">Conferencia<\/a>, Ant\u00f3nio Guterres propuso&nbsp;<strong>cuatro recomendaciones para garantizar que se invierta la tendencia de degradaci\u00f3n de los oc\u00e9anos<\/strong>.<\/p>\n\n\n\n<p><\/p>\n\n\n\n<p>Entre otras, el&nbsp;<a href=\"https:\/\/www.un.org\/sg\/es\">Secretario General<\/a>&nbsp;de la ONU subray\u00f3 la urgente necesidad de invertir de forma sostenible en las econom\u00edas que dependen del mar.<\/p>\n\n\n\n<p>El evento,&nbsp;<a href=\"https:\/\/news.un.org\/es\/interview\/2022\/06\/1510072\">coorganizado por Portugal y Kenya<\/a>, es una plataforma para abordar los retos a los que se enfrentan los oc\u00e9anos, los mares y los recursos marinos del mundo.<\/p>\n\n\n\n<p>Citando al poeta portugu\u00e9s Fernando Pessoa, Guterres declar\u00f3 que espera que la Conferencia represente un momento de unidad para todos los Estados miembros de las Naciones Unidas.<\/p>\n\n\n\n<h2 class=\"wp-block-heading\">Emergencia oce\u00e1nica<\/h2>\n\n\n\n<p>Destacando que el oc\u00e9ano nos une a todos, Guterres dijo que no hemos valorado suficiente los oc\u00e9anos, que ahora nos enfrentamos a una \u00abemergencia oce\u00e1nica\u00bb y que el rumbo de la marea debe cambiar.<\/p>\n\n\n\n<p>\u00abNuestro fracaso en la protecci\u00f3n de los oc\u00e9anos tendr\u00e1 un efecto domin\u00f3 en toda la Agenda 2030\u00bb, dijo Guterres.<\/p>\n\n\n\n<h2 class=\"wp-block-heading\">Mares sanos para un futuro com\u00fan<\/h2>\n\n\n\n<p>En la anterior Conferencia de las Naciones Unidas sobre los Oc\u00e9anos, celebrada hace cinco a\u00f1os en Nueva York, los delegados pidieron que se revirtiera el deterioro de la salud de los oc\u00e9anos.<\/p>\n\n\n\n<p>Desde entonces, se han hecho algunos progresos, sostuvo el Secretario General, aludiendo a la negociaci\u00f3n de nuevos tratados para hacer frente a la crisis mundial de los residuos pl\u00e1sticos que ahogan los oc\u00e9anos, y a los avances cient\u00edficos, en l\u00ednea con el&nbsp;<a href=\"https:\/\/www.oceandecade.org\/es\/\">Decenio de las Naciones Unidas de las Ciencias Oce\u00e1nicas para el Desarrollo Sostenible (2021-2030)<\/a>.<\/p>\n\n\n\n<p>\u00abPero no nos hagamos ilusiones. Hay que hacer mucho m\u00e1s entre todos\u00bb, subray\u00f3 Guterres, antes de plantear cuatro recomendaciones clave:<\/p>\n\n\n\n<p><img data-recalc-dims=\"1\" decoding=\"async\" src=\"https:\/\/i0.wp.com\/global.unitednations.entermediadb.net\/assets\/mediadb\/services\/module\/asset\/downloads\/preset\/Libraries\/Production%2BLibrary\/24-06-2022_OceanImageBank_sea-turtle.jpg\/image1024x768.jpg?w=640&#038;ssl=1\" alt=\"Siete especies de tortugas marinas habitan en todos los oc\u00e9anos y anidan en m\u00e1s de 100 pa\u00edses.\"  ><\/p>\n\n\n\n<p>\u00a9 Ocean Image Bank\/Jordan Robin<\/p>\n\n\n\n<p>Siete especies de tortugas marinas habitan en todos los oc\u00e9anos y anidan en m\u00e1s de 100 pa\u00edses.<\/p>\n\n\n\n<h2 class=\"wp-block-heading\">1. Invertir en econom\u00edas oce\u00e1nicas sostenibles<\/h2>\n\n\n\n<p>Guterres inst\u00f3 a las partes interesadas a&nbsp;<strong>invertir en econom\u00edas oce\u00e1nicas sostenibles para la alimentaci\u00f3n, energ\u00eda renovable y medios de subsistencia<\/strong>, a trav\u00e9s de la financiaci\u00f3n a largo plazo, recordando que de los 17&nbsp;<a href=\"https:\/\/news.un.org\/es\/news\/topic\/sdgs\">Objetivos de Desarrollo Sostenible<\/a>&nbsp;(ODS), el n\u00famero 14 ha recibido el menor apoyo de todos.<\/p>\n\n\n\n<p>\u00abLa gesti\u00f3n sostenible de los oc\u00e9anos podr\u00eda ayudar a que el oc\u00e9ano produjera hasta seis veces m\u00e1s alimentos y generara 40 veces m\u00e1s energ\u00eda renovable que en la actualidad\u00bb, afirm\u00f3 Guterres.<\/p>\n\n\n\n<p><img data-recalc-dims=\"1\" decoding=\"async\" src=\"https:\/\/i0.wp.com\/global.unitednations.entermediadb.net\/assets\/mediadb\/services\/module\/asset\/downloads\/preset\/Libraries\/Production%2BLibrary\/24-06-2022_OceanImageBank_Caribbean.jpg\/image1024x768.jpg?w=640&#038;ssl=1\" alt=\"Una colonia de coral cuerno de alce, una especie de acropora casi extinta en el Caribe.\"  ><\/p>\n\n\n\n<p>\u00a9 Ocean Image Bank\/Philip Hamilton<\/p>\n\n\n\n<p>Una colonia de coral cuerno de alce, una especie de acropora casi extinta en el Caribe.<\/p>\n\n\n\n<h2 class=\"wp-block-heading\">2. Replicar el \u00e9xito de los oc\u00e9anos<\/h2>\n\n\n\n<p>En segundo lugar, continu\u00f3, \u00ab<strong>el oc\u00e9ano debe convertirse en un modelo de c\u00f3mo podemos gestionar los bienes comunes globales<\/strong>&nbsp;para el bien de todos; y esto significa prevenir y reducir la contaminaci\u00f3n marina de todo tipo, tanto de fuentes terrestres como marinas\u00bb.<\/p>\n\n\n\n<p>Esto implica incrementar las medidas eficaces de conservaci\u00f3n por zonas y la gesti\u00f3n integrada de las zonas costeras.<\/p>\n\n\n\n<p><img data-recalc-dims=\"1\" decoding=\"async\" src=\"https:\/\/i0.wp.com\/global.unitednations.entermediadb.net\/assets\/mediadb\/services\/module\/asset\/downloads\/preset\/Libraries\/Production%2BLibrary\/22-02-2022-UNDP-Fij-iWorld-Wild-life-Day-06.jpg\/image1024x768.jpg?w=640&#038;ssl=1\" alt=\"La familia de Beqa Adventure Divers de Galoa Village, en Fiji, desempe\u00f1a un papel crucial en la protecci\u00f3n del \u00c1rea Marina Protegida.\"  ><\/p>\n\n\n\n<p>\u00a9 Beqa Adventure Divers<\/p>\n\n\n\n<p>La familia de Beqa Adventure Divers de Galoa Village, en Fiji, desempe\u00f1a un papel crucial en la protecci\u00f3n del \u00c1rea Marina Protegida.<\/p>\n\n\n\n<h2 class=\"wp-block-heading\">3. Proteger a las personas<\/h2>\n\n\n\n<p>El l\u00edder de la ONU tambi\u00e9n solicit\u00f3 una&nbsp;<strong>mayor protecci\u00f3n de los oc\u00e9anos<\/strong>&nbsp;y de las personas cuyas vidas y medios de subsistencia dependen de ellos, abordando el cambio clim\u00e1tico e&nbsp;<strong>invirtiendo en infraestructuras costeras resistentes al clima<\/strong>.<\/p>\n\n\n\n<p>\u00ab<strong>El sector del transporte mar\u00edtimo deber\u00eda comprometerse a no producir emisiones netas para 2050<\/strong>, y presentar planes cre\u00edbles para cumplir estos compromisos. Tambi\u00e9n deber\u00edamos invertir m\u00e1s en la restauraci\u00f3n y conservaci\u00f3n de los ecosistemas costeros, como los manglares, los humedales y los arrecifes de coral\u00bb, subray\u00f3 Guterres.<\/p>\n\n\n\n<p>Invit\u00f3 a todos los Estados miembros a unirse a la&nbsp;<a href=\"https:\/\/www.un.org\/es\/climate-change\/climate-solutions\/early-warning-systems\">iniciativa<\/a>&nbsp;lanzada recientemente para alcanzar el objetivo de una cobertura total del sistema de alerta temprana en los pr\u00f3ximos cinco a\u00f1os, ya que esto ayudar\u00eda a llegar a las comunidades costeras y a aquellos cuyos medios de subsistencia dependen de las medidas de protecci\u00f3n de alerta temprana en el mar.<\/p>\n\n\n\n<p><img data-recalc-dims=\"1\" decoding=\"async\" src=\"https:\/\/i0.wp.com\/global.unitednations.entermediadb.net\/assets\/mediadb\/services\/module\/asset\/downloads\/preset\/Libraries\/Production%2BLibrary\/13-06-2022-UNDP-Namada-Armada-02.jpg\/image1024x768.jpg?w=640&#038;ssl=1\" alt=\"Victor Bonito (izquierda), ecologista de arrecifes de coral,  en el vivero de cuerdas del distrito de Korolevu-i-Wai (Fiji).\"  ><\/p>\n\n\n\n<p>Reef Explorer Fiji<\/p>\n\n\n\n<p>Victor Bonito (izquierda), ecologista de arrecifes de coral, en el vivero de cuerdas del distrito de Korolevu-i-Wai (Fiji).<\/p>\n\n\n\n<h2 class=\"wp-block-heading\">4. M\u00e1s ciencia e innovaci\u00f3n<\/h2>\n\n\n\n<p>Por \u00faltimo, Guterres enfatiz\u00f3 la necesidad de m\u00e1s ciencia e innovaci\u00f3n para impulsarnos hacia lo que denomin\u00f3 un \u00ab<strong>nuevo cap\u00edtulo de la acci\u00f3n mundial sobre los oc\u00e9anos<\/strong>\u00ab.<\/p>\n\n\n\n<p>\u00abInvito a todos a unirse al objetivo de&nbsp;<a href=\"https:\/\/news.un.org\/es\/story\/2022\/02\/1503902\">cartografiar el 80% de los fondos marinos<\/a>&nbsp;para 2030. Animo al sector privado a unirse a las asociaciones que apoyan la investigaci\u00f3n y la gesti\u00f3n sostenible de los oc\u00e9anos. E insto a los gobiernos a ser m\u00e1s ambiciosos de cara a la recuperaci\u00f3n de la salud de los oc\u00e9anos\u00bb.<\/p>\n\n\n\n<p>Para terminar su intervenci\u00f3n, Guterres se refiri\u00f3 al proverbio swahili:&nbsp;<em>Bahari itatufikisha popote<\/em>, que quiere decir \u00abel oc\u00e9ano nos lleva a cualquier parte\u00bb, e hizo un llamamiento a todas las personas para que se comprometan con la acci\u00f3n oce\u00e1nica.<\/p>\n\n\n\n<p><img data-recalc-dims=\"1\" decoding=\"async\" src=\"https:\/\/i0.wp.com\/global.unitednations.entermediadb.net\/assets\/mediadb\/services\/module\/asset\/downloads\/preset\/Libraries\/Production%2BLibrary\/26-06-2022_Ocean-Summit_youth-forum-01.jpg\/image1024x768.jpg?w=640&#038;ssl=1\" alt=\"El Secretario General de la ONU, Ant\u00f3nio Guterres (derecha), habla con j\u00f3venes defensores del clima en el Foro de la Juventud y la Innovaci\u00f3n de la Conferencia de las Naciones Unidas sobre los Oc\u00e9anos, celebrada en Lisboa (Portugal).\"  ><\/p>\n\n\n\n<p>ONU\/Eskinder Debebe<\/p>\n\n\n\n<p>El Secretario General de la ONU, Ant\u00f3nio Guterres (derecha), habla con j\u00f3venes defensores del clima en el Foro de la Juventud y la Innovaci\u00f3n de la Conferencia de las Naciones Unidas sobre los Oc\u00e9anos, celebrada en Lisboa (Portugal).<\/p>\n\n\n\n<h2 class=\"wp-block-heading\">Nuestros oc\u00e9anos, nuestro futuro<\/h2>\n\n\n\n<p>Por su parte, el presidente de la&nbsp;<a href=\"https:\/\/news.un.org\/es\/events\/unga75\">Asamblea General<\/a>&nbsp;de la ONU, Abdulla Shahid, se\u00f1al\u00f3 que el oc\u00e9ano nos conecta a todos, y que la Conferencia es el lugar perfecto para demostrar los compromisos mundiales.<\/p>\n\n\n\n<p>Como maldivo \u2014dijo\u2014 \u00absoy un hijo del oc\u00e9ano (&#8230;), pero m\u00e1s all\u00e1 de los que miramos el horizonte azul cada d\u00eda, toda la humanidad depende del oc\u00e9ano para la mitad del ox\u00edgeno que respiramos. Por eso, aprovechemos esta semana para defender un recurso que nos ha mantenido a lo largo de toda nuestra existencia\u00bb.<\/p>\n\n\n\n<p>Est\u00e1 previsto que el viernes se apruebe la declaraci\u00f3n titulada \u00abNuestro oc\u00e9ano, nuestro futuro: llamamiento a la acci\u00f3n\u00bb.<\/p>\n\n\n\n<p><img data-recalc-dims=\"1\" decoding=\"async\" src=\"https:\/\/i0.wp.com\/global.unitednations.entermediadb.net\/assets\/mediadb\/services\/module\/asset\/downloads\/preset\/Libraries\/Production%2BLibrary\/27-06-2022_Ocean-Conf_Guterres-01.jpg\/image1024x768.jpg?w=640&#038;ssl=1\" alt=\"Ceremonia de apertura de la Conferencia de las Naciones Unidas sobre los Oc\u00e9anos 2022 en Lisboa (Portugal).\"  ><\/p>\n\n\n\n<p>ONU\/Eskinder Debebe<\/p>\n\n\n\n<p>Ceremonia de apertura de la Conferencia de las Naciones Unidas sobre los Oc\u00e9anos 2022 en Lisboa (Portugal).<\/p>\n\n\n\n<h2 class=\"wp-block-heading\">Kenya y Portugal, coanfitriones<\/h2>\n\n\n\n<p>Presiden la Conferencia, que se prolongar\u00e1 hasta el 1 de julio, el presidente de Kenya, Uhuru Muigai Kenyatta, y el presidente de Portugal, Marcelo Rebelo de Sousa.<\/p>\n\n\n\n<p>\u00abEsperamos salir de Lisboa con un claro entendimiento de las opciones y v\u00edas de financiaci\u00f3n. El oc\u00e9ano es el recurso m\u00e1s infravalorado de nuestro planeta\u00bb, dijo el presidente keniata, recalcando que&nbsp;<a href=\"https:\/\/news.un.org\/es\/story\/2022\/06\/1510912\">los j\u00f3venes deben estar en primera fila del debate<\/a>, y que son parte de la soluci\u00f3n.<\/p>\n\n\n\n<p>En su intervenci\u00f3n en la sesi\u00f3n plenaria, el presidente Rebelo de Sousa manifest\u00f3 que Lisboa es el punto perfecto para celebrar la&nbsp;<a href=\"https:\/\/www.un.org\/es\/conferences\/ocean2022\">Conferencia sobre los Oc\u00e9anos<\/a>&nbsp;porque el oc\u00e9ano ha sido esencial para transformar Portugal en lo que es hoy.<\/p>\n\n\n\n<p>\u00ab<strong>Los pol\u00edticos se van, los oc\u00e9anos permanecen<\/strong>. Los oc\u00e9anos son fundamentales en el equilibrio geopol\u00edtico, la atenci\u00f3n sanitaria, los recursos econ\u00f3micos, la energ\u00eda, la movilidad, la migraci\u00f3n, el desarrollo cient\u00edfico y tecnol\u00f3gico y el cambio clim\u00e1tico\u00bb, a\u00f1adi\u00f3.<\/p>\n\n\n\n<p>Durante la semana, Noticias ONU le ofrecer\u00e1 una cobertura diaria de la Conferencia, as\u00ed como entrevistas, podcasts y reportajes, a los que\u00a0<a href=\"https:\/\/news.un.org\/pages\/es\/lungs-of-our-planet\/\">puede acceder aqu\u00ed.<\/a><\/p>\n\n\n\n<p><\/p>\n\n\n\n<p>un.org<\/p>\n","protected":false},"excerpt":{"rendered":"<p>Cambio clim\u00e1tico y medioambiente En la Conferencia de las Naciones Unidas sobre los Oc\u00e9anos celebrada el lunes en Lisboa, el titular de la ONU, Ant\u00f3nio Guterres, pide a la comunidad internacional compromiso y unidad para proteger y preservar los mares. En su intervenci\u00f3n en la inauguraci\u00f3n de la&nbsp;Conferencia, Ant\u00f3nio Guterres propuso&nbsp;cuatro recomendaciones para garantizar que [&hellip;]<\/p>\n","protected":false},"author":1,"featured_media":128442,"comment_status":"closed","ping_status":"closed","sticky":false,"template":"","format":"standard","meta":{"_acf_changed":false,"_jetpack_memberships_contains_paid_content":false,"footnotes":"","jetpack_publicize_message":"","jetpack_publicize_feature_enabled":true,"jetpack_social_post_already_shared":true,"jetpack_social_options":{"image_generator_settings":{"template":"highway","default_image_id":0,"font":"","enabled":false},"version":2}},"categories":[6],"tags":[],"class_list":["post-128441","post","type-post","status-publish","format-standard","has-post-thumbnail","hentry","category-ecologia"],"acf":[],"jetpack_publicize_connections":[],"jetpack_featured_media_url":"https:\/\/i0.wp.com\/sportseco.com\/wp-content\/uploads\/2022\/06\/image1024x768.jpg?fit=1024%2C682&ssl=1","jetpack_sharing_enabled":true,"_links":{"self":[{"href":"https:\/\/sportseco.com\/index.php?rest_route=\/wp\/v2\/posts\/128441","targetHints":{"allow":["GET"]}}],"collection":[{"href":"https:\/\/sportseco.com\/index.php?rest_route=\/wp\/v2\/posts"}],"about":[{"href":"https:\/\/sportseco.com\/index.php?rest_route=\/wp\/v2\/types\/post"}],"author":[{"embeddable":true,"href":"https:\/\/sportseco.com\/index.php?rest_route=\/wp\/v2\/users\/1"}],"replies":[{"embeddable":true,"href":"https:\/\/sportseco.com\/index.php?rest_route=%2Fwp%2Fv2%2Fcomments&post=128441"}],"version-history":[{"count":1,"href":"https:\/\/sportseco.com\/index.php?rest_route=\/wp\/v2\/posts\/128441\/revisions"}],"predecessor-version":[{"id":128443,"href":"https:\/\/sportseco.com\/index.php?rest_route=\/wp\/v2\/posts\/128441\/revisions\/128443"}],"wp:featuredmedia":[{"embeddable":true,"href":"https:\/\/sportseco.com\/index.php?rest_route=\/wp\/v2\/media\/128442"}],"wp:attachment":[{"href":"https:\/\/sportseco.com\/index.php?rest_route=%2Fwp%2Fv2%2Fmedia&parent=128441"}],"wp:term":[{"taxonomy":"category","embeddable":true,"href":"https:\/\/sportseco.com\/index.php?rest_route=%2Fwp%2Fv2%2Fcategories&post=128441"},{"taxonomy":"post_tag","embeddable":true,"href":"https:\/\/sportseco.com\/index.php?rest_route=%2Fwp%2Fv2%2Ftags&post=128441"}],"curies":[{"name":"wp","href":"https:\/\/api.w.org\/{rel}","templated":true}]}}