{"id":128451,"date":"2022-06-27T18:41:00","date_gmt":"2022-06-27T22:41:00","guid":{"rendered":"https:\/\/sportseco.com\/?p=128451"},"modified":"2022-06-27T18:41:15","modified_gmt":"2022-06-27T22:41:15","slug":"los-anfitriones-de-la-conferencia-de-oceanos-de-la-onu-piden-pasar-a-la-accion","status":"publish","type":"post","link":"https:\/\/sportseco.com\/?p=128451","title":{"rendered":"Los anfitriones de la conferencia de oc\u00e9anos de la ONU piden pasar a la acci\u00f3n"},"content":{"rendered":"\n<p>Los presidentes de Portugal, Marcelo Rebelo de Sousa, y Kenia, Uhuru Kenyatta, anfitriones de la II Conferencia de los Oc\u00e9anos de la ONU, pidieron hoy pasar de las propuestas a la \u00abacci\u00f3n\u00bb, sin \u00abexcusas\u00bb, para proteger los mares.<\/p>\n\n\n\n<p>\u00abLa guerra y la pandemia no pueden ser excusa para ignorar los problemas estructurales\u00bb, dijo Rebelo de Sousa durante la sesi\u00f3n inaugural de la Conferencia, que se celebra en Lisboa hasta el pr\u00f3ximo viernes con la participaci\u00f3n de m\u00e1s de 7.000 personas, entre ellos casi una veintena de jefes de Estado.<\/p>\n\n\n\n<p>El presidente luso record\u00f3 que esta Conferencia coincide con otras grandes citas internacionales como el G7 y la Cumbre de la OTAN, pero recalc\u00f3 su importancia porque \u00ablos pol\u00edticos van y vienen, pero los oc\u00e9anos siguen ah\u00ed\u00bb.<\/p>\n\n\n\n<p>\u00abEstar\u00e1n aqu\u00ed durante miles de millones de a\u00f1os si dejamos de destruirlos\u00bb, insisti\u00f3 Rebelo de Sousa, que consider\u00f3 que esta conferencia se produce \u00aben el momento y el lugar apropiados\u00bb.<\/p>\n\n\n\n<h2 class=\"wp-block-heading\">ODS14<\/h2>\n\n\n\n<p>Por su parte, el presidente keniata se\u00f1al\u00f3 que la primera Conferencia de los Oc\u00e9anos de la ONU, celebrada en 2017 en Nueva York, \u00abllam\u00f3 la atenci\u00f3n de la comunidad internacional\u00bb para aplicar el Objetivo de Desarrollo Sostenible (ODS) n\u00famero 14, referente a los mares, pero ahora es momento de pasar a la \u00abacci\u00f3n\u00bb.<\/p>\n\n\n\n<p>\u00abEsperamos que de esta segunda conferencia podamos pasar de las propuestas a la acci\u00f3n, movida por la ciencia, la tecnolog\u00eda y la innovaci\u00f3n. Esperamos que nos hablen de soluciones\u00bb, dijo Kenyatta.<\/p>\n\n\n\n<p>El jefe del Estado de Kenia alert\u00f3 de que el 14 es el m\u00e1s \u00absubfinanciado\u00bb de los 17 ODS, por lo que esta cumbre debe abordar tambi\u00e9n los medios de financiaci\u00f3n para proteger los oc\u00e9anos.<\/p>\n\n\n\n<p>\u00abEspero que recordemos Lisboa como el lugar donde se produjo esta inflexi\u00f3n de la historia\u00bb, sentenci\u00f3.<\/p>\n\n\n\n<p>La II Conferencia de los Oc\u00e9anos de Lisboa fue inaugurada este lunes en Lisboa por el secretario general de Naciones Unidas, el portugu\u00e9s Ant\u00f3nio Guterres.<\/p>\n\n\n\n<p>Pol\u00edticos, cient\u00edficos, actores p\u00fablicos y privados y sociedad civil buscar\u00e1n, hasta el pr\u00f3ximo 1 de julio, lograr un consenso global para avanzar en la agenda de Naciones Unidas para la d\u00e9cada, con el objetivo \u00faltimo de proteger el 30 por ciento de los oc\u00e9anos en 2030. EFEverde<\/p>\n","protected":false},"excerpt":{"rendered":"<p>Los presidentes de Portugal, Marcelo Rebelo de Sousa, y Kenia, Uhuru Kenyatta, anfitriones de la II Conferencia de los Oc\u00e9anos de la ONU, pidieron hoy pasar de las propuestas a la \u00abacci\u00f3n\u00bb, sin \u00abexcusas\u00bb, para proteger los mares. \u00abLa guerra y la pandemia no pueden ser excusa para ignorar los problemas estructurales\u00bb, dijo Rebelo de [&hellip;]<\/p>\n","protected":false},"author":1,"featured_media":128452,"comment_status":"closed","ping_status":"closed","sticky":false,"template":"","format":"standard","meta":{"_acf_changed":false,"_jetpack_memberships_contains_paid_content":false,"footnotes":"","jetpack_publicize_message":"","jetpack_publicize_feature_enabled":true,"jetpack_social_post_already_shared":true,"jetpack_social_options":{"image_generator_settings":{"template":"highway","default_image_id":0,"font":"","enabled":false},"version":2}},"categories":[6],"tags":[],"class_list":["post-128451","post","type-post","status-publish","format-standard","has-post-thumbnail","hentry","category-ecologia"],"acf":[],"jetpack_publicize_connections":[],"jetpack_featured_media_url":"https:\/\/i0.wp.com\/sportseco.com\/wp-content\/uploads\/2022\/06\/101624a2033f99b265bd6743c9c8f25170fe63d4miniw.jpg?fit=900%2C600&ssl=1","jetpack_sharing_enabled":true,"_links":{"self":[{"href":"https:\/\/sportseco.com\/index.php?rest_route=\/wp\/v2\/posts\/128451","targetHints":{"allow":["GET"]}}],"collection":[{"href":"https:\/\/sportseco.com\/index.php?rest_route=\/wp\/v2\/posts"}],"about":[{"href":"https:\/\/sportseco.com\/index.php?rest_route=\/wp\/v2\/types\/post"}],"author":[{"embeddable":true,"href":"https:\/\/sportseco.com\/index.php?rest_route=\/wp\/v2\/users\/1"}],"replies":[{"embeddable":true,"href":"https:\/\/sportseco.com\/index.php?rest_route=%2Fwp%2Fv2%2Fcomments&post=128451"}],"version-history":[{"count":1,"href":"https:\/\/sportseco.com\/index.php?rest_route=\/wp\/v2\/posts\/128451\/revisions"}],"predecessor-version":[{"id":128453,"href":"https:\/\/sportseco.com\/index.php?rest_route=\/wp\/v2\/posts\/128451\/revisions\/128453"}],"wp:featuredmedia":[{"embeddable":true,"href":"https:\/\/sportseco.com\/index.php?rest_route=\/wp\/v2\/media\/128452"}],"wp:attachment":[{"href":"https:\/\/sportseco.com\/index.php?rest_route=%2Fwp%2Fv2%2Fmedia&parent=128451"}],"wp:term":[{"taxonomy":"category","embeddable":true,"href":"https:\/\/sportseco.com\/index.php?rest_route=%2Fwp%2Fv2%2Fcategories&post=128451"},{"taxonomy":"post_tag","embeddable":true,"href":"https:\/\/sportseco.com\/index.php?rest_route=%2Fwp%2Fv2%2Ftags&post=128451"}],"curies":[{"name":"wp","href":"https:\/\/api.w.org\/{rel}","templated":true}]}}