{"id":128487,"date":"2022-06-28T12:36:30","date_gmt":"2022-06-28T16:36:30","guid":{"rendered":"https:\/\/sportseco.com\/?p=128487"},"modified":"2022-06-28T12:36:41","modified_gmt":"2022-06-28T16:36:41","slug":"ocho-anos-antes-de-lo-acordado-colombia-supero-meta-del-30-de-areas-marinas-protegidas","status":"publish","type":"post","link":"https:\/\/sportseco.com\/?p=128487","title":{"rendered":"Ocho a\u00f1os antes de lo acordado, Colombia super\u00f3 meta del 30 % de \u00e1reas marinas protegidas"},"content":{"rendered":"\n<ul class=\"wp-block-list\"><li><em>Adem\u00e1s, nueve millones de hect\u00e1reas ser\u00e1n No-Take; esto representa un paso gigante hacia la conservaci\u00f3n.<\/em><\/li><li><em>La Alianza Global por los Oc\u00e9anos fij\u00f3 esta meta al a\u00f1o 2030. Hoy el presidente Iv\u00e1n Duque y el ministro de Ambiente, Carlos Eduardo Correa, confirmaron su cumplimiento.<\/em><\/li><li><em>Se pas\u00f3 de tener 12.454.011 hect\u00e1reas (ha) de zonas marinas bajo protecci\u00f3n (13,41 %), a 30.132.769 ha, que equivalen al 33 % del territorio marino del pa\u00eds.<\/em><\/li><\/ul>\n\n\n\n<p><strong>Lisboa, 28 de junio de 2022 -MADS-<\/strong>. En un hecho que marca un antes y un despu\u00e9s en la conservaci\u00f3n de los recursos naturales, Iv\u00e1n Duque M\u00e1rquez, presidente de la Rep\u00fablica, le anunci\u00f3 hoy al mundo el cumplimiento y la superaci\u00f3n de la meta de protecci\u00f3n del 30 % del territorio marino de Colombia, ocho a\u00f1os antes de lo acordado en la Alianza Global por los Oc\u00e9anos.<\/p>\n\n\n\n<p>En un trabajo articulado con las instituciones que hacen parte del Sistema Nacional Ambiental (SINA) y actores acad\u00e9micos y cient\u00edficos, se avanz\u00f3 en la declaratoria de nuevas \u00e1reas protegidas y la ampliaci\u00f3n de unas ya existentes, con lo cual se pas\u00f3 de tener 12.454.011 hect\u00e1reas (ha) de zonas marinas bajo protecci\u00f3n (13,41 %), a 30.132.769 ha, que equivalen al 33 % del territorio marino del pa\u00eds, superando la meta propuesta.<\/p>\n\n\n\n<p>El importante anuncio lo hizo el presidente Duque en la Conferencia sobre los Oc\u00e9anos en Lisboa, a la que asiste acompa\u00f1ado por el ministro de Ambiente y Desarrollo Sostenible, Carlos Eduardo Correa, entre otros representantes del Gobierno, un evento en el que l\u00edderes y organismos mundiales tratan la relaci\u00f3n que existe entre los mares y el clima.<\/p>\n\n\n\n<p><strong>\u201cLlegamos con resultados\u201d: Presidente<\/strong><\/p>\n\n\n\n<p>Desde la pasada cumbre mundial de cambio clim\u00e1tico COP26 de Glasgow (Reino Unido), en noviembre de 2021, donde el presidente se comprometi\u00f3 a cumplir esta meta antes de que terminara su mandato, este tema adquiri\u00f3 mayor importancia para el Gobierno Nacional, las entidades del SINA y el ministro Correa, quien personalmente sac\u00f3 adelante, con apoyo de un gran equipo de trabajo, aliados y socios nacionales y extranjeros, este logro que significa mecanismos de protecci\u00f3n y m\u00e1s vida para los oc\u00e9anos del pa\u00eds.<\/p>\n\n\n\n<p>\u201cGracias a este trabajo con la Academia de Ciencias, y bajo el liderazgo del ministro Correa y el apoyo de la comunidad cient\u00edfica internacional, podemos decir hoy que, durante esta administraci\u00f3n, pasamos de 12 millones de hect\u00e1reas de \u00e1reas mar\u00edtimas protegidas, a 30 millones de hect\u00e1reas. Y es igualmente importante mencionar que en nueve millones de hect\u00e1reas est\u00e1 prohibida la pesca, y ese es otro gran logro. Pero no vamos a parar ah\u00ed, tenemos unos 40 d\u00edas m\u00e1s para trabajar por alcanzar esa gran extensi\u00f3n de \u00e1reas protegidas continentales. Yo s\u00e9 que lo vamos a lograr\u201d, anunci\u00f3 el presidente Duque.<\/p>\n\n\n\n<p>El mandatario agreg\u00f3 ante representantes de gobiernos de todo el mundo: \u201cNosotros sabemos que como presidente nuestro tiempo llega a su fin, yo cerrar\u00e9 mi Gobierno el 7 de agosto, pero el resto de mi vida como ambientalista, continuar\u00e9 trabajando de la mano de todos para que m\u00e1s pa\u00edses alcancen el 30 antes del 30. Me siento muy conmovido de ver en esta gran conferencia que un pa\u00eds como Colombia llega a este escenario no con compromisos, sino con resultados\u201d.<\/p>\n\n\n\n<p><strong>La riqueza del pa\u00eds permiti\u00f3 crecer<\/strong><\/p>\n\n\n\n<p>Las nuevas \u00e1reas protegidas son la Reserva Natural Cordillera Submarina Beata, con una extensi\u00f3n de 3.312.547 ha, y Colinas y Lomas del Pac\u00edfico, con un \u00e1rea aproximada de 2.740.732 ha (esta \u00faltima, en revisi\u00f3n por parte de la Academia Colombiana de Ciencias Exactas, F\u00edsicas y Naturales).<\/p>\n\n\n\n<p>Para la ampliaci\u00f3n de las ya existentes, se aumentaron \u00e1reas de los Santuarios de Fauna y Flora Malpelo, que ahora cuenta con 4.788.963 ha, con lo cual increment\u00f3 en un 43 % su extensi\u00f3n, y del Distrito Nacional de Manejo Integrado Yurupar\u00ed-Malpelo, por lo que queda con 12.314.861 ha, aumentando en un 78 %.<\/p>\n\n\n\n<p><strong>\u201cNos llena de orgullo\u201d: Ministro Correa<\/strong><\/p>\n\n\n\n<p>Para el ministro Carlos Eduardo Correa, este gran esfuerzo pone a Colombia en uno de los primeros lugares de pa\u00edses comprometidos con el cuidado y la protecci\u00f3n de sus oc\u00e9anos.<\/p>\n\n\n\n<p>\u201cEn t\u00e9rminos generales, y es algo que nos llena de orgullo, el pa\u00eds hoy ya cuenta con herramientas legales modernas que fortalecen y protegen su inmensa biodiversidad, la Ley de Acci\u00f3n Clim\u00e1tica y la Ley de Delitos Ambientales, entre otras. Con este anuncio que ha hecho el se\u00f1or presidente Duque en nombre de todos los colombianos, le estamos cumpliendo al planeta, estamos dando pasos enormes hacia su conservaci\u00f3n. Proteger el 30 % de nuestro territorio marino en este 2022, como lo est\u00e1 confirmando Colombia, es un hito, un gran motivo de celebraci\u00f3n\u201d, expres\u00f3 el ministro.<\/p>\n\n\n\n<p>Correa explic\u00f3 que esto se da gracias a una alta inversi\u00f3n en investigaci\u00f3n marina, de casi 15.000 millones de pesos, y con la realizaci\u00f3n de dos expediciones cient\u00edficas en ambientes estrat\u00e9gicos marinos, importantes por su singularidad y biodiversidad, actividades que se hicieron de la mano del Instituto de Investigaciones Marinas y Costeras (Invemar), y otras investigaciones con colaboraciones internacionales, como la llevada a cabo con National Geographic.<\/p>\n\n\n\n<p>En todo este trabajo en equipo, el Minambiente destaca un tema relevante: la investigaci\u00f3n realizada por Invemar con ADN ambiental, lo que convierte a este instituto en pionero en el mundo en aguas profundas, sin lo cual no se hubiera comprendido la riqueza en biodiversidad y las relaciones biogeogr\u00e1ficas de las cuencas oce\u00e1nicas del&nbsp; Caribe y el Pac\u00edfico colombiano.<\/p>\n\n\n\n<p>En esta Conferencia de los Oc\u00e9anos de las Naciones Unidas de Lisboa, el presidente y el ministro resaltaron la buena relaci\u00f3n con los pa\u00edses vecinos y los esfuerzos articulados para poder proteger el \u00e1rea marina m\u00e1s grande del hemisferio occidental, a trav\u00e9s del Corredor Marino del Pacifico Este Tropical (CMAR), integrado por \u00e1reas protegidas de Costa Rica, Panam\u00e1, Ecuador y Colombia.<\/p>\n\n\n\n<p><strong>Financiaci\u00f3n para 10 a\u00f1os<\/strong><\/p>\n\n\n\n<p>La semana pasada, desde el Palacio de Nari\u00f1o en Bogot\u00e1, el Gobierno Nacional anunci\u00f3 un acuerdo de financiaci\u00f3n de 245 millones de d\u00f3lares para la primera etapa del programa de Herencia Colombia, en cabeza del Ministerio de Ambiente y Desarrollo Sostenible y Parques Nacionales Naturales.<\/p>\n\n\n\n<p>Este acuerdo cubrir\u00e1 33 millones de hect\u00e1reas de \u00e1reas protegidas, en coordinaci\u00f3n con los socios fundadores de Herencia Colombia, cooperantes internacionales y donantes, como WWF, Conservaci\u00f3n Internacional, Gordon and Betty Moore Foundation, WCS, Fondo Patrimonio Natural, Amazon Fund y TNC, la Uni\u00f3n Europea, FAO, GCF, KFW, GEF Coraz\u00f3n Amazon\u00eda, y tiene el respaldo de aliados del Sistema Nacional Ambiental (SINA), como los institutos Humboldt, Invemar, SINCHI, IIAP, las Corporaciones Aut\u00f3nomas Regionales (CAR) y de Desarrollo Sostenible, entre otras entidades, indispensables para la implementaci\u00f3n del programa.<\/p>\n\n\n\n<figure class=\"wp-block-image size-full\"><img data-recalc-dims=\"1\" loading=\"lazy\" decoding=\"async\" width=\"640\" height=\"640\" src=\"https:\/\/i0.wp.com\/sportseco.com\/wp-content\/uploads\/2022\/06\/FWWAW6iWYAAvO5d.jpg?resize=640%2C640&#038;ssl=1\" alt=\"\" class=\"wp-image-128488\" srcset=\"https:\/\/i0.wp.com\/sportseco.com\/wp-content\/uploads\/2022\/06\/FWWAW6iWYAAvO5d.jpg?w=680&amp;ssl=1 680w, https:\/\/i0.wp.com\/sportseco.com\/wp-content\/uploads\/2022\/06\/FWWAW6iWYAAvO5d.jpg?resize=300%2C300&amp;ssl=1 300w, https:\/\/i0.wp.com\/sportseco.com\/wp-content\/uploads\/2022\/06\/FWWAW6iWYAAvO5d.jpg?resize=160%2C160&amp;ssl=1 160w, https:\/\/i0.wp.com\/sportseco.com\/wp-content\/uploads\/2022\/06\/FWWAW6iWYAAvO5d.jpg?resize=125%2C125&amp;ssl=1 125w\" sizes=\"auto, (max-width: 640px) 100vw, 640px\" \/><\/figure>\n\n\n\n<p><\/p>\n\n\n\n<p>minambiente.gov.co<\/p>\n","protected":false},"excerpt":{"rendered":"<p>Adem\u00e1s, nueve millones de hect\u00e1reas ser\u00e1n No-Take; esto representa un paso gigante hacia la conservaci\u00f3n. La Alianza Global por los Oc\u00e9anos fij\u00f3 esta meta al a\u00f1o 2030. Hoy el presidente Iv\u00e1n Duque y el ministro de Ambiente, Carlos Eduardo Correa, confirmaron su cumplimiento. Se pas\u00f3 de tener 12.454.011 hect\u00e1reas (ha) de zonas marinas bajo protecci\u00f3n [&hellip;]<\/p>\n","protected":false},"author":1,"featured_media":128488,"comment_status":"closed","ping_status":"closed","sticky":false,"template":"","format":"standard","meta":{"_acf_changed":false,"_jetpack_memberships_contains_paid_content":false,"footnotes":"","jetpack_publicize_message":"","jetpack_publicize_feature_enabled":true,"jetpack_social_post_already_shared":true,"jetpack_social_options":{"image_generator_settings":{"template":"highway","default_image_id":0,"font":"","enabled":false},"version":2}},"categories":[6],"tags":[],"class_list":["post-128487","post","type-post","status-publish","format-standard","has-post-thumbnail","hentry","category-ecologia"],"acf":[],"jetpack_publicize_connections":[],"jetpack_featured_media_url":"https:\/\/i0.wp.com\/sportseco.com\/wp-content\/uploads\/2022\/06\/FWWAW6iWYAAvO5d.jpg?fit=680%2C680&ssl=1","jetpack_sharing_enabled":true,"_links":{"self":[{"href":"https:\/\/sportseco.com\/index.php?rest_route=\/wp\/v2\/posts\/128487","targetHints":{"allow":["GET"]}}],"collection":[{"href":"https:\/\/sportseco.com\/index.php?rest_route=\/wp\/v2\/posts"}],"about":[{"href":"https:\/\/sportseco.com\/index.php?rest_route=\/wp\/v2\/types\/post"}],"author":[{"embeddable":true,"href":"https:\/\/sportseco.com\/index.php?rest_route=\/wp\/v2\/users\/1"}],"replies":[{"embeddable":true,"href":"https:\/\/sportseco.com\/index.php?rest_route=%2Fwp%2Fv2%2Fcomments&post=128487"}],"version-history":[{"count":1,"href":"https:\/\/sportseco.com\/index.php?rest_route=\/wp\/v2\/posts\/128487\/revisions"}],"predecessor-version":[{"id":128489,"href":"https:\/\/sportseco.com\/index.php?rest_route=\/wp\/v2\/posts\/128487\/revisions\/128489"}],"wp:featuredmedia":[{"embeddable":true,"href":"https:\/\/sportseco.com\/index.php?rest_route=\/wp\/v2\/media\/128488"}],"wp:attachment":[{"href":"https:\/\/sportseco.com\/index.php?rest_route=%2Fwp%2Fv2%2Fmedia&parent=128487"}],"wp:term":[{"taxonomy":"category","embeddable":true,"href":"https:\/\/sportseco.com\/index.php?rest_route=%2Fwp%2Fv2%2Fcategories&post=128487"},{"taxonomy":"post_tag","embeddable":true,"href":"https:\/\/sportseco.com\/index.php?rest_route=%2Fwp%2Fv2%2Ftags&post=128487"}],"curies":[{"name":"wp","href":"https:\/\/api.w.org\/{rel}","templated":true}]}}