{"id":128510,"date":"2022-06-28T18:45:44","date_gmt":"2022-06-28T22:45:44","guid":{"rendered":"https:\/\/sportseco.com\/?p=128510"},"modified":"2022-06-28T18:45:55","modified_gmt":"2022-06-28T22:45:55","slug":"daniel-galan-se-lleva-la-victoria-en-su-primera-salida-en-wimbledon","status":"publish","type":"post","link":"https:\/\/sportseco.com\/?p=128510","title":{"rendered":"Daniel Gal\u00e1n se lleva la victoria en su primera salida en Wimbledon"},"content":{"rendered":"\n<p>Tal como sucedi\u00f3 el a\u00f1o pasado,&nbsp;<strong>Daniel Gal\u00e1n&nbsp;<\/strong>(Equipo Colsanitas) inici\u00f3 con triunfo su participaci\u00f3n en&nbsp;<strong>Wimbledon<\/strong>(c\u00e9sped, Reino Unido), el tercer Grand Slam del a\u00f1o que se juega en el All England Lawn Tennis Club y que este a\u00f1o tiene la particularidad que no entregar\u00e1 puntos ATP ni WTA, debido a la prohibici\u00f3n que impuso a los tenistas rusos y bielorrusos.<\/p>\n\n\n\n<p>El colombiano, que esta semana aparece como 109 del mundo, venci\u00f3 al alem\u00e1n<strong>&nbsp;Dominik Koepfer<\/strong>&nbsp;(117\u00ba) por 6-4, 7-5 y 7-6(1), en poco m\u00e1s de dos horas, para llegar a la segunda ronda e igualar su mejor participaci\u00f3n en este torneo.<\/p>\n\n\n\n<p>Gal\u00e1n no evidenci\u00f3 problemas para plantarse en la cancha a pesar de que no tuvo torneos de preparaci\u00f3n en la superficie: en el primer set quebr\u00f3 en dos oportunidades, mientras que en el segundo fue capaz de sobreponerse en dos ocasiones de quiebre en contra para quedarse con la ventaja de 2-0 en sets.<\/p>\n\n\n\n<p>https:\/\/platform.twitter.com\/embed\/Tweet.html?dnt=false&#038;embedId=twitter-widget-0&#038;features=eyJ0ZndfdHdlZXRfZWRpdF9iYWNrZW5kIjp7ImJ1Y2tldCI6Im9mZiIsInZlcnNpb24iOm51bGx9LCJ0ZndfcmVmc3JjX3Nlc3Npb24iOnsiYnVja2V0Ijoib2ZmIiwidmVyc2lvbiI6bnVsbH0sInRmd190d2VldF9yZXN1bHRfbWlncmF0aW9uXzEzOTc5Ijp7ImJ1Y2tldCI6InR3ZWV0X3Jlc3VsdCIsInZlcnNpb24iOm51bGx9LCJ0Zndfc2Vuc2l0aXZlX21lZGlhX2ludGVyc3RpdGlhbF8xMzk2MyI6eyJidWNrZXQiOiJpbnRlcnN0aXRpYWwiLCJ2ZXJzaW9uIjpudWxsfSwidGZ3X2V4cGVyaW1lbnRzX2Nvb2tpZV9leHBpcmF0aW9uIjp7ImJ1Y2tldCI6MTIwOTYwMCwidmVyc2lvbiI6bnVsbH0sInRmd191c2VyX2ZvbGxvd19pbnRlbnRfMTQ0MDYiOnsiYnVja2V0IjoiZm9sbG93IiwidmVyc2lvbiI6bnVsbH0sInRmd190d2VldF9lZGl0X2Zyb250ZW5kIjp7ImJ1Y2tldCI6Im9mZiIsInZlcnNpb24iOm51bGx9fQ%3D%3D&#038;frame=false&#038;hideCard=false&#038;hideThread=false&#038;id=1541854560377081856&#038;lang=es&#038;origin=https%3A%2F%2Fwww.fedecoltenis.com%2Fsite%2F2782%3Fgaleria%3D1&#038;sessionId=3204b070132c8e4f4577cb09b8c7bedd2daa4b37&#038;theme=light&#038;widgetsVersion=b45a03c79d4c1%3A1654150928467&#038;width=550px<\/p>\n\n\n\n<p>El tercer parcial fue much\u00edsimo m\u00e1s equilibrado e, incluso, no hubo opciones de quiebre para ninguno de los dos tenistas, pero fue Gal\u00e1n el que se vio impoluto en el tiebreak llev\u00e1ndoselo apenas perdiendo un punto.<\/p>\n\n\n\n<p>El colombiano ahora tendr\u00e1 un reto de mucho calibre en busca de la tercera ronda, ya que deber\u00e1 enfrentar al espa\u00f1ol&nbsp;<strong>Roberto Bautista&nbsp;<\/strong>(19\u00ba), preclasificado #17, quien venci\u00f3 al h\u00fangaro Attila Balazs por 6-1, 6-0 y 6-3. Este ser\u00e1 el primer enfrentamiento entre ambos.<\/p>\n\n\n\n<p>Vale recordar que en sencillos tambi\u00e9n se dio la participaci\u00f3n de&nbsp;<strong>Camila Osorio&nbsp;<\/strong>(Equipo Colsanitas, Club Comfanorte), pero se despidi\u00f3 en primera ronda luego de sufrir un resbal\u00f3n en el tercer set, lo que la llev\u00f3 a retirarse del partido. El marcador ante la belga&nbsp;<strong>Elise Mertens<\/strong>&nbsp;fue de 1-6, 6-2, 4-2.<\/p>\n\n\n\n<p>A pesar de esto, la colombiana est\u00e1 programada para jugar el dobles femenino este mi\u00e9rcoles en equipo con la suiza&nbsp;<strong>Viktorija Golubic<\/strong>. En primera ronda se medir\u00e1n ante las locales Sonay Kartal y Nell Miller.<\/p>\n\n\n\n<p>Adem\u00e1s, Wimbledon tambi\u00e9n tendr\u00e1 la participaci\u00f3n de&nbsp;<strong>Juan Sebasti\u00e1n Cabal y Robert Farah<\/strong>, quienes se medir\u00e1n en su primer partido a los franceses Ugo Humbert y Adrian Mannarino; mientras que&nbsp;<strong>Nicol\u00e1s Barrientos<\/strong>&nbsp;estar\u00e1 junto con el mexicano Miguel \u00c1ngel Reyes y debutar\u00e1n ante el estadounidense William Blumberg y el noruego Casper Ruud.<\/p>\n\n\n\n<p>Oficina de Prensa<br>Federaci\u00f3n Colombiana de Tenis<br>Periodista: Fabi\u00e1n Valeth Orozco&nbsp;<br>Directora de Comunicaciones:<strong>&nbsp;<\/strong>Alejandra Hern\u00e1ndez Orozco&nbsp;<br>Tel\u00e9fono de contacto:&nbsp;<strong><a href=\"tel:316-4686645\">+57 316 468 6645<\/a>&nbsp;\/&nbsp;<a href=\"tel:8053731\">(1) 805&nbsp;3731<\/a><\/strong><br><a href=\"http:\/\/www.fedecoltenis.com\/\"><strong>www.fedecoltenis.com<\/strong><\/a>&nbsp;&nbsp;<\/p>\n","protected":false},"excerpt":{"rendered":"<p>Tal como sucedi\u00f3 el a\u00f1o pasado,&nbsp;Daniel Gal\u00e1n&nbsp;(Equipo Colsanitas) inici\u00f3 con triunfo su participaci\u00f3n en&nbsp;Wimbledon(c\u00e9sped, Reino Unido), el tercer Grand Slam del a\u00f1o que se juega en el All England Lawn Tennis Club y que este a\u00f1o tiene la particularidad que no entregar\u00e1 puntos ATP ni WTA, debido a la prohibici\u00f3n que impuso a los tenistas [&hellip;]<\/p>\n","protected":false},"author":1,"featured_media":128511,"comment_status":"closed","ping_status":"closed","sticky":false,"template":"","format":"standard","meta":{"_acf_changed":false,"_jetpack_memberships_contains_paid_content":false,"footnotes":"","jetpack_publicize_message":"","jetpack_publicize_feature_enabled":true,"jetpack_social_post_already_shared":true,"jetpack_social_options":{"image_generator_settings":{"template":"highway","default_image_id":0,"font":"","enabled":false},"version":2}},"categories":[13],"tags":[],"class_list":["post-128510","post","type-post","status-publish","format-standard","has-post-thumbnail","hentry","category-tenis"],"acf":[],"jetpack_publicize_connections":[],"jetpack_featured_media_url":"https:\/\/i0.wp.com\/sportseco.com\/wp-content\/uploads\/2022\/06\/Daniel-Gala%CC%81n-Wimbledon-2022.png?fit=2048%2C1425&ssl=1","jetpack_sharing_enabled":true,"_links":{"self":[{"href":"https:\/\/sportseco.com\/index.php?rest_route=\/wp\/v2\/posts\/128510","targetHints":{"allow":["GET"]}}],"collection":[{"href":"https:\/\/sportseco.com\/index.php?rest_route=\/wp\/v2\/posts"}],"about":[{"href":"https:\/\/sportseco.com\/index.php?rest_route=\/wp\/v2\/types\/post"}],"author":[{"embeddable":true,"href":"https:\/\/sportseco.com\/index.php?rest_route=\/wp\/v2\/users\/1"}],"replies":[{"embeddable":true,"href":"https:\/\/sportseco.com\/index.php?rest_route=%2Fwp%2Fv2%2Fcomments&post=128510"}],"version-history":[{"count":1,"href":"https:\/\/sportseco.com\/index.php?rest_route=\/wp\/v2\/posts\/128510\/revisions"}],"predecessor-version":[{"id":128512,"href":"https:\/\/sportseco.com\/index.php?rest_route=\/wp\/v2\/posts\/128510\/revisions\/128512"}],"wp:featuredmedia":[{"embeddable":true,"href":"https:\/\/sportseco.com\/index.php?rest_route=\/wp\/v2\/media\/128511"}],"wp:attachment":[{"href":"https:\/\/sportseco.com\/index.php?rest_route=%2Fwp%2Fv2%2Fmedia&parent=128510"}],"wp:term":[{"taxonomy":"category","embeddable":true,"href":"https:\/\/sportseco.com\/index.php?rest_route=%2Fwp%2Fv2%2Fcategories&post=128510"},{"taxonomy":"post_tag","embeddable":true,"href":"https:\/\/sportseco.com\/index.php?rest_route=%2Fwp%2Fv2%2Ftags&post=128510"}],"curies":[{"name":"wp","href":"https:\/\/api.w.org\/{rel}","templated":true}]}}