{"id":128529,"date":"2022-06-29T08:22:49","date_gmt":"2022-06-29T12:22:49","guid":{"rendered":"https:\/\/sportseco.com\/?p=128529"},"modified":"2022-06-29T08:22:59","modified_gmt":"2022-06-29T12:22:59","slug":"dia-internacional-de-los-tropicos-29-de-junio-10","status":"publish","type":"post","link":"https:\/\/sportseco.com\/?p=128529","title":{"rendered":"D\u00eda Internacional de los Tr\u00f3picos, 29 de junio"},"content":{"rendered":"\n<h2 class=\"wp-block-heading\">El futuro le pertenece a las zonas tropicales<\/h2>\n\n\n\n<p>Celebramos el D\u00eda Internacional de los Tr\u00f3picos para reconocer su gran diversidad y dar a conocer los retos y las oportunidades a los que se enfrentan los pueblos que los habitan. Asimismo, nos brinda la ocasi\u00f3n de evaluar los progresos realizados, compartir historias y experiencias del tr\u00f3pico y reconocer la diversidad y el potencial de la regi\u00f3n.<\/p>\n\n\n\n<h4 class=\"wp-block-heading\">Ecosistema<\/h4>\n\n\n\n<p>Los tr\u00f3picos son la regi\u00f3n de La Tierra comprendida entre los paralelos denominados tr\u00f3pico de C\u00e1ncer, en el hemisferio boreal, y tr\u00f3pico de Capricornio, en el austral, equidistantes del ecuador, situados a 23\u00b0 27&#8242; de latitud norte y sur respectivamente. Si bien la topograf\u00eda y otros factores contribuyen a la variaci\u00f3n clim\u00e1tica, por lo general, podemos decir que las regiones tropicales son c\u00e1lidas y las estaciones est\u00e1n poco marcadas por el cambio de las temperaturas. Una caracter\u00edstica de las zonas m\u00e1s pr\u00f3ximas al ecuador es la prevalencia de las lluvias. Las zonas tropicales se enfrentan a diversos desaf\u00edos que requieren una atenci\u00f3n especial, como el cambio clim\u00e1tico, la deforestaci\u00f3n, la explotaci\u00f3n maderera, la urbanizaci\u00f3n y los cambios demogr\u00e1ficos.<\/p>\n\n\n\n<h4 class=\"wp-block-heading\">Poblaci\u00f3n<\/h4>\n\n\n\n<p>Las naciones tropicales han realizado progresos importantes, aunque se enfrentan a diversos desaf\u00edos que requieren una atenci\u00f3n especial en una serie de indicadores y datos sobre desarrollo para alcanzar el desarrollo sostenible.<\/p>\n\n\n\n<ul class=\"wp-block-list\"><li>Se calcula que para 2050 en los tr\u00f3picos vivir\u00e1 la mayor parte de los habitantes del planeta y, en concreto, casi dos tercios de la poblaci\u00f3n infantil.<\/li><li>En concordancia con los altos niveles de pobreza de la regi\u00f3n, en los tr\u00f3picos hay m\u00e1s personas malnutridas que en otras partes del mundo.<\/li><li>La proporci\u00f3n de poblaci\u00f3n urbana que vive en barrios marginales es mayor que en otras regiones del planeta.<\/li><\/ul>\n\n\n\n<h3 class=\"wp-block-heading\">Lanzamiento de la nueva publicaci\u00f3n&nbsp;\u00abCOVID-19 en los tr\u00f3picos: informe sobre el estado de los tr\u00f3picos\u00bb<\/h3>\n\n\n\n<p>29 de junio de 2022 &#8211; Webinar<br>1pm horas (hora est\u00e1ndar de Australia Oriental AEST)<\/p>\n\n\n\n<p>Para las comunidades tropicales, que representan la gran mayor\u00eda de los pobres extremos, la pandemia ha supuesto otra carga para sus vidas y su bienestar. Dos a\u00f1os m\u00e1s tarde, estamos en condiciones de mirar hacia atr\u00e1s y comenzar a comprender hasta d\u00f3nde han llegado algunos de estos impactos. \u00danete a este evento virtual de lanzamiento del \u00abInforme sobre el Estado de los Tr\u00f3picos\u00bb y reflexionar&nbsp;sobre c\u00f3mo&nbsp;la COVID-19 ha impactado las vidas en los tr\u00f3picos.<\/p>\n\n\n\n<p><a href=\"https:\/\/www.jcu.edu.au\/events\/2022\/june\/launch-of-covid-19-in-the-tropics.-a-state-of-the-tropics-focus-report\">M\u00e1s informaci\u00f3n en la p\u00e1gina web de James Cook University<\/a>.<a href=\"https:\/\/jcu.zoom.us\/webinar\/register\/WN_kKnFDajDQWmdknsXZAuF_g\">REG\u00cdSTRATE PARA ASISTIR A LA WEBINAR A TRAV\u00c9S DE ZOOM<\/a>.<\/p>\n\n\n\n<h3 class=\"wp-block-heading\">Antecedentes<\/h3>\n\n\n\n<p>El 29 de junio de 2014, la laureada con el premio Nobel de la Paz, Aung San Suu Kyi, lanz\u00f3 el primer&nbsp;<em>Informe sobre el Estado de los Tr\u00f3picos<\/em>. Este documento es producto de la colaboraci\u00f3n entre doce centros de investigaci\u00f3n l\u00edderes en las cuestiones de los tr\u00f3picos y ofrece una perspectiva \u00fanica sobre esta cada vez m\u00e1s importante regi\u00f3n. Coincidiendo con el aniversario de la publicaci\u00f3n del mencionado informe, la Asamblea General design\u00f3 el 29 de junio como el D\u00eda Internacional de los Tr\u00f3picos mediante su resoluci\u00f3n&nbsp;<a href=\"http:\/\/undocs.org\/es\/A\/RES\/70\/267\">A\/RES\/70\/267<\/a>&nbsp;aprobada el 14 de junio de 2017.<\/p>\n\n\n\n<p>El objetivo es sensibilizar sobre los desaf\u00edos espec\u00edficos a los que se enfrentan las zonas tropicales, las consecuencias de gran alcance que tienen los problemas que afectan a la zona tropical del mundo y la necesidad, a todos los niveles, de crear conciencia al respecto y subrayar el importante papel que desempe\u00f1ar\u00e1n los pa\u00edses de los tr\u00f3picos en la consecuci\u00f3n de los&nbsp;<a href=\"https:\/\/www.un.org\/sustainabledevelopment\/es\/objetivos-de-desarrollo-sostenible\/\">Objetivos de Desarrollo Sostenible<\/a>.<\/p>\n\n\n\n<p><strong>S\u00edguenos en Twitter en: #Nosotrossomoslostr\u00f3picos y #D\u00edaDeLosTr\u00f3picos.<\/strong><\/p>\n\n\n\n<p>https:\/\/youtube.com\/watch?v=AhdvcBdvLLY%3Fenablejsapi%3D1%26origin%3Dhttps%253A%252F%252Fwww.un.org<\/p>\n\n\n\n<p><\/p>\n\n\n\n<figure class=\"wp-block-embed is-type-video is-provider-youtube wp-block-embed-youtube wp-embed-aspect-16-9 wp-has-aspect-ratio\"><div class=\"wp-block-embed__wrapper\">\n<iframe loading=\"lazy\" title=\"D\u00eda Internacional de los Tr\u00f3picos\" width=\"640\" height=\"360\" src=\"https:\/\/www.youtube.com\/embed\/AhdvcBdvLLY?feature=oembed\" frameborder=\"0\" allow=\"accelerometer; autoplay; clipboard-write; encrypted-media; gyroscope; picture-in-picture; web-share\" referrerpolicy=\"strict-origin-when-cross-origin\" allowfullscreen><\/iframe>\n<\/div><figcaption>un.org<\/figcaption><\/figure>\n","protected":false},"excerpt":{"rendered":"<p>El futuro le pertenece a las zonas tropicales Celebramos el D\u00eda Internacional de los Tr\u00f3picos para reconocer su gran diversidad y dar a conocer los retos y las oportunidades a los que se enfrentan los pueblos que los habitan. Asimismo, nos brinda la ocasi\u00f3n de evaluar los progresos realizados, compartir historias y experiencias del tr\u00f3pico [&hellip;]<\/p>\n","protected":false},"author":1,"featured_media":128530,"comment_status":"closed","ping_status":"closed","sticky":false,"template":"","format":"standard","meta":{"_acf_changed":false,"_jetpack_memberships_contains_paid_content":false,"footnotes":"","jetpack_publicize_message":"","jetpack_publicize_feature_enabled":true,"jetpack_social_post_already_shared":true,"jetpack_social_options":{"image_generator_settings":{"template":"highway","default_image_id":0,"font":"","enabled":false},"version":2}},"categories":[6],"tags":[],"class_list":["post-128529","post","type-post","status-publish","format-standard","has-post-thumbnail","hentry","category-ecologia"],"acf":[],"jetpack_publicize_connections":[],"jetpack_featured_media_url":"https:\/\/i0.wp.com\/sportseco.com\/wp-content\/uploads\/2022\/06\/fao-tropics.jpg?fit=1350%2C500&ssl=1","jetpack_sharing_enabled":true,"_links":{"self":[{"href":"https:\/\/sportseco.com\/index.php?rest_route=\/wp\/v2\/posts\/128529","targetHints":{"allow":["GET"]}}],"collection":[{"href":"https:\/\/sportseco.com\/index.php?rest_route=\/wp\/v2\/posts"}],"about":[{"href":"https:\/\/sportseco.com\/index.php?rest_route=\/wp\/v2\/types\/post"}],"author":[{"embeddable":true,"href":"https:\/\/sportseco.com\/index.php?rest_route=\/wp\/v2\/users\/1"}],"replies":[{"embeddable":true,"href":"https:\/\/sportseco.com\/index.php?rest_route=%2Fwp%2Fv2%2Fcomments&post=128529"}],"version-history":[{"count":1,"href":"https:\/\/sportseco.com\/index.php?rest_route=\/wp\/v2\/posts\/128529\/revisions"}],"predecessor-version":[{"id":128531,"href":"https:\/\/sportseco.com\/index.php?rest_route=\/wp\/v2\/posts\/128529\/revisions\/128531"}],"wp:featuredmedia":[{"embeddable":true,"href":"https:\/\/sportseco.com\/index.php?rest_route=\/wp\/v2\/media\/128530"}],"wp:attachment":[{"href":"https:\/\/sportseco.com\/index.php?rest_route=%2Fwp%2Fv2%2Fmedia&parent=128529"}],"wp:term":[{"taxonomy":"category","embeddable":true,"href":"https:\/\/sportseco.com\/index.php?rest_route=%2Fwp%2Fv2%2Fcategories&post=128529"},{"taxonomy":"post_tag","embeddable":true,"href":"https:\/\/sportseco.com\/index.php?rest_route=%2Fwp%2Fv2%2Ftags&post=128529"}],"curies":[{"name":"wp","href":"https:\/\/api.w.org\/{rel}","templated":true}]}}