{"id":128535,"date":"2022-06-29T09:28:30","date_gmt":"2022-06-29T13:28:30","guid":{"rendered":"https:\/\/sportseco.com\/?p=128535"},"modified":"2022-06-29T09:28:41","modified_gmt":"2022-06-29T13:28:41","slug":"escuela-solidaria-una-bicicleta-para-todos-bicicleta-y-solidaridad-en-las-escuelas","status":"publish","type":"post","link":"https:\/\/sportseco.com\/?p=128535","title":{"rendered":"ESCUELA SOLIDARIA &#8211; UNA BICICLETA PARA TODOS: \u00a1BICICLETA Y SOLIDARIDAD EN LAS ESCUELAS!"},"content":{"rendered":"\n<p><strong>El Ministerio franc\u00e9s de la Educaci\u00f3n Nacional y de la Juventud, el Ministerio franc\u00e9s del Deporte y de los Juegos Ol\u00edmpicos y Paraol\u00edmpicos y Amaury Sport Organisation se asocian en una operaci\u00f3n que busca promover el conocimiento y el dominio del ciclismo en las escuelas. Entre el viernes 1 de julio y el viernes 24 de julio, el pelot\u00f3n del Tour de Francia recorrer\u00e1 unos 3.500 kil\u00f3metros. La operaci\u00f3n Escuela Solidaria &#8211; Una bicicleta para todos se marca como objetivo la participaci\u00f3n de 3.500 clases y unos 100.000 alumnos.<\/strong><\/p>\n\n\n\n<p><strong>Del viernes 10 de junio al viernes 24 de junio, las clases que participen en la operaci\u00f3n podr\u00e1n organizar acciones relacionadas con la bicicleta a trav\u00e9s del programa \u00abSaber Montar en Bici\u00bb que permite a ni\u00f1os y ni\u00f1as adquirir los conocimientos necesarios dominar la bicicleta de forma totalmente aut\u00f3noma antes de secundaria.<\/strong><\/p>\n\n\n\n<p><strong>A.S.O. se compromete a donar a la asociaci\u00f3n Socorro Popular Franc\u00e9s hasta 100.000 euros (1 euro por alumno que participe en una acci\u00f3n \u00abSaber Montar en Bici\u00bb durante este per\u00edodo), as\u00ed se podr\u00e1n proporcionar bicicletas a los ni\u00f1os y ni\u00f1as que acompa\u00f1a Socorro Popular Franc\u00e9s.<\/strong><\/p>\n\n\n\n<figure class=\"wp-block-image\"><a href=\"https:\/\/www.dailymotion.com\/embed\/video\/x8bys7l?autoplay=1\" target=\"_blank\" rel=\"noreferrer noopener\"><img decoding=\"async\" src=\"https:\/\/img.aso.fr\/core_app\/img-cycling-tdf-jpg\/un-velo-pour-tous-les-ecoles-roulent-solidaires\/37567\/0:0,1920:1080-1200-0-70\/8ce83\" alt=\"\"\/><\/a><figcaption>Un V\u00e9lo Pour Tous : Les \u00e9coles roulent solidaires<\/figcaption><\/figure>\n\n\n\n<p>El gran reto Tour de Francia &#8211; Saber Montar en Bici es una operaci\u00f3n solidaria y pedag\u00f3gica. Dentro del contexto escolar, se trata de una operaci\u00f3n destinada a las clases de primaria para que organicen una acci\u00f3n relacionada con la bicicleta entre el viernes 10 y el viernes 24 de junio y aprovechen la ocasi\u00f3n para impartir el programa \u00abSaber Montar en Bici\u00bb (m\u00f3dulo 1, 2, 3 o el itinerario completo). Objetivo: \u00a13.500 clases para los 3.500 kil\u00f3metros del Tour de Francia! Este programa permite a ni\u00f1os y ni\u00f1as aprender los buenos reflejos para montar en bicicleta de forma aut\u00f3noma antes de secundaria. Durante 10 horas repartidas en 3 m\u00f3dulos, a trav\u00e9s de una serie de actividades l\u00fadicas y pedag\u00f3gicas, los ni\u00f1os y ni\u00f1as de 6 a 11 a\u00f1os aprenden a dominar la bicicleta como herramienta para su movilidad cotidiana de forma totalmente segura. Los talleres del primer m\u00f3dulo ofrecen los fundamentos del ciclismo: conseguir un buen equilibrio, aprender a conducir y dirigir la bicliceta de forma correcta (pedalear, girar, frenar). Al t\u00e9rmino de los tres m\u00f3dulos, el alumnado recibe su certificado \u00abSaber Montar en Bici\u00bb.&nbsp;<br>En el marco del gran reto Tour de Francia &#8211; Saber Montar en Bici, al enfoque pedag\u00f3gico se suma el solidario. El objetivo es formar entre el 10 y el 24 de junio a 100.000 ni\u00f1os y ni\u00f1as para que conozcan las buenas pr\u00e1cticas del ciclismo. Por cada ni\u00f1o o ni\u00f1a que haya participado en uno o varios m\u00f3dulos, A.S.O. donar\u00e1 1 euro a Socorro Popular Franc\u00e9s. El dinero recaudado permitir\u00e1 a la asociaci\u00f3n proporcionar a los ni\u00f1os y ni\u00f1as que acompa\u00f1a un bicicleta y el equipamiento relacionado. Este compromiso se suma a las acciones introducidas por Socorro Popular con motivo del Tour de Francia con su operaci\u00f3n \u00abLos Olvidados del Deporte\u00bb. Desde hace cerca de 15 a\u00f1os y gracias a la movilizaci\u00f3n cada verano de voluntarios, permite que unos 700 ni\u00f1os y ni\u00f1as puedan disfrutar de un d\u00eda de vacaciones y del paso del Tour de Francia. Este a\u00f1o, se celebrar\u00e1n estas jornadas en 10 de las etapas del Tour.&nbsp;<\/p>\n\n\n\n<figure class=\"wp-block-image\"><a href=\"https:\/\/img.aso.fr\/core_app\/img-cycling-tdf-png\/20210705tdf5010-a-s-o-romain-laurent\/35847\/0:0,1384:921-1200-0-70\/5ddec\"><img decoding=\"async\" src=\"https:\/\/img.aso.fr\/core_app\/img-cycling-tdf-png\/20210705tdf5010-a-s-o-romain-laurent\/35847\/0:0,1384:921-780-0-70\/abaab\" alt=\"\"\/><\/a><figcaption>\u00a9 Romain Laurent<\/figcaption><\/figure>\n\n\n\n<p><strong>Christian PRUDHOMME, director del Tour de Francia:<\/strong>&nbsp;<br>\u00abEl programa &#8216;Riding into the Future&#8217; (el futuro en bicicleta) impulsado por el Tour de Francia busca promover la movilidad en bicicleta. Al comprometerse con la promoci\u00f3n de \u00abSaber Montar en Bici\u00bb, junto con el Ministerio de la Educaci\u00f3n Nacional y de la Juventud, el Ministerio del Deporte y de los Juegos Ol\u00edmpicos y Paraol\u00edmpicos, as\u00ed como de Socorro Popular Franc\u00e9s, el Tour concretiza, una vez m\u00e1s, su fuerte compromiso de acercar el placer de la bicicleta al m\u00e1ximo n\u00famero de personas y, concretamente, a los ni\u00f1os y ni\u00f1as en situaci\u00f3nn precaria o de pobreza. El gran reto Escuela Solidaria &#8211; Una bicicleta para todos es una maravillosa propuesta l\u00fadica, pedag\u00f3gica y solidaria para promover la movilidad ecol\u00f3gica entre los m\u00e1s j\u00f3venes.\u00bb<\/p>\n\n\n\n<p><strong>El Ministerio de la Educaci\u00f3n Nacional y de la Juventud y el Ministerio del Deporte y de los Juegos Ol\u00edmpicos y Paraol\u00edmpicos:<\/strong>\u00a0<br>Le Ministerio de la Educaci\u00f3n Nacional y de la Juventud y el Ministerio del Deporte y de los Juegos Ol\u00edmpicos y Paraol\u00edmpicos se alegran de contribuir a la operaci\u00f3n Escuela Solidaria &#8211; Una bicicleta para todos. Recuerdan que \u00abSaber Montar en Bici\u00bb busca ense\u00f1ar de forma l\u00fadica a ni\u00f1os y ni\u00f1as de 6 a 11 a\u00f1os c\u00f3mo utilizar la bicicleta de forma aut\u00f3noma y segura.\u00a0<br>La operaci\u00f3n Escuela Solidaria &#8211; Una bicicleta para todos beneficiar\u00e1 directemente a los 100.000 alumnos y alumnas que participen en una acci\u00f3n ciclista organizada por su colegio y dar\u00e1 tambi\u00e9n acceso a ni\u00f1os y ni\u00f1as desfavorecidos a la pr\u00e1ctica de la bicicleta gracias al fuerte compromiso del Tour de Francia con la asociaci\u00f3n Socorro Popular Franc\u00e9s.\u00a0<br><br><br><strong>Thierry ROBERT, director general de Socorro Popular Franc\u00e9s:<\/strong>\u00a0<br>\u00abLa pr\u00e1ctica del deporte contribuye al bienestar f\u00edsico y ps\u00edquico en torno a valores colectivos fuertes y tambi\u00e9n al desarrollo personal. Constituye un fabuloso medio de expresi\u00f3n y se alza como un fuerte v\u00ednculo social que reduce la desigualdad. Gracias al compromiso de A.S.O. y a la operaci\u00f3n \u00abSaber Montar en Bici\u00bb, cientos de ni\u00f1os y ni\u00f1as a los que brinda apoyo Socorro Popular recibir\u00e1n una bicicleta y se sensibilizar\u00e1 a otros miles sobre la solidaridad, los valores de Socorro Popular y el deporte.<\/p>\n\n\n\n<p><\/p>\n\n\n\n<p>tourdefrance.fr<\/p>\n","protected":false},"excerpt":{"rendered":"<p>El Ministerio franc\u00e9s de la Educaci\u00f3n Nacional y de la Juventud, el Ministerio franc\u00e9s del Deporte y de los Juegos Ol\u00edmpicos y Paraol\u00edmpicos y Amaury Sport Organisation se asocian en una operaci\u00f3n que busca promover el conocimiento y el dominio del ciclismo en las escuelas. Entre el viernes 1 de julio y el viernes 24 [&hellip;]<\/p>\n","protected":false},"author":1,"featured_media":128536,"comment_status":"closed","ping_status":"closed","sticky":false,"template":"","format":"standard","meta":{"_acf_changed":false,"_jetpack_memberships_contains_paid_content":false,"footnotes":"","jetpack_publicize_message":"","jetpack_publicize_feature_enabled":true,"jetpack_social_post_already_shared":true,"jetpack_social_options":{"image_generator_settings":{"template":"highway","default_image_id":0,"font":"","enabled":false},"version":2}},"categories":[14],"tags":[],"class_list":["post-128535","post","type-post","status-publish","format-standard","has-post-thumbnail","hentry","category-ciclismo"],"acf":[],"jetpack_publicize_connections":[],"jetpack_featured_media_url":"https:\/\/i0.wp.com\/sportseco.com\/wp-content\/uploads\/2022\/06\/abaab.png?fit=780%2C519&ssl=1","jetpack_sharing_enabled":true,"_links":{"self":[{"href":"https:\/\/sportseco.com\/index.php?rest_route=\/wp\/v2\/posts\/128535","targetHints":{"allow":["GET"]}}],"collection":[{"href":"https:\/\/sportseco.com\/index.php?rest_route=\/wp\/v2\/posts"}],"about":[{"href":"https:\/\/sportseco.com\/index.php?rest_route=\/wp\/v2\/types\/post"}],"author":[{"embeddable":true,"href":"https:\/\/sportseco.com\/index.php?rest_route=\/wp\/v2\/users\/1"}],"replies":[{"embeddable":true,"href":"https:\/\/sportseco.com\/index.php?rest_route=%2Fwp%2Fv2%2Fcomments&post=128535"}],"version-history":[{"count":1,"href":"https:\/\/sportseco.com\/index.php?rest_route=\/wp\/v2\/posts\/128535\/revisions"}],"predecessor-version":[{"id":128537,"href":"https:\/\/sportseco.com\/index.php?rest_route=\/wp\/v2\/posts\/128535\/revisions\/128537"}],"wp:featuredmedia":[{"embeddable":true,"href":"https:\/\/sportseco.com\/index.php?rest_route=\/wp\/v2\/media\/128536"}],"wp:attachment":[{"href":"https:\/\/sportseco.com\/index.php?rest_route=%2Fwp%2Fv2%2Fmedia&parent=128535"}],"wp:term":[{"taxonomy":"category","embeddable":true,"href":"https:\/\/sportseco.com\/index.php?rest_route=%2Fwp%2Fv2%2Fcategories&post=128535"},{"taxonomy":"post_tag","embeddable":true,"href":"https:\/\/sportseco.com\/index.php?rest_route=%2Fwp%2Fv2%2Ftags&post=128535"}],"curies":[{"name":"wp","href":"https:\/\/api.w.org\/{rel}","templated":true}]}}