{"id":128555,"date":"2022-06-29T16:06:22","date_gmt":"2022-06-29T20:06:22","guid":{"rendered":"https:\/\/sportseco.com\/?p=128555"},"modified":"2022-06-29T16:06:34","modified_gmt":"2022-06-29T20:06:34","slug":"quedan-dos-diastour-de-france-2022","status":"publish","type":"post","link":"https:\/\/sportseco.com\/?p=128555","title":{"rendered":"QUEDAN DOS D\u00cdAS\u2026Tour de France 2022"},"content":{"rendered":"\n<p><em><strong>\u00b7 El pelot\u00f3n del Tour de Francia se prepara para demarrar la competici\u00f3n el pr\u00f3ximo viernes desde Copenhague. Una Grand D\u00e9part que se promete tan espectacular como la presentaci\u00f3n por equipos celebrada en los Jardines de T\u00edvoli.&nbsp;<br>\u00b7 En la pelea por la general, Primoz Roglic y Jonas Vingegaard se consideran capaces de derrotar al vigente campe\u00f3n Tadej Pogacar \u201ctrabajando unidos\u201d. Ineos Grenadiers conf\u00eda en su superioridad num\u00e9rica, mientras Ag2r-Citr\u00f6en y Groupama-FDJ sue\u00f1an con alcanzar el podio mediante Ben O\u2019Connor y David Gaudu.&nbsp;<br>\u00b7 BikeExchange y Intermarch\u00e9-Wanty Gobert, por su parte, buscar\u00e1n victorias de etapa con ciclistas r\u00e1pidos y potentes como Michael Matthews, Dylan Groenewegen o Alexander Kristoff.<\/strong><\/em><\/p>\n\n\n\n<p><strong>\u201cJUNTOS PODEMOS BATIR A POGACAR\u201d&nbsp;<\/strong><br>Uno de los equipos llamados a ser protagonistas en este Tour de Francia es, sin duda, Jumbo-Visma. En las tres \u00faltimas ediciones, el conjunto neerland\u00e9s ha acumulado 11 victorias de etapa y 13 d\u00edas con el maillot amarillo, am\u00e9n de subir al podio final con tres corredores diferentes: Steven Kruijswijk, 3\u00ba en 2019; Primoz Roglic, 2\u00ba en 2020; y Jonas Vingegaard, 2\u00ba en 2021. Los tres estar\u00e1n en su alineaci\u00f3n, pero son el esloveno y el dan\u00e9s quienes atraen todos los focos. \u201c<em>Se encuentran en una forma f\u00edsica similar<\/em>\u201d, comenta el director deportivo Grischa Niermann. \u201c<em>Juntos somos m\u00e1s fuertes y creemos que podemos batir a Pogacar trabajando unidos<\/em>\u201d, asevera Roglic. \u201c<em>Debemos sobrevivir a la primera semana, llegar sanos y bien situados a la monta\u00f1a, e ir a por todas<\/em>\u201d, completa Vingegaard. Ganar el Tour es la meta colectiva de Jumbo-Visma, lo cual no excluye que el poderoso Wout van Aert apunte a su vez en direcci\u00f3n a una diana personal: hacerse con el maillot verde de la clasificaci\u00f3n por Puntos. Tambi\u00e9n ganar la contrarreloj inicial de Copenhague y vestirse de amarillo es \u201c<em>uno de los objetivos de la temporada<\/em>\u201d para el belga, si bien puede verse lastrado por unos problemas de rodilla que se expresan principalmente sobre la \u2018cabra\u2019.<\/p>\n\n\n\n<p><strong>LA \u201cSUPERIORIDAD NUM\u00c9RICA\u201d DE INEOS GRENADIERS&nbsp;<\/strong><br>Siete triunfos absolutos recogidos entre 2012 y 2019 con nada menos que cuatro corredores diferentes hacen de Ineos Grenadiers y su encarnaci\u00f3n anterior, Team Sky, uno de los principales equipos de la historia del Tour de Francia. No obstante, los tiempos han cambiado y el conjunto brit\u00e1nico ya no es el tit\u00e1n a batir. \u201c<em>Antes ten\u00edamos al favorito n\u00famero uno en la alineaci\u00f3n; ahora, los MVP como Pogacar o Roglic no son nuestros compa\u00f1eros, sino nuestros rivales<\/em>\u201d, reconoce el campe\u00f3n del Tour de Francia 2018 y reciente ganador de la Vuelta a Suiza, Geraint Thomas. \u201c<em>Sin embargo, la carretera pondr\u00e1 a cada uno en su sitio. Nosotros tenemos un gran equipo y una superioridad num\u00e9rica que podremos jugar en un momento dado<\/em>\u201d. Los l\u00edderes \u201c<em>desde noviembre<\/em>\u201d, seg\u00fan el gal\u00e9s, son el brit\u00e1nico Adam Yates y el colombiano Daniel Mart\u00ednez. \u201c<em>Voy a tratar de estar con los mejores<\/em>\u201d, amenaza Yates. \u201c<em>Tengo buenas piernas y espero demostrarlas en la monta\u00f1a<\/em>\u201d, afirma Mart\u00ednez. Antes de que los escaladores entren en acci\u00f3n llegar\u00e1 la crono inaugural de Copenhague el pr\u00f3ximo viernes, en la que Filippo Ganna ser\u00e1 uno de los principales candidatos al triunfo. Estos d\u00edas, en la capital danesa, un invitado muy especial acompa\u00f1a a la cohorte de Ineos Grenadiers: Egan Bernal, ciclista del equipo y ganador del Tour de Francia 2019, ausente en la lista de dorsales por mor de un grave accidente sufrido este invierno en Colombia.<\/p>\n\n\n\n<p><strong>BEN O\u2019CONNOR QUIERE SER \u201cEL MEJOR DE LOS DEM\u00c1S\u201d&nbsp;<\/strong><br>Dentro de la segunda fila de favoritos para la general del Tour de Francia, uno de los m\u00e1s destacados es sin duda Ben O\u2019Connor. Tras su victoria el a\u00f1o pasado en la etapa de Tignes, y el subsiguiente cuarto puesto en la clasificaci\u00f3n general final, el australiano de Ag2r-Citr\u00f6en ha confirmado su capacidad para las pruebas por etapas en cada ocasi\u00f3n de la que ha dispuesto: no en vano, ha acabado 7\u00ba \u00f3 mejor en todas las vueltas que ha terminado esta temporada, con un podio en el Crit\u00e9rium du Dauphin\u00e9 como resultado m\u00e1s brillante. \u201c<em>No estuve muy lejos de los mejores en el Dauphin\u00e9 y, si bien Primoz [Roglic] y Jonas [Vingegaard] parten aqu\u00ed como favoritos, yo puedo ser el mejor de los dem\u00e1s competidores. Puede que al cabo de tres semanas me encuentre a su par, o incluso por delante de ellos. Estar\u00e9 ah\u00ed para intentarlo, porque en la vida deportiva de un ciclista a veces se presentan ocasiones que despu\u00e9s no se repiten<\/em>\u201d.<\/p>\n\n\n\n<p><strong>TRUEQUE DE ROLES ENTRE GAUDU Y PINOT&nbsp;<\/strong><br>Esta ma\u00f1ana, Groupama-FDJ puso en vilo a los periodistas presentes en la sala de prensa del Bella Center de Copenhague al anunciar que dos de sus principales corredores, Thibaut Pinot y Stefan K\u00fcng, hab\u00edan pasado la Covid-19 durante la Vuelta a Suiza. No obstante, ambos est\u00e1n recuperados y listos para competir, si bien sus roles se han visto alterados. En la rueda de prensa vespertina, el m\u00e1ximo responsable del equipo Marc Madiot estableci\u00f3 la jerarqu\u00eda de la escuadra gala: \u201c<em>Hemos revisado nuestra estrategia. David Gaudu ser\u00e1 el l\u00edder \u00fanico y Pinot, su gregario de lujo en la monta\u00f1a junto a Michael Storer. El objetivo es estar lo m\u00e1s cerca posible del maillot amarillo. Aparte de dos o tres eslovenos, los dem\u00e1s rivales est\u00e1n a nuestro alcance. Y puede que, por una vez, las circunstancias jueguen a nuestro favor<\/em>\u201d. Tambi\u00e9n se expresaron los principales interesados por este intercambio de roles. \u201c<em>La relaci\u00f3n entre Thibaut y yo es muy fluida<\/em>\u201d, explic\u00f3 Gaudu; \u201c<em>hemos trabajado much\u00edsimo juntos y no nos hace falta hablar para entendernos<\/em>\u201d. Por su parte, Pinot asume sin dramas su rol secundario: \u201c<em>No estoy en condiciones de liderar al equipo en este Tour de Francia. La carrera es larga y puede que lleguen oportunidades que ahora mismo no prevemos\u2026 y si no las hay significar\u00e1 que David est\u00e1 peleando por el podio final. Buscar una victoria de etapa estar\u00eda muy bien, pero aupar a mi compa\u00f1ero al caj\u00f3n de Par\u00eds ser\u00eda mejor todav\u00eda<\/em>\u201d.<\/p>\n\n\n\n<p><strong>MICHAEL MATTHEWS Y \u201cEL HOMBRE M\u00c1S R\u00c1PIDO DEL MUNDO\u201d&nbsp;<\/strong><br>En la rueda de prensa de BikeExchange-Jayco, el australiano Michel Matthews dej\u00f3 declaraciones muy interesantes sobre su s\u00e9ptima participaci\u00f3n en el Tour de Francia y su cohabitaci\u00f3n con Dylan Groenewegen. \u201c<em>Esta carrera siempre ha sido una monta\u00f1a rusa para m\u00ed, con multitud de altibajos<\/em>\u201d, comenta el ciclista de Canberra. \u201c<em>Ahora mismo estoy ilusionado por volver aqu\u00ed con la bicicleta [Giant] con la que gan\u00e9 el maillot verde hace cinco a\u00f1os. No obstante, no voy a tratar de repetir ese triunfo. Para ganar la clasificaci\u00f3n por Puntos hay que disputar todas las llegadas masivas y sprints intermedios, y eso no casa con el objetivo com\u00fan del equipo, que es tratar de ganar tantas etapas como sea posible con Dylan Groenewegen, hoy por hoy el hombre m\u00e1s r\u00e1pido del mundo. Trabajar\u00e9 para colocarle lo mejor posible de cara a la \u2018volata\u2019 en las etapas llanas, y los d\u00edas que se le atraganten las subidas jugar\u00e9 mis propias cartas. Tratar\u00e9 de estar cerca de los mejores en la crono inicial de Copenhague porque mi gran objetivo es vestirme con el maillot amarillo en las etapas iniciales. No ser\u00e1 f\u00e1cil porque muchos hombres r\u00e1pidos partir\u00e1n con esa misma idea en mente\u2026 As\u00ed que ser\u00e1 una primera semana muy interesante<\/em>\u201d.<\/p>\n\n\n\n<p><strong>INTERMARCH\u00c9, \u00bfA LA QUINTA?&nbsp;<\/strong><br>\u00c9ste ser\u00e1 el quinto Tour de Francia del equipo Intermarch\u00e9-Wanty Gobert. Los tres primeros fueron como invitado, entre 2017 y 2019, desempe\u00f1ando el rol de formaci\u00f3n batalladora. El a\u00f1o pasado, su estreno como WorldTour, la t\u00f3nica fue similar. \u201c<em>Estuvimos en la pelea por la victoria de etapa un par de veces, pero nunca cerca de conseguirla<\/em>\u201d, reconoce su m\u00e1ximo responsable deportivo, Aike Visbeek. Esta vez, en cambio, ser\u00e1 diferente. \u201c<em>Tenemos armas para alzar los brazos y un segundo objetivo: colocar un ciclista en el top10 de la general final<\/em>\u201d, afirma el t\u00e9cnico. Un bloque de rodadores con Alexander Kristoff como ariete se ocupar\u00e1 de buscar el primer triunfo parcial de la historia del conjunto belga, con la etapa de pav\u00e9s en el centro de sus ambiciones. \u201c<em>Se disputa muy cerca de la sede del equipo y hemos podido reconocer el terreno; nos viene de perlas<\/em>\u201d, apunta el noruego. En cuanto al puesto de honor, la mejor baza es el sudafricano Louis Meintjes, que siendo 6\u00ba en el Dauphin\u00e9 \u201c<em>certific\u00f3 que est\u00e1 listo para afrontar este reto<\/em>\u201d seg\u00fan Visbeek. El eterno esp\u00edritu combativo de Intermarch\u00e9 estar\u00e1 encarnado por el neerland\u00e9s Taco van der Hoorn. \u201c<em>Mis opciones de ganar una etapa son muy peque\u00f1as. Primero tengo que estar en la escapada del d\u00eda; luego, llegar destacado del pelot\u00f3n a meta; y por \u00faltimo, imponerme. Pero, aun as\u00ed, voy a intentar estar en las fugas de la primera semana<\/em>\u201d.<\/p>\n\n\n\n<p><strong>UNA ATRACCI\u00d3N SOBRE RUEDAS EN T\u00cdVOLI\u00a0<\/strong><br>La presentaci\u00f3n de equipos del Tour de Francia ser\u00e1 acogida por los Jardines de T\u00edvoli, el parque de atracciones m\u00e1s antiguo del mundo, abierto en pleno centro de Copenhague nada menos que en 1843. Los espectadores podr\u00e1n ver a los 176 ciclistas y 22 equipos que tomar\u00e1n la salida en la contrarreloj del viernes. En el caso de Jumbo-Visma, Bora-Hansgrohe, Trek-Segafredo, Lotto-Soudal, EF Education-EasyPost, Israel-Premier Tech y Alpecin-Deceuninck, un inter\u00e9s especial ser\u00e1 suscitado por las equipaciones que estrenar\u00e1n con motivo de la Grande Boucle. En el interludio de esta particular atracci\u00f3n sobre ruedas actuar\u00e1 el grupo \u2018pop\u2019 dan\u00e9s Lukas Graham, que tratar\u00e1 de rivalizar en aplausos con estrellas locales como Jonas Vingegaard, Mads Pedersen o Kasper Asgreen.<\/p>\n\n\n\n<p>tourdefrance.fr<\/p>\n","protected":false},"excerpt":{"rendered":"<p>\u00b7 El pelot\u00f3n del Tour de Francia se prepara para demarrar la competici\u00f3n el pr\u00f3ximo viernes desde Copenhague. Una Grand D\u00e9part que se promete tan espectacular como la presentaci\u00f3n por equipos celebrada en los Jardines de T\u00edvoli.&nbsp;\u00b7 En la pelea por la general, Primoz Roglic y Jonas Vingegaard se consideran capaces de derrotar al vigente [&hellip;]<\/p>\n","protected":false},"author":1,"featured_media":128557,"comment_status":"closed","ping_status":"closed","sticky":false,"template":"","format":"standard","meta":{"_acf_changed":false,"_jetpack_memberships_contains_paid_content":false,"footnotes":"","jetpack_publicize_message":"","jetpack_publicize_feature_enabled":true,"jetpack_social_post_already_shared":true,"jetpack_social_options":{"image_generator_settings":{"template":"highway","default_image_id":0,"font":"","enabled":false},"version":2}},"categories":[14],"tags":[],"class_list":["post-128555","post","type-post","status-publish","format-standard","has-post-thumbnail","hentry","category-ciclismo"],"acf":[],"jetpack_publicize_connections":[],"jetpack_featured_media_url":"https:\/\/i0.wp.com\/sportseco.com\/wp-content\/uploads\/2022\/06\/37165.jpg?fit=600%2C500&ssl=1","jetpack_sharing_enabled":true,"_links":{"self":[{"href":"https:\/\/sportseco.com\/index.php?rest_route=\/wp\/v2\/posts\/128555","targetHints":{"allow":["GET"]}}],"collection":[{"href":"https:\/\/sportseco.com\/index.php?rest_route=\/wp\/v2\/posts"}],"about":[{"href":"https:\/\/sportseco.com\/index.php?rest_route=\/wp\/v2\/types\/post"}],"author":[{"embeddable":true,"href":"https:\/\/sportseco.com\/index.php?rest_route=\/wp\/v2\/users\/1"}],"replies":[{"embeddable":true,"href":"https:\/\/sportseco.com\/index.php?rest_route=%2Fwp%2Fv2%2Fcomments&post=128555"}],"version-history":[{"count":1,"href":"https:\/\/sportseco.com\/index.php?rest_route=\/wp\/v2\/posts\/128555\/revisions"}],"predecessor-version":[{"id":128558,"href":"https:\/\/sportseco.com\/index.php?rest_route=\/wp\/v2\/posts\/128555\/revisions\/128558"}],"wp:featuredmedia":[{"embeddable":true,"href":"https:\/\/sportseco.com\/index.php?rest_route=\/wp\/v2\/media\/128557"}],"wp:attachment":[{"href":"https:\/\/sportseco.com\/index.php?rest_route=%2Fwp%2Fv2%2Fmedia&parent=128555"}],"wp:term":[{"taxonomy":"category","embeddable":true,"href":"https:\/\/sportseco.com\/index.php?rest_route=%2Fwp%2Fv2%2Fcategories&post=128555"},{"taxonomy":"post_tag","embeddable":true,"href":"https:\/\/sportseco.com\/index.php?rest_route=%2Fwp%2Fv2%2Ftags&post=128555"}],"curies":[{"name":"wp","href":"https:\/\/api.w.org\/{rel}","templated":true}]}}