{"id":128602,"date":"2022-06-30T17:20:05","date_gmt":"2022-06-30T21:20:05","guid":{"rendered":"https:\/\/sportseco.com\/?p=128602"},"modified":"2022-06-30T17:24:27","modified_gmt":"2022-06-30T21:24:27","slug":"queda-un-diapara-el-arranque-del-tour-2022","status":"publish","type":"post","link":"https:\/\/sportseco.com\/?p=128602","title":{"rendered":"QUEDA UN D\u00cdA\u2026para el arranque del Tour 2022"},"content":{"rendered":"\n<p><em><strong>\u00b7 El Tour de Francia rodar\u00e1 este viernes por primera vez en su historia por territorio dan\u00e9s. Abrir\u00e1 la contienda una contrarreloj llana y revirada de 13,2 kil\u00f3metros por las calles de Copenhague.&nbsp;<br>\u00b7 Tadej Pogacar rebosa confianza en conseguir su tercera victoria consecutiva en la general de la Grande Boucle, e incluso cree tener opciones de vestirse de amarillo ya en Dinamarca. Enric Mas y Nairo Quintana esperan desafiarle en la lucha por el triunfo absoluto\u2026 o al menos acompa\u00f1arle en el podio de Par\u00eds.&nbsp;<br>\u00b7 Mathieu van der Poel y Peter Sagan ambicionan triunfar en la pelea por las victorias parciales, mientras Rigoberto Ur\u00e1n elude marcarse objetivos concretos. El tetracampe\u00f3n Chris Froome, por su parte, considera un \u201cprivilegio\u201d el mero hecho de tomar la salida.&nbsp;<\/strong><\/em><\/p>\n\n\n\n<figure class=\"wp-block-image\"><a href=\"https:\/\/img.aso.fr\/core_app\/img-cycling-tdf-jpg\/jmoins1-1000-1\/38835\/0:0,1000:666-1000-0-70\/fc233\"><img decoding=\"async\" src=\"https:\/\/img.aso.fr\/core_app\/img-cycling-tdf-jpg\/jmoins1-1000-1\/38835\/0:0,1000:666-400-0-70\/73910\" alt=\"29\/06\/2022 \u2013 Tour de France 2022 \u2013 Grand Depart Copenhague (Danemark) \u2013 Jour 2 - Presentation des equipes\"\/><\/a><figcaption>29\/06\/2022 \u2013 Tour de France 2022 \u2013 Grand Depart Copenhague (Danemark) \u2013 Jour 2 &#8211; Presentation des equipes \u00a9 A.S.O.\/Charly Lopez<\/figcaption><\/figure>\n\n\n\n<figure class=\"wp-block-image\"><a href=\"https:\/\/img.aso.fr\/core_app\/img-cycling-tdf-jpg\/jmoins1-vdp-1000-1\/38831\/0:0,1000:666-1000-0-70\/56a91\"><img decoding=\"async\" src=\"https:\/\/img.aso.fr\/core_app\/img-cycling-tdf-jpg\/jmoins1-vdp-1000-1\/38831\/0:0,1000:666-400-0-70\/33968\" alt=\"29\/06\/2022 \u2013 Tour de France 2022 \u2013 Grand Depart Copenhague (Danemark) \u2013 Jour 2 - Presentation des equipes\"\/><\/a><figcaption>29\/06\/2022 \u2013 Tour de France 2022 \u2013 Grand Depart Copenhague (Danemark) \u2013 Jour 2 &#8211; Presentation des equipes \u00a9 A.S.O.\/Aurelien Vialatte<\/figcaption><\/figure>\n\n\n\n<figure class=\"wp-block-image\"><a href=\"https:\/\/img.aso.fr\/core_app\/img-cycling-tdf-jpg\/jmoins1-1000-3\/38833\/0:0,1000:666-1000-0-70\/ee689\"><img decoding=\"async\" src=\"https:\/\/img.aso.fr\/core_app\/img-cycling-tdf-jpg\/jmoins1-1000-3\/38833\/0:0,1000:666-400-0-70\/4542e\" alt=\"29\/06\/2022 \u2013 Tour de France 2022 \u2013 Grand Depart Copenhague (Danemark) \u2013 Jour 2 - Presentation des equipes\"\/><\/a><figcaption>29\/06\/2022 \u2013 Tour de France 2022 \u2013 Grand Depart Copenhague (Danemark) \u2013 Jour 2 &#8211; Presentation des equipes \u00a9 A.S.O.\/Jonathan Biche<\/figcaption><\/figure>\n\n\n\n<p><strong>EL DEBUT DE DINAMARCA EN EL TOUR DE FRANCIA&nbsp;<\/strong><br>Este viernes, Dinamarca se convertir\u00e1 en el d\u00e9cimo pa\u00eds extranjero que acoge una Grand D\u00e9part del Tour de Francia. La ronda gala no tard\u00f3 m\u00e1s que cuatro ediciones en aventurarse m\u00e1s all\u00e1 de sus fronteras tradicionales, toda vez que rod\u00f3 unos kil\u00f3metros por Alsacia en 1906 cuando la actual regi\u00f3n francesa pertenec\u00eda al Imperio Alem\u00e1n. Al a\u00f1o siguiente fue la capital hist\u00f3rica de Lorena, Metz, la primera ciudad for\u00e1nea en acoger una etapa de la Grande Boucle. Hubo que esperar hasta 1954 para que el Tour arrancara por primera vez desde el extranjero, con la ciudad de Amsterdam acogiendo la salida de una etapa inicial que finaliz\u00f3 en la ciudad belga de Brasschaat con victoria del neerland\u00e9s Wout Wagtmans. Desde entonces hemos vivido otras cinco Grand D\u00e9part desde Pa\u00edses Bajos, cinco desde B\u00e9lgica, cuatro desde Alemania, dos desde Gran Breta\u00f1a y dos desde Luxemburgo, mientras las naciones de Irlanda, M\u00f3naco, Suiza y Espa\u00f1a han acogido una cada una. En 2023, la Grand D\u00e9part Pays Basque nos llevar\u00e1 a demarrar desde Bilbao para despu\u00e9s visitar las ciudades de Vitoria, San Sebasti\u00e1n y Amorebieta antes de que el Tour regrese a territorio franc\u00e9s.<\/p>\n\n\n\n<p><strong>TADEJ POGACAR, A POR EL \u2018HAT TRICK\u2019&nbsp;<\/strong><br>Despu\u00e9s de ganar los dos \u00faltimos Tours de Francia, Tadej Pogacar va a por el tercero. \u201c<em>Estoy ilusionado<\/em>\u201d, declar\u00f3 el l\u00edder de UAE Team Emirates. \u201c<em>La preparaci\u00f3n ha sido perfecta, con una concentraci\u00f3n en altura y la Vuelta a Eslovenia. Creo que mi estado de forma es bueno, en la l\u00ednea del a\u00f1o pasado. Siento una mayor confianza, y tal vez est\u00e9 incluso m\u00e1s fuerte. Habr\u00e1 momentos dif\u00edciles y espero no tener ning\u00fan mal d\u00eda. La primera semana es compleja, con posibilidad de abanicos, largos puentes sobre el mar y adoquines. Si el equipo compite unido, no necesitaremos ser agresivos; s\u00f3lo estar bien colocados. Estamos preparados, as\u00ed que no tenemos por qu\u00e9 estar preocupados<\/em>\u201d. Ha dado que hablar su elecci\u00f3n de tomar la salida en la crono de ma\u00f1ana relativamente temprano, a las 17:05, cuando los \u00faltimos en partir lo har\u00e1n a las 18:55. \u201c<em>Hemos decidido que yo sea el tercero del equipo en salir a causa del pron\u00f3stico meteorol\u00f3gico. No creo que pueda ganar, pero aun as\u00ed lo dar\u00e9 todo. Habiendo una opci\u00f3n de coger el maillot amarillo, \u00a1nadie puede negarse a intentarlo!<\/em>\u201d<\/p>\n\n\n\n<p><strong>10 DE CONFIANZA PARA ENRIC MAS&nbsp;<\/strong><br>Este a\u00f1o no hay tridente, ni bicefalia: Enric Mas es el l\u00edder \u00fanico de Movistar Team. \u201c<em>Voy a tener un corredor m\u00e1s a mi servicio para solventar cualquier problema<\/em>\u201d, asevera contento en rueda de prensa. \u00ab<em>Estamos aqu\u00ed para subir al podio de Par\u00eds. A nivel de confianza, estoy en 10 sobre 10\u2026 o m\u00e1s. La forma f\u00edsica ha sido buena durante todo el a\u00f1o, y han sido las ca\u00eddas las que nos han privado de sacar un buen resultado en las carreras disputadas hasta ahora. Esperemos que la mala suerte haya terminado<\/em>\u00ab. Y es que el balear no logr\u00f3 acabar ni la Tirreno-Adri\u00e1tico ni el Crit\u00e9rium du Dauphin\u00e9 por mor de sendas ca\u00eddas. Tambi\u00e9n se fue al suelo en la \u00faltima etapa de la Vuelta al Pa\u00eds Vasco, lo cual le releg\u00f3 al 9\u00ba puesto de la general final. \u201c<em>He mejorado en mi manera de trabajar; ahora conf\u00edo al 100% en mis entrenamientos<\/em>\u201d, comenta sobre su progresi\u00f3n deportiva. En lo referente a esta Grande Boucle, analiza: \u201c<em>Es normal que Tadej Pogacar y Primoz Roglic sean los referentes. Si ellos caen en un t\u00fa a t\u00fa, a los dem\u00e1s nos tocar\u00e1 aprovecharnos de ello. No obstante, tenemos que buscar un resultado y no voy a atacar porque s\u00ed. La primera semana es muy complicada. Me motiva mucho la etapa de pav\u00e9. La hemos reconocido dos o tres veces. Es un d\u00eda en el que se pueden marcar tantas diferencias o m\u00e1s como en la alta monta\u00f1a. Para m\u00ed es un reto nuevo, algo que aprender<\/em>\u201d.<\/p>\n\n\n\n<p><strong>VAN DER POEL, HASTA EL FINAL&nbsp;<\/strong><br>Fue la sensaci\u00f3n del pasado Tour de Francia. Aquella victoria de la segunda etapa que le vali\u00f3 para ponerse el maillot amarillo, tan esquivo para su abuelo Raymond Poulidor, fue sencillamente hist\u00f3rica. Sin embargo, su retirada en la novena etapa tras ceder el liderato en la v\u00edspera fue para muchos frustrante. Esta vez, sin embargo, el jefe de filas de Alpecin-Deceuninck est\u00e1 decidido a llegar hasta los Campos El\u00edseos. \u201c<em>La contrarreloj se parece a la del Giro, aunque sin la subida final<\/em>\u201d, analiza comparando el trazado de Copenhague con aquel de Budapest donde se alz\u00f3 con la \u2018maglia rosa\u2019. \u201c<em>Habr\u00e1 que limitar p\u00e9rdidas. Ser\u00e1 m\u00e1s dif\u00edcil que el a\u00f1o pasado ponerse de amarillo, pero todo es posible en la primera semana<\/em>\u201d. Durante el resto de la Grande Boucle compartir\u00e1 responsabilidades con Jasper Philipsen, velocista designado de Alpecin-Deceuninck. \u201c<em>Intentar\u00e9 confirmar que puedo ser competitivo en la tercera semana, como ya demostr\u00e9 en el Giro. No s\u00e9 c\u00f3mo reaccionar\u00e1 mi cuerpo, pero prefiero entrar en la escapada a quedarme en el pelot\u00f3n, as\u00ed que probar\u00e9 suerte. Tambi\u00e9n tratar\u00e9 de ayudar a Jasper en las llegadas masivas. Qui\u00e9n disputar\u00e1 cada etapa depender\u00e1 de c\u00f3mo se desarrolle la jornada, pero nos repartiremos las oportunidades<\/em>\u201d.<\/p>\n\n\n\n<p><strong>PETER SAGAN ESPERA TENER \u201cALGO QUE DECIR\u201d&nbsp;<\/strong><br>El equipo TotalEnergies sufri\u00f3 este invierno una aut\u00e9ntica revoluci\u00f3n con la llegada de Peter Sagan y su cohorte de compa\u00f1eros, t\u00e9cnicos y patrocinadores. El eslovaco se ha convertido en la referencia del hist\u00f3rico equipo de Jean-Ren\u00e9 Bernaudeau, si bien sus prestaciones deportivas han sido discretas por mor de diversos problemas f\u00edsicos hasta que, en junio, gan\u00f3 una etapa de la Vuelta a Suiza y revalid\u00f3 su maillot de campe\u00f3n nacional de Eslovaquia. \u201c<em>Estoy feliz de estar aqu\u00ed en el Tour de Francia despu\u00e9s de tantos problemas. Las expectativas son altas, pero iremos d\u00eda a d\u00eda porque esta carrera es impredecible<\/em>\u201d. El siete veces ganador de la clasificaci\u00f3n por Puntos no sabe todav\u00eda si un octavo maillot verde \u201c<em>es posible o no<\/em>\u201d, si bien confirma que disputar\u00e1 a tope la crono inaugural de Copenhague con el maillot amarillo en mente. \u00bfEst\u00e1s en el oto\u00f1o de tu carrera?, le pregunt\u00f3 un periodista. \u201c<em>Tengo mucha experiencia\u201d, reaccion\u00f3 con sorna, \u201cpero espero tener algo que decir a\u00fan. Mi carrera deportiva no ha terminado todav\u00eda. Todo el mundo lo est\u00e1 pasando mal por el Covid y dem\u00e1s; \u00a1no me est\u00e1 yendo tan mal!<\/em>\u201d, concluy\u00f3 entre risas. M\u00e1s serio estaba su coequipier Pierre Latour, cuya preparaci\u00f3n para la Grande Boucle se vio \u201c<em>perturbada<\/em>\u201d por una fractura de radio sufrida hace menos de un mes. \u201c<em>Espero ir ganando forma f\u00edsica con el paso de los d\u00edas<\/em>\u201d, dese\u00f3.<\/p>\n\n\n\n<p><strong>LAS PRIORIDADES DE RIGOBERTO UR\u00c1N&nbsp;<\/strong><br>\u201c<em>Comer bien, dormir muy bien y disfrutar las 21 etapas<\/em>\u201d. Lo dice con una gran sonrisa y sin pesta\u00f1ear. \u201c<em>Si uno hace eso, obtendr\u00e1 un buen resultado al final<\/em>\u201d. Con 35 a\u00f1os y 8 Tours de Francia en las piernas, Rigoberto Ur\u00e1n conoce las claves del ciclismo y de la gran ronda francesa. 2\u00ba en la edici\u00f3n de 2017, el l\u00edder de EF Education-EasyPost evita concretar sus objetivos para el desaf\u00edo de 2022. \u201c<em>Quiero ayudar al equipo y dar lo mejor de m\u00ed cada d\u00eda. Estamos con ganas y obviamente las carreras de tres semanas se me dan bien<\/em>\u201d. No parece inclinado por repetir la experiencia del a\u00f1o pasado, donde un desfallecimiento en la tercera semana le mand\u00f3 de la segunda posici\u00f3n de la general hasta la d\u00e9cima. \u201c<em>Fue muy duro y frustrante perder todo en los \u00faltimos d\u00edas<\/em>\u201d, admite con una sombra en la mirada; \u201c<em>pero \u00e9ste es un nuevo Tour, y partimos desde cero<\/em>\u201d.<\/p>\n\n\n\n<p><strong>PARA FROOME, EL D\u00c9CIMO TOUR ES UN \u201cPRIVILEGIO\u201d&nbsp;<\/strong><br>Chris Froome expres\u00f3 su felicidad por tomar la salida en su d\u00e9cimo Tour de Francia en la misma rueda de prensa en la que su equipo, Israel-PremierTech, lanz\u00f3 su campa\u00f1a \u201cHelp Fund the Field of Dreams\u201d (\u2018Ayudar a financiar los sue\u00f1os\u2019) para espolear el ciclismo femenino en Ruanda. El anglokeniano est\u00e1 radiante, superados ya pr\u00e1cticamente los h\u00e1ndicaps provocados por su dura ca\u00edda reconociendo la contrarreloj del Crit\u00e9rium du Dauphin\u00e9 2019. \u201c<em>Llegar a Par\u00eds el a\u00f1o pasado, tras superar tantos problemas, ya fue un logro<\/em>\u201d, dijo el ganador de cuatro Tours de Francia. \u201c<em>Lo de ayer fue toda una experiencia. \u2018Chapeau\u2019 a Copenhague por la presentaci\u00f3n de equipos de ayer. Es un privilegio participar en esta carrera. En los \u00faltimos meses me he sentido libre de problemas f\u00edsicos por primera vez en tres a\u00f1os. Estoy en trayectoria ascendente desde enero, con el \u00fanico lunar de la enfermedad que pas\u00e9 durante el Dauphin\u00e9. No s\u00e9 en qu\u00e9 estado de forma me encuentro, pero lo voy a dar todo y espero luchar por alguna victoria de etapa<\/em>\u201d. Sus coequipiers Jakob Fuglsang y Michael Woods, por su parte, otorgan tambi\u00e9n prioridad a pelear triunfos parciales sobre un eventual puesto de honor en la general. El dan\u00e9s mencion\u00f3 la quinta etapa, marcada por el pav\u00e9, en relaci\u00f3n a sus buenos recuerdos ligados a la jornada adoquinada de 2014, en la que fue segundo.<\/p>\n\n\n\n<p><strong>NAIRO QUINTANA NO RENUNCIA AL \u201cSUE\u00d1O AMARILLO\u201d\u00a0<\/strong><br>Despu\u00e9s de haber partido a la caza de victorias de etapa o incluso del maillot a puntos rojos de la Monta\u00f1a en ediciones precedentes, Nairo Quintana vuelve a poner la clasificaci\u00f3n general del Tour de Francia en su punto de mira: \u201c<em>Queremos estar delante y luchar por el podio<\/em>\u201d, afirma el colombiano. \u201c<em>Nunca se sabe si el sue\u00f1o amarillo se har\u00e1 realidad alguna vez. S\u00f3lo dejaremos de hablar de \u00e9l cuando no estemos aqu\u00ed. Sabemos que es muy dif\u00edcil estando en liza Tadej Pogacar, que es el ciclista m\u00e1s fuerte del pelot\u00f3n con diferencia. Sin embargo, ya hemos visto alguna vez situaciones de carrera en las que no ha ganado el m\u00e1s fuerte<\/em>\u201d. Su director en Ark\u00e9a-Samsic, Yvon Ledanois, asevera por su parte que un puesto entre los cinco primeros de la general final ser\u00eda \u201d<em>un buen resultado para el equipo, y para Nairo<\/em>\u201d. Su coequipier Warren Barguil, por su parte, ir\u00e1 en busca de victorias de etapa. \u00bfAlguna en particular? \u201c<em>La de Foix<\/em>\u201d, dice Nairo arrebat\u00e1ndole el turno de palabra. \u201c<em>Una vez \u00e9l gan\u00f3 all\u00ed una etapa, y yo fui segundo. \u00a1A ver si este a\u00f1o somos capaces de repetir el resultado!<\/em>\u201d<\/p>\n\n\n\n<p><\/p>\n\n\n\n<p>letour.fr<\/p>\n","protected":false},"excerpt":{"rendered":"<p>\u00b7 El Tour de Francia rodar\u00e1 este viernes por primera vez en su historia por territorio dan\u00e9s. Abrir\u00e1 la contienda una contrarreloj llana y revirada de 13,2 kil\u00f3metros por las calles de Copenhague.&nbsp;\u00b7 Tadej Pogacar rebosa confianza en conseguir su tercera victoria consecutiva en la general de la Grande Boucle, e incluso cree tener opciones [&hellip;]<\/p>\n","protected":false},"author":1,"featured_media":128604,"comment_status":"closed","ping_status":"closed","sticky":false,"template":"","format":"standard","meta":{"_acf_changed":false,"_jetpack_memberships_contains_paid_content":false,"footnotes":"","jetpack_publicize_message":"","jetpack_publicize_feature_enabled":true,"jetpack_social_post_already_shared":true,"jetpack_social_options":{"image_generator_settings":{"template":"highway","default_image_id":0,"font":"","enabled":false},"version":2}},"categories":[14],"tags":[],"class_list":["post-128602","post","type-post","status-publish","format-standard","has-post-thumbnail","hentry","category-ciclismo"],"acf":[],"jetpack_publicize_connections":[],"jetpack_featured_media_url":"https:\/\/i0.wp.com\/sportseco.com\/wp-content\/uploads\/2022\/06\/eaa6a.jpg?fit=1000%2C666&ssl=1","jetpack_sharing_enabled":true,"_links":{"self":[{"href":"https:\/\/sportseco.com\/index.php?rest_route=\/wp\/v2\/posts\/128602","targetHints":{"allow":["GET"]}}],"collection":[{"href":"https:\/\/sportseco.com\/index.php?rest_route=\/wp\/v2\/posts"}],"about":[{"href":"https:\/\/sportseco.com\/index.php?rest_route=\/wp\/v2\/types\/post"}],"author":[{"embeddable":true,"href":"https:\/\/sportseco.com\/index.php?rest_route=\/wp\/v2\/users\/1"}],"replies":[{"embeddable":true,"href":"https:\/\/sportseco.com\/index.php?rest_route=%2Fwp%2Fv2%2Fcomments&post=128602"}],"version-history":[{"count":2,"href":"https:\/\/sportseco.com\/index.php?rest_route=\/wp\/v2\/posts\/128602\/revisions"}],"predecessor-version":[{"id":128605,"href":"https:\/\/sportseco.com\/index.php?rest_route=\/wp\/v2\/posts\/128602\/revisions\/128605"}],"wp:featuredmedia":[{"embeddable":true,"href":"https:\/\/sportseco.com\/index.php?rest_route=\/wp\/v2\/media\/128604"}],"wp:attachment":[{"href":"https:\/\/sportseco.com\/index.php?rest_route=%2Fwp%2Fv2%2Fmedia&parent=128602"}],"wp:term":[{"taxonomy":"category","embeddable":true,"href":"https:\/\/sportseco.com\/index.php?rest_route=%2Fwp%2Fv2%2Fcategories&post=128602"},{"taxonomy":"post_tag","embeddable":true,"href":"https:\/\/sportseco.com\/index.php?rest_route=%2Fwp%2Fv2%2Ftags&post=128602"}],"curies":[{"name":"wp","href":"https:\/\/api.w.org\/{rel}","templated":true}]}}