{"id":128606,"date":"2022-06-30T17:30:12","date_gmt":"2022-06-30T21:30:12","guid":{"rendered":"https:\/\/sportseco.com\/?p=128606"},"modified":"2022-06-30T17:30:27","modified_gmt":"2022-06-30T21:30:27","slug":"ciencia-para-salvar-los-oceanos","status":"publish","type":"post","link":"https:\/\/sportseco.com\/?p=128606","title":{"rendered":"Ciencia para salvar los oc\u00e9anos"},"content":{"rendered":"\n<p>El uso del conocimiento cient\u00edfico, el desarrollo de la capacidad de investigaci\u00f3n y el aprovechamiento de las nuevas tecnolog\u00edas marinas son esenciales para la gesti\u00f3n sostenible de los oc\u00e9anos, fue unade las afirmaciones que resonaron este jueves en la reuni\u00f3n sobre el oc\u00e9ano celebrada en Lisboa, Portugal.<\/p>\n\n\n\n<p>La cuarta jornada de la Conferencia de la ONU sobre los Oc\u00e9anos se centr\u00f3 en el&nbsp;<strong>papel de la comunidad cient\u00edfica para hacer posible la transformaci\u00f3n azul<\/strong>&nbsp;de la relaci\u00f3n de la humanidad con el mar.<\/p>\n\n\n\n<p>Con&nbsp;<strong>m\u00e1s de 3000 millones de personas que dependen en gran medida de los ecosistemas marinos<\/strong>para su alimentaci\u00f3n y sustento, el despliegue de soluciones para alcanzar los objetivos relacionados con los oc\u00e9anos depende de las acciones de las generaciones actuales y futuras.<img data-recalc-dims=\"1\" decoding=\"async\" src=\"https:\/\/i0.wp.com\/global.unitednations.entermediadb.net\/assets\/mediadb\/services\/module\/asset\/downloads\/preset\/Libraries\/Production%2BLibrary\/23-03-2021_Coral-Reef-IB_Egypt.jpg\/image1170x530cropped.jpg?w=640&#038;ssl=1\" alt=\"Unos peces nadan alrededor de un arrecife de coral en el Mar Rojo frente a la costa de Egipto.\"  ><\/p>\n\n\n\n<p>Coral Reef Image Bank\/Alexander<\/p>\n\n\n\n<p>Unos peces nadan alrededor de un arrecife de coral en el Mar Rojo frente a la costa de Egipto.<\/p>\n\n\n\n<h2 class=\"wp-block-heading\">La ciencia para el desarrollo sostenible<\/h2>\n\n\n\n<p>En los \u00faltimos a\u00f1os se ha producido una mayor innovaci\u00f3n cient\u00edfica y un progresivo reconocimiento de la importancia que tiene la oceanograf\u00eda para contribuir a los&nbsp;<a href=\"https:\/\/news.un.org\/es\/news\/topic\/sdgs\">Objetivos de Desarrollo Sostenible<\/a>&nbsp;(ODS) a cumplirse en 2030.<\/p>\n\n\n\n<p>Se han desarrollado diversas iniciativas que est\u00e1n siendo implementadas no solo por la ONU, sino tambi\u00e9n por los gobiernos, la sociedad civil y la comunidad cient\u00edfica.<\/p>\n\n\n\n<p>El compromiso y la implicaci\u00f3n de las partes interesadas son esenciales para aprovechar al m\u00e1ximo la oportunidad \u00fanica que ofrece el&nbsp;<a href=\"https:\/\/www.oceandecade.org\/es\/\">Decenio de las Naciones Unidas de las Ciencias Oce\u00e1nicas para el Desarrollo Sostenible (2021-2030)<\/a>&nbsp;y hacer realidad la Agenda 2030 para el Desarrollo Sostenible.<\/p>\n\n\n\n<p>La Comisi\u00f3n Oceanogr\u00e1fica Intergubernamental (COI) es el organismo que trabaja para reforzar la colaboraci\u00f3n internacional en materia de ciencias del mar e investigaci\u00f3n oce\u00e1nica, una labor que ning\u00fan pa\u00eds puede realizar por s\u00ed solo.<\/p>\n\n\n\n<h2 class=\"wp-block-heading\">Un momento cr\u00edtico<\/h2>\n\n\n\n<p>Tras aplaudir los recientes avances en investigaci\u00f3n marina, los cient\u00edficos presentes en la Conferencia subrayaron la necesidad de actuar de inmediato.<\/p>\n\n\n\n<p>La&nbsp;<strong>veterana bi\u00f3loga marina y ocean\u00f3grafa Sylvia Earle<\/strong>&nbsp;particip\u00f3 toda la semana en el evento de Lisboa.<\/p>\n\n\n\n<p>\u00abUsa tu poder y haz que otros usen el suyo para proteger la naturaleza, para corresponderla, para detener la matanza y para entender que podemos atajar la contaminaci\u00f3n que estamos causando\u00bb, dijo Earle, y a\u00f1adi\u00f3: \u00abeste es el momento, es ahora o nunca, un momento cr\u00edtico de pasar a la acci\u00f3n. Es la mejor oportunidad de encontrar un lugar dentro de los sistemas naturales para mantenernos vivos\u00bb.<\/p>\n\n\n\n<p>Emanuel Gon\u00e7alves, miembro del consejo y cient\u00edfico jefe de&nbsp;<a href=\"https:\/\/www.oceanoazulfoundation.org\/\">Oc\u00e9ano Azul Foundation<\/a>, reiter\u00f3 tambi\u00e9n la necesidad de actuar ya:<\/p>\n\n\n\n<p>\u00abNo podemos esperar 30 a\u00f1os m\u00e1s para proteger el 8% del oc\u00e9ano, que es lo que tenemos ahora; incluso ese 8% no est\u00e1 adecuadamente protegido. Solo entre el 2% y 3% est\u00e1 totalmente protegido, as\u00ed que debemos poner en marcha esta agenda ahora mismo, y no en 2030\u00bb, afirm\u00f3 Gon\u00e7alves.<img data-recalc-dims=\"1\" decoding=\"async\" src=\"https:\/\/i0.wp.com\/global.unitednations.entermediadb.net\/assets\/mediadb\/services\/module\/asset\/downloads\/preset\/Libraries\/Production%2BLibrary\/08-06-2022_UNWOD_aquarium.jpg\/image1170x530cropped.jpg?w=640&#038;ssl=1\" alt=\"Un bi\u00f3logo marino revisa un acuario de arrecife dentro de un laboratorio del Instituto Australiano de Ciencias Marinas.\"  ><\/p>\n\n\n\n<p>\u00a9 Giacomo d&#8217;Orlando<\/p>\n\n\n\n<p>Un bi\u00f3logo marino revisa un acuario de arrecife dentro de un laboratorio del Instituto Australiano de Ciencias Marinas.<\/p>\n\n\n\n<h2 class=\"wp-block-heading\">Derecho del Mar y alta mar<\/h2>\n\n\n\n<p>La promoci\u00f3n de la ciencia oce\u00e1nica reconocida por la&nbsp;<a href=\"https:\/\/www.un.org\/depts\/los\/convention_agreements\/texts\/unclos\/convemar_es.pdf\">Convenci\u00f3n de las Naciones Unidas sobre el Derecho del Mar<\/a>, que establece las obligaciones de los Estados y las organizaciones internacionales de promover la cooperaci\u00f3n internacional en la investigaci\u00f3n cient\u00edfica marina, optimiza las condiciones para los cient\u00edficos y promueve la difusi\u00f3n de datos cient\u00edficos.<\/p>\n\n\n\n<p>Como la alta mar representa m\u00e1s de la mitad de los oc\u00e9anos, Gon\u00e7alves subray\u00f3 la necesidad imperante de resolver su problema de gobernanza.<\/p>\n\n\n\n<p>\u201c<strong>Los mecanismos actuales no nos permiten establecer \u00e1reas protegidas<\/strong>, y sin alta mar no es posible proteger el 30% de los oc\u00e9anos. Debemos asegurarnos de que el acuerdo sobre alta mar avance, no solo ahora, y encaminarlo para que las instituciones puedan garantizar esta protecci\u00f3n y ponerla en marcha\u201d, dijo el experto.<img data-recalc-dims=\"1\" decoding=\"async\" src=\"https:\/\/i0.wp.com\/global.unitednations.entermediadb.net\/assets\/mediadb\/services\/module\/asset\/downloads\/preset\/Libraries\/Production%2BLibrary\/27-06-2022_Colombia-oceans.jpg\/image1170x530cropped.jpg?w=640&#038;ssl=1\" alt=\"Elvira Alvarado, bi\u00f3loga marina dedicada a salvar arrecifes de coral, buceando junto a sus colegas  en Colombia.\"  ><\/p>\n\n\n\n<p>Ecomares\/Andr\u00e9s Obreg\u00f3n<\/p>\n\n\n\n<p>Elvira Alvarado, bi\u00f3loga marina dedicada a salvar arrecifes de coral, buceando junto a sus colegas en Colombia.<\/p>\n\n\n\n<h2 class=\"wp-block-heading\">Y t\u00fa, \u00bfqu\u00e9 puedes hacer?<\/h2>\n\n\n\n<p>Para Sylvia Earle, la vida depende de los oc\u00e9anos: \u00ab<strong>el oc\u00e9ano nos mantiene vivos, y tenemos que mantener vivo al oc\u00e9ano<\/strong>\u00ab, apunt\u00f3, pidiendo que cada uno de nosotros haga algo para salvarlos: \u00aben tu patio trasero, \u00bfqu\u00e9 vas a hacer para plantar plantas, flores y \u00e1rboles aut\u00f3ctonos que puedan ayudar al oc\u00e9ano? Proteger la naturaleza es tarea de todos\u00bb.<\/p>\n\n\n\n<p>Gon\u00e7alves sugiere tres cosas para ayudar a salvar el oc\u00e9ano: votar, promover soluciones a los problemas y cambiar nuestro comportamiento de consumo.<\/p>\n\n\n\n<p>Asimismo, al hablar de la iniciativa&nbsp;<a href=\"https:\/\/riseupfortheocean.org\/\">RISE UP for the Ocean<\/a>&nbsp;(un llamamiento conjunto de la sociedad civil, los pescadores, los pueblos ind\u00edgenas y las organizaciones filantr\u00f3picas a los gobiernos y las empresas para adoptar medidas para salvaguardar el oc\u00e9ano) Gon\u00e7alves reclam\u00f3 que lo que el que el mundo necesita es pasar de un llamamiento a la acci\u00f3n, a un plan concreto de acci\u00f3n.<\/p>\n\n\n\n<p>Por su parte, Liu Zhenmin, jefe del Departamento de Asuntos Econ\u00f3micos y Sociales de la ONU (DESA), sostuvo que la declaraci\u00f3n pol\u00edtica que se aprobar\u00e1 el viernes, tras el acuerdo de los Estados miembros alcanzado antes de Lisboa, demuestra que el mundo est\u00e1 en v\u00edas de tomar medidas urgentes para evitar un da\u00f1o cada vez mayor al oc\u00e9ano, y calific\u00f3 el resultado de \u00abtranquilizador y profundo\u00bb.<\/p>\n\n\n\n<p>Hasta el viernes, Noticias ONU le ofrecer\u00e1 una cobertura diaria de la Conferencia, as\u00ed como entrevistas, podcasts y reportajes, a los que\u00a0<a href=\"https:\/\/news.un.org\/pages\/es\/lungs-of-our-planet\/\">puede acceder aqu\u00ed.<\/a><\/p>\n\n\n\n<p><\/p>\n\n\n\n<p>un.org<\/p>\n","protected":false},"excerpt":{"rendered":"<p>El uso del conocimiento cient\u00edfico, el desarrollo de la capacidad de investigaci\u00f3n y el aprovechamiento de las nuevas tecnolog\u00edas marinas son esenciales para la gesti\u00f3n sostenible de los oc\u00e9anos, fue unade las afirmaciones que resonaron este jueves en la reuni\u00f3n sobre el oc\u00e9ano celebrada en Lisboa, Portugal. La cuarta jornada de la Conferencia de la [&hellip;]<\/p>\n","protected":false},"author":1,"featured_media":128607,"comment_status":"closed","ping_status":"closed","sticky":false,"template":"","format":"standard","meta":{"_acf_changed":false,"_jetpack_memberships_contains_paid_content":false,"footnotes":"","jetpack_publicize_message":"","jetpack_publicize_feature_enabled":true,"jetpack_social_post_already_shared":true,"jetpack_social_options":{"image_generator_settings":{"template":"highway","default_image_id":0,"font":"","enabled":false},"version":2}},"categories":[6],"tags":[],"class_list":["post-128606","post","type-post","status-publish","format-standard","has-post-thumbnail","hentry","category-ecologia"],"acf":[],"jetpack_publicize_connections":[],"jetpack_featured_media_url":"https:\/\/i0.wp.com\/sportseco.com\/wp-content\/uploads\/2022\/06\/image1170x530cropped-6.jpg?fit=1170%2C530&ssl=1","jetpack_sharing_enabled":true,"_links":{"self":[{"href":"https:\/\/sportseco.com\/index.php?rest_route=\/wp\/v2\/posts\/128606","targetHints":{"allow":["GET"]}}],"collection":[{"href":"https:\/\/sportseco.com\/index.php?rest_route=\/wp\/v2\/posts"}],"about":[{"href":"https:\/\/sportseco.com\/index.php?rest_route=\/wp\/v2\/types\/post"}],"author":[{"embeddable":true,"href":"https:\/\/sportseco.com\/index.php?rest_route=\/wp\/v2\/users\/1"}],"replies":[{"embeddable":true,"href":"https:\/\/sportseco.com\/index.php?rest_route=%2Fwp%2Fv2%2Fcomments&post=128606"}],"version-history":[{"count":1,"href":"https:\/\/sportseco.com\/index.php?rest_route=\/wp\/v2\/posts\/128606\/revisions"}],"predecessor-version":[{"id":128608,"href":"https:\/\/sportseco.com\/index.php?rest_route=\/wp\/v2\/posts\/128606\/revisions\/128608"}],"wp:featuredmedia":[{"embeddable":true,"href":"https:\/\/sportseco.com\/index.php?rest_route=\/wp\/v2\/media\/128607"}],"wp:attachment":[{"href":"https:\/\/sportseco.com\/index.php?rest_route=%2Fwp%2Fv2%2Fmedia&parent=128606"}],"wp:term":[{"taxonomy":"category","embeddable":true,"href":"https:\/\/sportseco.com\/index.php?rest_route=%2Fwp%2Fv2%2Fcategories&post=128606"},{"taxonomy":"post_tag","embeddable":true,"href":"https:\/\/sportseco.com\/index.php?rest_route=%2Fwp%2Fv2%2Ftags&post=128606"}],"curies":[{"name":"wp","href":"https:\/\/api.w.org\/{rel}","templated":true}]}}