{"id":128645,"date":"2022-07-01T09:21:51","date_gmt":"2022-07-01T13:21:51","guid":{"rendered":"https:\/\/sportseco.com\/?p=128645"},"modified":"2022-07-01T09:22:02","modified_gmt":"2022-07-01T13:22:02","slug":"la-unesco-reconoce-que-la-falta-de-informacion-complica-la-proteccion-de-los-mares","status":"publish","type":"post","link":"https:\/\/sportseco.com\/?p=128645","title":{"rendered":"La Unesco reconoce que la falta de informaci\u00f3n complica la protecci\u00f3n de los mares"},"content":{"rendered":"\n<p id=\"primero\"><strong>La Unesco reconoci\u00f3 este viernes que la falta de datos e informaci\u00f3n compartida entre los distintos pa\u00edses complica la adopci\u00f3n de medidas globales para la protecci\u00f3n de los mares, durante la \u00faltima jornada de la Conferencia de los Oc\u00e9anos que se celebra en Lisboa.<\/strong><\/p>\n\n\n\n<p>\u00abHay falta de indicadores fiables\u00bb, admiti\u00f3 Henrik Enevoldsen, responsable de la secci\u00f3n de Oc\u00e9anos de la Unesco, quien no obstante apunt\u00f3 que \u00abhay muchas iniciativas\u00bb en marcha para proteger los mares y \u00abnos llevan por el camino cierto\u00bb.<\/p>\n\n\n\n<p>La Unesco present\u00f3 este viernes una edici\u00f3n piloto de un informe global sobre la situaci\u00f3n de los oc\u00e9anos en el que admite que \u00abel conocimiento actual\u00bb es \u00abinsuficiente\u00bb.<\/p>\n\n\n\n<blockquote class=\"wp-block-quote is-layout-flow wp-block-quote-is-layout-flow\"><p>\u00abAunque la sociedad es consciente de lo que sucede en el oc\u00e9ano y de lo que se debe hacer al respecto\u00bb, apunta el informe, \u00abla descripci\u00f3n cuantitativa del oc\u00e9ano es dr\u00e1sticamente incompleta\u00bb.<\/p><\/blockquote>\n\n\n\n<p>\u00abComo resultado, el conocimiento actual es insuficiente para informar de manera efectiva sobre las soluciones a los problemas del oc\u00e9ano que enfrenta la humanidad ahora\u00bb, reconoce el documento.<\/p>\n\n\n\n<h2 class=\"wp-block-heading\">Impulsar el intercambio de informaci\u00f3n<\/h2>\n\n\n\n<p>\u00bfQu\u00e9 hacer entonces? Seg\u00fan la Unesco, el camino es \u00abcomunicar ampliamente los hallazgos\u00bb e impulsar el intercambio de informaci\u00f3n en los distintos niveles, tanto entre los gobiernos como entre investigadores y actores privados.<\/p>\n\n\n\n<p>El marco global es, afirma el organismo, la D\u00e9cada de los Oc\u00e9anos de Naciones Unidas, considerada como la \u00abplataforma principal para transformar la ciencia oce\u00e1nica\u00bb.<\/p>\n\n\n\n<p>El informe completo, que ver\u00e1 la luz el pr\u00f3ximo a\u00f1o, ser\u00e1 el primero de este tipo en recopilar la informaci\u00f3n m\u00e1s actualizada sobre el estado del oc\u00e9ano, desde la contaminaci\u00f3n hasta la biodiversidad.<\/p>\n\n\n\n<p>Una informaci\u00f3n, apunta la Unesco, que \u00ablos responsables de la formulaci\u00f3n de pol\u00edticas y los administradores de los oc\u00e9anos necesitan para tomar decisiones informadas en protecci\u00f3n de los oc\u00e9anos y planificaci\u00f3n sostenible\u00bb.<\/p>\n\n\n\n<p>El documento desarrolla los 10 desaf\u00edos iniciales de la D\u00e9cada de las Naciones Unidas de las Ciencias Oce\u00e1nicas para la Desarrollo, 2021-2030. EFEverde<\/p>\n","protected":false},"excerpt":{"rendered":"<p>La Unesco reconoci\u00f3 este viernes que la falta de datos e informaci\u00f3n compartida entre los distintos pa\u00edses complica la adopci\u00f3n de medidas globales para la protecci\u00f3n de los mares, durante la \u00faltima jornada de la Conferencia de los Oc\u00e9anos que se celebra en Lisboa. \u00abHay falta de indicadores fiables\u00bb, admiti\u00f3 Henrik Enevoldsen, responsable de la [&hellip;]<\/p>\n","protected":false},"author":1,"featured_media":128646,"comment_status":"closed","ping_status":"closed","sticky":false,"template":"","format":"standard","meta":{"_acf_changed":false,"_jetpack_memberships_contains_paid_content":false,"footnotes":"","jetpack_publicize_message":"","jetpack_publicize_feature_enabled":true,"jetpack_social_post_already_shared":true,"jetpack_social_options":{"image_generator_settings":{"template":"highway","default_image_id":0,"font":"","enabled":false},"version":2}},"categories":[6],"tags":[],"class_list":["post-128645","post","type-post","status-publish","format-standard","has-post-thumbnail","hentry","category-ecologia"],"acf":[],"jetpack_publicize_connections":[],"jetpack_featured_media_url":"https:\/\/i0.wp.com\/sportseco.com\/wp-content\/uploads\/2022\/07\/Atlantico-oceano-Canarias-scaled-3-1536x1024-1.jpg?fit=1536%2C1024&ssl=1","jetpack_sharing_enabled":true,"_links":{"self":[{"href":"https:\/\/sportseco.com\/index.php?rest_route=\/wp\/v2\/posts\/128645","targetHints":{"allow":["GET"]}}],"collection":[{"href":"https:\/\/sportseco.com\/index.php?rest_route=\/wp\/v2\/posts"}],"about":[{"href":"https:\/\/sportseco.com\/index.php?rest_route=\/wp\/v2\/types\/post"}],"author":[{"embeddable":true,"href":"https:\/\/sportseco.com\/index.php?rest_route=\/wp\/v2\/users\/1"}],"replies":[{"embeddable":true,"href":"https:\/\/sportseco.com\/index.php?rest_route=%2Fwp%2Fv2%2Fcomments&post=128645"}],"version-history":[{"count":1,"href":"https:\/\/sportseco.com\/index.php?rest_route=\/wp\/v2\/posts\/128645\/revisions"}],"predecessor-version":[{"id":128647,"href":"https:\/\/sportseco.com\/index.php?rest_route=\/wp\/v2\/posts\/128645\/revisions\/128647"}],"wp:featuredmedia":[{"embeddable":true,"href":"https:\/\/sportseco.com\/index.php?rest_route=\/wp\/v2\/media\/128646"}],"wp:attachment":[{"href":"https:\/\/sportseco.com\/index.php?rest_route=%2Fwp%2Fv2%2Fmedia&parent=128645"}],"wp:term":[{"taxonomy":"category","embeddable":true,"href":"https:\/\/sportseco.com\/index.php?rest_route=%2Fwp%2Fv2%2Fcategories&post=128645"},{"taxonomy":"post_tag","embeddable":true,"href":"https:\/\/sportseco.com\/index.php?rest_route=%2Fwp%2Fv2%2Ftags&post=128645"}],"curies":[{"name":"wp","href":"https:\/\/api.w.org\/{rel}","templated":true}]}}