{"id":128672,"date":"2022-07-02T13:53:57","date_gmt":"2022-07-02T17:53:57","guid":{"rendered":"https:\/\/sportseco.com\/?p=128672"},"modified":"2022-07-02T13:54:09","modified_gmt":"2022-07-02T17:54:09","slug":"efectividad-de-jakobsen-fuerza-de-van-aert","status":"publish","type":"post","link":"https:\/\/sportseco.com\/?p=128672","title":{"rendered":"EFECTIVIDAD DE JAKOBSEN, FUERZA DE VAN AERT"},"content":{"rendered":"\n<p>El neerland\u00e9s&nbsp;<strong>Fabio Jakobsen (Quick-Step Alpha Vinyl)<\/strong>&nbsp;confirm\u00f3 su estatus de velocista m\u00e1s efectivo del mundo anotando su primera victoria de etapa de siempre en el Tour de Francia resolviendo en su favor la llegada masiva que defini\u00f3 la segunda etapa de la edici\u00f3n 2022 de la Grande Boucle.<\/p>\n\n\n\n<p>El belga Wout van Aert (Jumbo-Visma) concluy\u00f3 en segunda posici\u00f3n, rebosante de fuerza, para arrebatar por un solo segundo el maillot amarillo de l\u00edder a Yves Lampaert, coequipier de Jakobsen y ganador de la crono inicial de Copenhague. Tercero en meta fue el local Mads Pedersen (Trek-Segafredo). El periplo de la gran ronda francesa en Dinamarca concluir\u00e1 este domingo con una nueva etapa en l\u00ednea entre Velje y Sonderborg, de perfil llano.<\/p>\n\n\n\n<figure class=\"wp-block-image\"><a href=\"https:\/\/www.dailymotion.com\/embed\/video\/x8c6mkn?autoplay=1\" target=\"_blank\" rel=\"noreferrer noopener\"><img decoding=\"async\" src=\"https:\/\/img.aso.fr\/core_app\/img-cycling-tdf-jpg\/flamme-rouge-last-km-etape-2-stage-2-tdf2022\/39520\/0:0,1920:1080-1200-0-70\/7f9d0\" alt=\"\"\/><\/a><figcaption>Ultimo KM &#8211; Etapa 2 &#8211; #TDF2022<\/figcaption><\/figure>\n\n\n\n<p>176 corredores tomaron la salida en la segunda etapa del Tour de Francia 2022, que cubrir\u00eda 202,2 kil\u00f3metros entre Roskilde y Nyborg, a las 12:39. Nada m\u00e1s darse el banderazo de salida, con una ligera&nbsp;dilaci\u00f3n debido a una serie de problemas mec\u00e1nicos durante el recorrido neutralizado, el dan\u00e9s Magnus Cort (EF Education-EasyPost) abri\u00f3 las hostilidades. Le secundaron el noruego Sven Eryk Bystrom (Intermarch\u00e9-Wanty Gobert) y los franceses Cyril Barthe y Pierre Rolland (B&amp;B Hotels-KTM). El cuarteto rod\u00f3 en armon\u00eda hasta llegar a la primera subida puntuable de esta Grande Boucle, la C\u00f4te d\u2019Asnaes Indelukke (4\u00aa, km 62). En ella, Rolland y Barthe trataron de sorprender a sus compa\u00f1eros de aventura. Sin embargo, Cort y Bystrom acabaron por mostrarse m\u00e1s fuertes y dejarles atr\u00e1s. El ciclista de EF Education-EasyPost ser\u00eda el primero en transitar por la cima de un repecho en el que ya hab\u00eda ganado una etapa de la Vuelta a Dinamarca nueve a\u00f1os atr\u00e1s.<\/p>\n\n\n\n<p><strong>Liderato de la Monta\u00f1a para Magnus Cort<\/strong><\/p>\n\n\n\n<p>Cort tambi\u00e9n se impuso sin dificultades a Bystrom en la C\u00f4te d\u2019Hove Straede (4\u00aa, km 72,5) y la C\u00f4te de Karup Strandbakke (4\u00aa, km 84) para confirmarse como primer l\u00edder de la clasificaci\u00f3n de la Monta\u00f1a. El dan\u00e9s incluso alz\u00f3 los brazos al coronar esta \u00faltima subida, exultante. El pelot\u00f3n transit\u00f3 por la cima a 3\u201915\u201d de cabeza de carrera, a la postre ventaja m\u00e1xima de la fuga sobre el grupo principal. Mientras tanto, Barthe y Rolland cesaron su esfuerzo y acabaron&nbsp;por ser absorbidos por el pelot\u00f3n en el kil\u00f3metro 97. A Bystrom le corresponder\u00eda pasar primero por Kalundborg (SI, km 126,9), con el&nbsp;grupo principal a 45\u201d encabezado por Caleb Ewan (Lotto-Soudal).<\/p>\n\n\n\n<p><strong>Ca\u00eddas sin consecuencias en los guarismos<\/strong><\/p>\n\n\n\n<p>Restaban 61 kil\u00f3metros para meta cuando Bystrom aceler\u00f3 para dejar atr\u00e1s a Cort. La cabalgada en solitario del noruego se extender\u00eda exactamente 30 kil\u00f3metros m\u00e1s, lo cual le granje\u00f3 el premio de la Combatividad, antes de ser aplacada por un pelot\u00f3n nervioso por la proximidad del Puente de Gran Belt, gran aliciente de la etapa por cuando el azote del viento presagiaba posibles cortes. La tensi\u00f3n provoc\u00f3 una ca\u00edda que cort\u00f3 a Rigoberto Ur\u00e1n (EF Education-EasyPost) justo antes del puente, as\u00ed como un afilador nada m\u00e1s entrar en \u00e9l que mand\u00f3 al suelo a una decena de ciclistas entre los que destacaba el portador del maillot amarillo, Yves Lampaert (Quick-Step Alpha Vinyl). El belga retom\u00f3 la marcha r\u00e1pidamente, lo cual le permiti\u00f3 gozar del rebufo de los coches de equipo para regresar al seno de un grupo principal renuente pero compacto dado el viento de cara. En cuanto al colombiano, una ag\u00f3nica caza le devolvi\u00f3 al par del pelot\u00f3n a 8,5 kil\u00f3metros de meta. El pelot\u00f3n vivi\u00f3 un \u00faltimo sobresalto con una montonera dentro de los \u00faltimos tres kil\u00f3metros que no afectar\u00e1 a los guarismos de la clasificaci\u00f3n general\u2026 pero s\u00ed a los cuerpos de los implicados.<\/p>\n\n\n\n<figure class=\"wp-block-image\"><a href=\"https:\/\/img.aso.fr\/core_app\/img-cycling-tdf-jpg\/arrivee\/39524\/0:0,1200:800-1200-0-70\/57187\"><img decoding=\"async\" src=\"https:\/\/img.aso.fr\/core_app\/img-cycling-tdf-jpg\/arrivee\/39524\/0:0,1200:800-800-0-70\/42ebb\" alt=\"02\/07\/2022 - Tour de France 2022 - Etape 2 - Roskilde \/ Nyborg (202,2km) - JAKOBSEN Fabio (QUICK-STEP ALPHA VINYL TEAM) - Vainqueur du jour\"\/><\/a><figcaption>02\/07\/2022 &#8211; Tour de France 2022 &#8211; Etape 2 &#8211; Roskilde \/ Nyborg (202,2km) &#8211; JAKOBSEN Fabio (QUICK-STEP ALPHA VINYL TEAM) &#8211; Vainqueur du jour \u00a9 A.S.O.\/Pauline Ballet<\/figcaption><\/figure>\n\n\n\n<hr class=\"wp-block-separator has-alpha-channel-opacity\"\/>\n\n\n\n<h2 class=\"wp-block-heading\">FABIO JAKOBSEN: \u201cME SIENTO AFORTUNADO DE PODER COMPETIR\u201d<\/h2>\n\n\n\n<p>La etapa de hoy ha sido \u2018incroyable\u2019. Ha sido un camino largo [desde mi ca\u00edda en la Vuelta a Polonia 2020], paso a paso, acompa\u00f1ado por mi familia, mis amigos, los t\u00e9cnicos de mi equipo\u2026 un mont\u00f3n de grandes personas que hoy pueden ver que todo esto ha merecido la pena. Todav\u00eda tengo que lidiar con las consecuencias de aquella ca\u00edda. Me debo acostumbrar, porque nunca van a desaparecer del todo. Me siento afortunado de poder seguir disfrutando de competir\u2026 y de ganar una etapa en el Tour de Francia.<\/p>\n\n\n\n<p>Mi equipo, Quick-Step Alpha Vinyl, me mantuvo bien colocado durante todo el puente y hasta que salimos de \u00e9l. [Michael] Morkov me dej\u00f3 en la rueda de Van Aert. En el \u00faltimo kil\u00f3metro pugn\u00e9 con Peter Sagan; nos tocamos, pero por suerte no nos ca\u00edmos. En la recta final, de 150 metros, pude acelerar y rebasar a mis rivales para ganar. Cont\u00e1ndolo as\u00ed suena f\u00e1cil, pero te aseguro que las piernas me dol\u00edan un mont\u00f3n. Llevaba 15 a\u00f1os so\u00f1ando con ganar una etapa en el Tour de Francia. Es el triunfo que quiere conseguir todo sprinter. Muchas gracias a todo el p\u00fablico dan\u00e9s por su cari\u00f1o; espero que pueda disfrutar mucho con nosotros.<\/p>\n\n\n\n<p><\/p>\n\n\n\n<p>letour.fr<\/p>\n","protected":false},"excerpt":{"rendered":"<p>El neerland\u00e9s&nbsp;Fabio Jakobsen (Quick-Step Alpha Vinyl)&nbsp;confirm\u00f3 su estatus de velocista m\u00e1s efectivo del mundo anotando su primera victoria de etapa de siempre en el Tour de Francia resolviendo en su favor la llegada masiva que defini\u00f3 la segunda etapa de la edici\u00f3n 2022 de la Grande Boucle. El belga Wout van Aert (Jumbo-Visma) concluy\u00f3 en [&hellip;]<\/p>\n","protected":false},"author":1,"featured_media":128673,"comment_status":"closed","ping_status":"closed","sticky":false,"template":"","format":"standard","meta":{"_acf_changed":false,"_jetpack_memberships_contains_paid_content":false,"footnotes":"","jetpack_publicize_message":"","jetpack_publicize_feature_enabled":true,"jetpack_social_post_already_shared":true,"jetpack_social_options":{"image_generator_settings":{"template":"highway","default_image_id":0,"font":"","enabled":false},"version":2}},"categories":[14],"tags":[],"class_list":["post-128672","post","type-post","status-publish","format-standard","has-post-thumbnail","hentry","category-ciclismo"],"acf":[],"jetpack_publicize_connections":[],"jetpack_featured_media_url":"https:\/\/i0.wp.com\/sportseco.com\/wp-content\/uploads\/2022\/07\/42ebb.jpg?fit=800%2C533&ssl=1","jetpack_sharing_enabled":true,"_links":{"self":[{"href":"https:\/\/sportseco.com\/index.php?rest_route=\/wp\/v2\/posts\/128672","targetHints":{"allow":["GET"]}}],"collection":[{"href":"https:\/\/sportseco.com\/index.php?rest_route=\/wp\/v2\/posts"}],"about":[{"href":"https:\/\/sportseco.com\/index.php?rest_route=\/wp\/v2\/types\/post"}],"author":[{"embeddable":true,"href":"https:\/\/sportseco.com\/index.php?rest_route=\/wp\/v2\/users\/1"}],"replies":[{"embeddable":true,"href":"https:\/\/sportseco.com\/index.php?rest_route=%2Fwp%2Fv2%2Fcomments&post=128672"}],"version-history":[{"count":1,"href":"https:\/\/sportseco.com\/index.php?rest_route=\/wp\/v2\/posts\/128672\/revisions"}],"predecessor-version":[{"id":128674,"href":"https:\/\/sportseco.com\/index.php?rest_route=\/wp\/v2\/posts\/128672\/revisions\/128674"}],"wp:featuredmedia":[{"embeddable":true,"href":"https:\/\/sportseco.com\/index.php?rest_route=\/wp\/v2\/media\/128673"}],"wp:attachment":[{"href":"https:\/\/sportseco.com\/index.php?rest_route=%2Fwp%2Fv2%2Fmedia&parent=128672"}],"wp:term":[{"taxonomy":"category","embeddable":true,"href":"https:\/\/sportseco.com\/index.php?rest_route=%2Fwp%2Fv2%2Fcategories&post=128672"},{"taxonomy":"post_tag","embeddable":true,"href":"https:\/\/sportseco.com\/index.php?rest_route=%2Fwp%2Fv2%2Ftags&post=128672"}],"curies":[{"name":"wp","href":"https:\/\/api.w.org\/{rel}","templated":true}]}}