{"id":128684,"date":"2022-07-02T22:46:47","date_gmt":"2022-07-03T02:46:47","guid":{"rendered":"https:\/\/sportseco.com\/?p=128684"},"modified":"2022-07-02T22:46:58","modified_gmt":"2022-07-03T02:46:58","slug":"surinam-da-esperanza-e-inspiracion-al-mundo-para-salvar-las-selvas-tropicales-guterres","status":"publish","type":"post","link":"https:\/\/sportseco.com\/?p=128684","title":{"rendered":"Surinam da \u201cesperanza e inspiraci\u00f3n al mundo para salvar las selvas tropicales\u201d: Guterres"},"content":{"rendered":"\n<p>Surinam puede ser el pa\u00eds m\u00e1s peque\u00f1o y menos poblado de Sudam\u00e9rica, pero tambi\u00e9n es uno de los m\u00e1s verdes. Considerado un l\u00edder mundial en conservaci\u00f3n de la biodiversidad, con m\u00e1s del 90% de su superficie terrestre cubierta por bosques nativos, los recursos naturales inigualables de la naci\u00f3n compensan con creces su tama\u00f1o.<\/p>\n\n\n\n<p>La hermosa y densa selva tropical de Surinam, que le permite tener una&nbsp;<strong>huella de carbono casi negativa<\/strong>, se puede ver f\u00e1cilmente desde casi cualquier lugar, incluso desde las afueras de la capital, Paramaribo, que a su vez est\u00e1 salpicada de bulliciosos mercados y centros culturales.<\/p>\n\n\n\n<p>Este s\u00e1bado, el&nbsp;<a href=\"https:\/\/www.un.org\/sg\/es\" target=\"_blank\" rel=\"noreferrer noopener\">Secretario General&nbsp;<\/a>de la ONU, Ant\u00f3nio Guterres, observ\u00f3 de primera mano el compromiso del pueblo surinam\u00e9s&nbsp;<strong>de proteger sus tesoros naturales y conocimientos ancestrales.<\/strong><\/p>\n\n\n\n<p>\u201cLas selvas tropicales son un regalo precioso para la humanidad. Por eso, desde aqu\u00ed en Surinam, quiero enviar un mensaje al mundo:&nbsp;<strong>debemos honrar y preservar el regalo de las selvas tropicales<\/strong>&nbsp;porque este no es un regalo que se seguir\u00e1 dando\u201d, dijo Guterres a los periodistas en una conferencia de prensa conjunta con el presidente del pa\u00eds, Chan Santokhiat, al final de su primer d\u00eda en esa naci\u00f3n.<img data-recalc-dims=\"1\" decoding=\"async\" src=\"https:\/\/i0.wp.com\/global.unitednations.entermediadb.net\/assets\/mediadb\/services\/module\/asset\/downloads\/preset\/Libraries\/Production%2BLibrary\/02-07-2022_SecretaryGeneral_presser.jpg\/image1170x530cropped.jpg?w=640&#038;ssl=1\" alt=\"El Secretario General Ant\u00f3nio Guterres habla ante la prensa en Surinam.\"  ><\/p>\n\n\n\n<p>Noticias ONU<\/p>\n\n\n\n<p>El Secretario General Ant\u00f3nio Guterres habla ante la prensa en Surinam.<\/p>\n\n\n\n<h2 class=\"wp-block-heading\">Un suicido global en c\u00e1mara lenta<\/h2>\n\n\n\n<p>El titular de la ONU tambi\u00e9n emiti\u00f3 una dura advertencia: \u201cSi seguimos viendo la escala actual de destrucci\u00f3n en las selvas tropicales del mundo,&nbsp;<strong>no s\u00f3lo<\/strong>&nbsp;<strong>estamos mordiendo la mano que nos alimenta<\/strong>, la estamos destrozando\u201d.<\/p>\n\n\n\n<p>Ant\u00f3nio Guterres enfatiz\u00f3 que la deforestaci\u00f3n desenfrenada y el empeoramiento de los impactos clim\u00e1ticos est\u00e1n aumentando los incendios forestales y las sequ\u00edas.<\/p>\n\n\n\n<p>\u201cEsto&nbsp;<strong>es indignante y vergonzoso.&nbsp;<\/strong>Es un suicidio global en c\u00e1mara lenta\u201d, afirm\u00f3, y agreg\u00f3 que tal destrucci\u00f3n deber\u00eda ser una llamada de atenci\u00f3n global para salvar los pulmones de nuestro planeta.<img data-recalc-dims=\"1\" decoding=\"async\" src=\"https:\/\/i0.wp.com\/global.unitednations.entermediadb.net\/assets\/mediadb\/services\/module\/asset\/downloads\/preset\/Libraries\/Production%2BLibrary\/02-07--2020_SG-Suriname_PierreKondreVillage.jpg\/image1170x530cropped.jpg?w=640&#038;ssl=1\" alt=\"El Secretario General Ant\u00f3nio Guterres (centro) conversa con miembros de cooperativas agr\u00edcolas lideradas por ind\u00edgenas en Surinam.\"  ><\/p>\n\n\n\n<p>Foto ONU\/Evan Schneider<\/p>\n\n\n\n<p>El Secretario General Ant\u00f3nio Guterres (centro) conversa con miembros de cooperativas agr\u00edcolas lideradas por ind\u00edgenas en Surinam.<\/p>\n\n\n\n<h2 class=\"wp-block-heading\">Llamado de los pueblos ind\u00edgenas de Surinam<\/h2>\n\n\n\n<p>M\u00e1s temprano en el d\u00eda, el&nbsp;<a href=\"https:\/\/www.un.org\/sg\/es\">Secretario General<\/a>&nbsp;visit\u00f3 la&nbsp;<strong>aldea ind\u00edgena de Pierre Kondre \u2013 Redi Doti<\/strong>, a unos 67 kil\u00f3metros al sur de la capital, rodeada de 9000 hect\u00e1reas de bosque y hogar de unos cien habitantes.<\/p>\n\n\n\n<p>Luego de conducir a trav\u00e9s de un campo rico en hierro, caracterizado por su suelo rojizo, Guterres fue recibido por el capit\u00e1n Lloyd Read, de los pueblos Kali\u00f1a, junto con mujeres y hombres miembros de la comunidad, que cantaban y vest\u00edan sus ropas tradicionales, de color predominantemente rojo .<\/p>\n\n\n\n<p>\u201cEl desaf\u00edo de proteger a la Madre Tierra y la selva amaz\u00f3nica no se percibe y representa una amenaza para nuestras vidas\u201d, lament\u00f3 Lloyd, y abund\u00f3 que su pueblo est\u00e1&nbsp;<strong>en peligro por la explotaci\u00f3n de los recursos naturales y las consecuencias del cambio clim\u00e1tico<\/strong>, como las lluvias intensas y sostenidas e inundaciones. Todo esto sin tener responsabilidad de ello.<\/p>\n\n\n\n<p>Dijo que la contaminaci\u00f3n por mercurio, causada principalmente por&nbsp;<strong>actividades extractivas ilegales<\/strong>, tambi\u00e9n amenaza la vida y los medios de subsistencia de los ind\u00edgenas.<\/p>\n\n\n\n<p>\u201cEn el sur,&nbsp;<strong>el mercurio arruina la vida<\/strong>. No hay pescado, ni carne, ni agua limpia para beber. Incluso se han encontrado niveles extremadamente altos de este metal en el cabello de nuestros nativos\u201d, denunci\u00f3.<\/p>\n\n\n\n<p>El Secretario General, tomando nota de las preocupaciones y pidiendo m\u00e1s detalles, prometi\u00f3 ser el \u00abportavoz\u00bb de la comunidad durante su reuni\u00f3n posterior con el gobierno.<\/p>\n\n\n\n<p>\u201cEsta es una visita de&nbsp;<strong>solidaridad con las comunidades ind\u00edgenas de Surinam y de todo el mundo<\/strong>. Cuando somos testigos de que todav\u00eda estamos perdiendo la batalla del cambio clim\u00e1tico, cuando ves la biodiversidad cada vez m\u00e1s amenazada en todas partes, cuando ves la contaminaci\u00f3n en todo el mundo, es muy importante reconocer que las comunidades ind\u00edgenas est\u00e1n mostrando la sabidur\u00eda, la resiliencia y la voluntad de estar en paz con la naturaleza\u201d, asever\u00f3 a las personas reunidas en el pueblo.<img data-recalc-dims=\"1\" decoding=\"async\" src=\"https:\/\/i0.wp.com\/global.unitednations.entermediadb.net\/assets\/mediadb\/services\/module\/asset\/downloads\/preset\/Libraries\/Production%2BLibrary\/28-01-2020-UNDP-Suriname-climate-agriculture.jpg\/image1170x530cropped.jpg?w=640&#038;ssl=1\" alt=\"La agricultura es una parte importante de la econom\u00eda de Surinam.\"  ><\/p>\n\n\n\n<p>PNUD Surinam<\/p>\n\n\n\n<p>La agricultura es una parte importante de la econom\u00eda de Surinam.<\/p>\n\n\n\n<h2 class=\"wp-block-heading\">Pi\u00f1as para el desarrollo sostenible<\/h2>\n\n\n\n<p>El pueblo de Redi Doti, parcialmente ubicado dentro del cintur\u00f3n de sabana de Surinam, un \u00e1rea de arena blanca de silicato que en su mayor\u00eda es inf\u00e9rtil, logra cultivar&nbsp;<strong>pi\u00f1as, maracuy\u00e1 y mandioca<\/strong>, que representan la principal fuente de sustento de la comunidad.<\/p>\n\n\n\n<p>En el&nbsp;<a href=\"https:\/\/www.un.org\/es\/observances\/cooperatives-day\" target=\"_blank\" rel=\"noreferrer noopener\">D\u00eda Internacional de las Cooperativas<\/a>, Guterres pudo ver el trabajo de&nbsp;<strong>dos cooperativas apoyadas por la ONU&nbsp;<\/strong>y sus agencias, incluida la&nbsp;<a href=\"https:\/\/www.fao.org\/home\/es\" target=\"_blank\" rel=\"noreferrer noopener\">Organizaci\u00f3n de las Naciones Unidas para la Agricultura y la Alimentaci\u00f3n<\/a>&nbsp;(FAO).<\/p>\n\n\n\n<p>Una de esas cooperativas,&nbsp;<strong>dirigida por mujeres locales<\/strong>, prepara productos org\u00e1nicos derivados de la pi\u00f1a, como mermelada, jugos y copas de frutas. La otra cooperativa se ocupa del proceso de cultivo, que trata de convertir la cosecha de pi\u00f1a en una producci\u00f3n de todo el a\u00f1o, en lugar de estacional.<\/p>\n\n\n\n<p>Seg\u00fan el&nbsp;<a href=\"https:\/\/www.undp.org\/es\" target=\"_blank\" rel=\"noreferrer noopener\">Programa de las Naciones Unidas para el Desarrollo<\/a>&nbsp;(PNUD), la inclusi\u00f3n de las comunidades ind\u00edgenas y tribales en la prosperidad econ\u00f3mica es fundamental. Si bien constituyen s\u00f3lo el 4% de la poblaci\u00f3n total,&nbsp;<strong>sus derechos a la tierra cubren m\u00e1s del 80% del territorio de Surinam<\/strong>, pero no est\u00e1n reconocidos oficialmente por la legislaci\u00f3n nacional.<\/p>\n\n\n\n<p>Antes de abandonar la comunidad, el capit\u00e1n Lloyd Read le comunic\u00f3 al Secretario General que le pedir\u00eda a Tamushi, el todopoderoso, el gran Dios espiritual, que le diera la fuerza y \u200b\u200bel poder para ir m\u00e1s all\u00e1, en&nbsp;<strong>un mundo amenazado por el cambio clim\u00e1tico y la guerra.<\/strong><\/p>\n\n\n\n<p>Cantando una hermosa oraci\u00f3n en su idioma natal Kali\u00f1a, se despidi\u00f3 y le dijo que esperaba que los recordara.<\/p>\n\n\n\n<p>\u201c<strong>Los pueblos ind\u00edgenas no han contribuido al cambio clim\u00e1tico<\/strong>, pero se encuentran entre los m\u00e1s afectados. Al mismo tiempo, tienen soluciones de las que el mundo puede aprender mucho. Son orgullosos guardianes de parte de la diversidad biol\u00f3gica indispensable del planeta, y necesitan apoyo para hacerlo\u201d, subray\u00f3 m\u00e1s tarde el jefe de la ONU en una conferencia de prensa.<img data-recalc-dims=\"1\" decoding=\"async\" src=\"https:\/\/i0.wp.com\/global.unitednations.entermediadb.net\/assets\/mediadb\/services\/module\/asset\/downloads\/preset\/Libraries\/Production%2BLibrary\/02-07-2022_SG_Suriname_MangroveLR2.jpg\/image1170x530cropped.jpg?w=640&#038;ssl=1\" alt=\"El Secretario General Ant\u00f3nio Guterres y el ministro de Relaciones Exteriores de Surinam, Albert Ramchand Ramdin, plantan un manglar joven en la zona de Weg Naar Zee.\"  ><\/p>\n\n\n\n<p>ONU\/Evan Schneider<\/p>\n\n\n\n<p>El Secretario General Ant\u00f3nio Guterres y el ministro de Relaciones Exteriores de Surinam, Albert Ramchand Ramdin, plantan un manglar joven en la zona de Weg Naar Zee.<\/p>\n\n\n\n<h2 class=\"wp-block-heading\">Sembrando esperanza con manglares<\/h2>\n\n\n\n<p>Del bosque, el Secretario General se dirigi\u00f3 a la playa, donde pudo ver los devastadores impactos del cambio clim\u00e1tico alimentados por la&nbsp;<strong>erosi\u00f3n costera, las inundaciones y el aumento del nivel del mar.<\/strong><\/p>\n\n\n\n<p>Weg Naar Zee, una zona costera de f\u00e1cil acceso de unas 4000 hect\u00e1reas situada al noroeste de Paramaribo y parte de los 386 km de la zona costera principalmente fangosa de Surinam, ha sufrido una erosi\u00f3n extrema que ha resultado en la ausencia de lodo blando, un h\u00e1bitat de alimentaci\u00f3n preferido para las aves de playa.<\/p>\n\n\n\n<p>Desde 2016, la ONU ha apoyado los esfuerzos del pa\u00eds, liderados por acad\u00e9micos y estudiantes, para&nbsp;<strong>aumentar la conservaci\u00f3n, la restauraci\u00f3n natural y la rehabilitaci\u00f3n de los manglares<\/strong>. Uno de esos proyectos, dirigido por la Universidad Anton de Kom de Surinam, instala estructuras para atrapar sedimentos a lo largo de la costa y plantas para revertir el da\u00f1o.<\/p>\n\n\n\n<p>Caminando por la orilla fangosa con el ministro de Relaciones Exteriores de Surinam, Albert Ramchand Ramdin, Guterres plant\u00f3 un mangle joven.<\/p>\n\n\n\n<p>\u201cLas&nbsp;<strong>soluciones basadas en la naturaleza<\/strong>, como la preservaci\u00f3n de los manglares, las selvas tropicales y otros ecosistemas esenciales, son vitales. El mundo necesita m\u00e1s iniciativas de este tipo\u201d, se\u00f1al\u00f3 ante la prensa.<\/p>\n\n\n\n<p>Anteriormente, el Secretario General explic\u00f3 que los manglares tienen un significado especial para \u00e9l, porque el primer libro que ley\u00f3 cuando era ni\u00f1o trataba sobre esos \u00e1rboles y arbustos resistentes y excepcionalmente beneficiosos.<\/p>\n\n\n\n<p>Los manglares juegan un&nbsp;<strong>papel fundamental en la lucha contra el cambio clim\u00e1tico<\/strong>, ya que pueden capturar y almacenar grandes cantidades de carbono en las ra\u00edces e incluso en los suelos en los que crecen.<\/p>\n\n\n\n<p>Tambi\u00e9n son extremadamente importantes para nuestros entornos y h\u00e1bitats costeros y refugios de crianza para una gran variedad de especies. Se les llama&nbsp;<strong>&#8216;ri\u00f1ones de las costas&#8217;<\/strong>&nbsp;debido a su funci\u00f3n en el ciclo de nutrientes dentro del ambiente costero.<img data-recalc-dims=\"1\" decoding=\"async\" src=\"https:\/\/i0.wp.com\/global.unitednations.entermediadb.net\/assets\/mediadb\/services\/module\/asset\/downloads\/preset\/Libraries\/Production%2BLibrary\/28-01-2020-UNDP-Suriname-coastal-bird.jpg\/image1170x530cropped.jpg?w=640&#038;ssl=1\" alt=\"El 93% de Surinam est\u00e1 cubierto por bosques con una gran riqueza biol\u00f3gica.\"  ><\/p>\n\n\n\n<p>PNUD Surinam\/Pelu Vidal<\/p>\n\n\n\n<p>El 93% de Surinam est\u00e1 cubierto por bosques con una gran riqueza biol\u00f3gica.<\/p>\n\n\n\n<h2 class=\"wp-block-heading\">Un ejemplo inspirador<\/h2>\n\n\n\n<p>\u201cLo que he visto aqu\u00ed en Surinam me&nbsp;<strong>da esperanza e inspiraci\u00f3n<\/strong>. Pero lo que estamos viendo en todo el mundo es motivo de profunda conmoci\u00f3n e ira\u201d, sostuvo Guterres al final del d\u00eda.<\/p>\n\n\n\n<p>El l\u00edder de la ONU subray\u00f3 que, lamentablemente, Surinam se destaca como&nbsp;<strong>una excepci\u00f3n en un mundo que avanza en la direcci\u00f3n equivocada.<\/strong><\/p>\n\n\n\n<p>\u201cEn todo el mundo, estamos viendo el&nbsp;<strong>fracaso del liderazgo clim\u00e1tico<\/strong>&nbsp;y la proliferaci\u00f3n de perturbaciones clim\u00e1ticas desastrosas&#8230; Para cumplir el objetivo de limitar el aumento de la temperatura en 1,5 grados para fin de siglo, las emisiones globales deben disminuir en un 45% para 2030. Sin embargo, las promesas clim\u00e1ticas nacionales actuales resultar\u00e1n en un aumento de las emisiones del 14% para 2030\u201d, alert\u00f3.<\/p>\n\n\n\n<p>Al recalcar que los grandes emisores tienen una responsabilidad particular, Guterres record\u00f3 que las naciones del Caribe est\u00e1n en la primera l\u00ednea de la crisis clim\u00e1tica y han mostrado un liderazgo constante.<\/p>\n\n\n\n<p>\u201cComo constat\u00e9 hoy, tenemos las herramientas y el conocimiento. Nuestro mundo necesita la voluntad pol\u00edtica y la solidaridad para marcar la diferencia que se necesita.&nbsp;<strong>Surinam y la regi\u00f3n del Caribe est\u00e1n liderando el camino a seguir<\/strong>. Debemos seguir ese ejemplo, por las personas, por la posteridad y por nuestro planeta\u201d, concluy\u00f3.<\/p>\n\n\n\n<p>El Secretario General estar\u00e1 en Surinam hasta el domingo, cuando asistir\u00e1 a la apertura de la 43\u00aa Reuni\u00f3n Ordinaria de la Conferencia de jefes de Gobierno de la\u00a0<a rel=\"noreferrer noopener\" href=\"https:\/\/caricom.org\/\" target=\"_blank\">Comunidad del Caribe<\/a>(CARICOM).<\/p>\n\n\n\n<p><\/p>\n\n\n\n<p>un.org<\/p>\n","protected":false},"excerpt":{"rendered":"<p>Surinam puede ser el pa\u00eds m\u00e1s peque\u00f1o y menos poblado de Sudam\u00e9rica, pero tambi\u00e9n es uno de los m\u00e1s verdes. Considerado un l\u00edder mundial en conservaci\u00f3n de la biodiversidad, con m\u00e1s del 90% de su superficie terrestre cubierta por bosques nativos, los recursos naturales inigualables de la naci\u00f3n compensan con creces su tama\u00f1o. La hermosa [&hellip;]<\/p>\n","protected":false},"author":1,"featured_media":128685,"comment_status":"closed","ping_status":"closed","sticky":false,"template":"","format":"standard","meta":{"_acf_changed":false,"_jetpack_memberships_contains_paid_content":false,"footnotes":"","jetpack_publicize_message":"","jetpack_publicize_feature_enabled":true,"jetpack_social_post_already_shared":true,"jetpack_social_options":{"image_generator_settings":{"template":"highway","default_image_id":0,"font":"","enabled":false},"version":2}},"categories":[6],"tags":[],"class_list":["post-128684","post","type-post","status-publish","format-standard","has-post-thumbnail","hentry","category-ecologia"],"acf":[],"jetpack_publicize_connections":[],"jetpack_featured_media_url":"https:\/\/i0.wp.com\/sportseco.com\/wp-content\/uploads\/2022\/07\/image1170x530cropped.jpg?fit=1170%2C530&ssl=1","jetpack_sharing_enabled":true,"_links":{"self":[{"href":"https:\/\/sportseco.com\/index.php?rest_route=\/wp\/v2\/posts\/128684","targetHints":{"allow":["GET"]}}],"collection":[{"href":"https:\/\/sportseco.com\/index.php?rest_route=\/wp\/v2\/posts"}],"about":[{"href":"https:\/\/sportseco.com\/index.php?rest_route=\/wp\/v2\/types\/post"}],"author":[{"embeddable":true,"href":"https:\/\/sportseco.com\/index.php?rest_route=\/wp\/v2\/users\/1"}],"replies":[{"embeddable":true,"href":"https:\/\/sportseco.com\/index.php?rest_route=%2Fwp%2Fv2%2Fcomments&post=128684"}],"version-history":[{"count":1,"href":"https:\/\/sportseco.com\/index.php?rest_route=\/wp\/v2\/posts\/128684\/revisions"}],"predecessor-version":[{"id":128686,"href":"https:\/\/sportseco.com\/index.php?rest_route=\/wp\/v2\/posts\/128684\/revisions\/128686"}],"wp:featuredmedia":[{"embeddable":true,"href":"https:\/\/sportseco.com\/index.php?rest_route=\/wp\/v2\/media\/128685"}],"wp:attachment":[{"href":"https:\/\/sportseco.com\/index.php?rest_route=%2Fwp%2Fv2%2Fmedia&parent=128684"}],"wp:term":[{"taxonomy":"category","embeddable":true,"href":"https:\/\/sportseco.com\/index.php?rest_route=%2Fwp%2Fv2%2Fcategories&post=128684"},{"taxonomy":"post_tag","embeddable":true,"href":"https:\/\/sportseco.com\/index.php?rest_route=%2Fwp%2Fv2%2Ftags&post=128684"}],"curies":[{"name":"wp","href":"https:\/\/api.w.org\/{rel}","templated":true}]}}