{"id":128704,"date":"2022-07-03T08:45:58","date_gmt":"2022-07-03T12:45:58","guid":{"rendered":"https:\/\/sportseco.com\/?p=128704"},"modified":"2022-07-03T08:46:10","modified_gmt":"2022-07-03T12:46:10","slug":"al-arbol-lo-tratamos-igual-que-a-un-humano-raul-torres-indigena-arhuaco","status":"publish","type":"post","link":"https:\/\/sportseco.com\/?p=128704","title":{"rendered":"\u201cAl \u00e1rbol lo tratamos igual que a un humano\u201d: Ra\u00fal Torres, ind\u00edgena arhuaco"},"content":{"rendered":"\n<figure class=\"wp-block-image\"><img data-recalc-dims=\"1\" decoding=\"async\" src=\"https:\/\/i0.wp.com\/www.minambiente.gov.co\/wp-content\/uploads\/2022\/07\/raul-torres-boletin-entrevista.jpg?w=640&#038;ssl=1\" alt=\"\u201cAl \u00e1rbol lo tratamos igual que a un humano\u201d: Ra\u00fal Torres, ind\u00edgena arhuaco\" title=\"\u201cAl \u00e1rbol lo tratamos igual que a un humano\u201d: Ra\u00fal Torres, ind\u00edgena arhuaco\"\/><\/figure>\n\n\n\n<p><strong>Bogot\u00e1 D. C., 3 de julio de 2022 -MADS-<\/strong>. Ra\u00fal Torres, miembro del Resguardo Ind\u00edgena Arhuaco, es el coordinador del proyecto Musesi, a trav\u00e9s del cual se adelantan acciones de restauraci\u00f3n ecol\u00f3gica en \u00e1reas degradas de la Sierra Nevada de Santa Marta. \u00c9l y su comunidad, en coordinaci\u00f3n con el Ministerio de Ambiente y Desarrollo Sostenible y Conservaci\u00f3n Internacional, llevan a cabo la siembra de 700.000 \u00e1rboles en 1000 hect\u00e1reas de este gran patrimonio natural de Colombia y el mundo.<\/p>\n\n\n\n<p>Al respecto, Carlos Eduardo Correa, ministro de Ambiente y Desarrollo Sostenible, expres\u00f3: \u201cHemos encontrado un apoyo fundamental entre las comunidades de diferentes regiones del pa\u00eds, sin ese apoyo no podr\u00edamos llevar a cabo esta gran estrategia de restauraci\u00f3n nacional a trav\u00e9s de la siembra de 180 millones de \u00e1rboles. Lo que estamos haciendo en la Sierra Nevada es un ejemplo de \u00e9xito y de trabajo en equipo. Hemos sembrado m\u00e1s de 130 millones de \u00e1rboles en todo el pa\u00eds, tambi\u00e9n con ayuda de aliados y socios\u201d.<\/p>\n\n\n\n<p>El Ministerio de Ambiente y Desarrollo Sostenible (MADS) convers\u00f3 con Ra\u00fal Torres (R.T.), sobre el proyecto Musesi y la forma en que su comunidad se relaciona con la naturaleza.<\/p>\n\n\n\n<p><strong>MADS: \u00bfQu\u00e9 significa el \u00e1rbol para los pueblos de la Sierra?<\/strong><\/p>\n\n\n\n<p><strong>R.T.<\/strong>: El \u00e1rbol para nosotros es un ser vivo, que tiene las mismas condiciones y responsabilidades que un ser humano. El \u00e1rbol nosotros no lo tenemos como un elemento sino como un complemento de la vida; el \u00e1rbol, anteriormente, era ser humano, pero en la distribuci\u00f3n que hicieron nuestros padres espirituales, le otorgaron una funci\u00f3n que es la de cuidar, proteger al ser humano y oxigenar al planeta. Lo tratamos igual que a un humano porque siente, piensa, habla, por eso le retribuimos con conservaci\u00f3n y restauraci\u00f3n.<\/p>\n\n\n\n<p><strong>MADS: \u00bfPor qu\u00e9 es importante la restauraci\u00f3n del ecosistema?<\/strong><\/p>\n\n\n\n<p><strong>R.T.:<\/strong>&nbsp;La restauraci\u00f3n ha sido una excusa para poder mostrar la importancia que tiene el \u00e1rbol en nuestra forma de ver la vida, basada en ese entendimiento y respeto mutuo que debe existir entre la naturaleza y el ser humano.<\/p>\n\n\n\n<p><strong>MADS: \u00bfQu\u00e9 beneficios trae el \u00e1rbol para el medio ambiente?<\/strong><\/p>\n\n\n\n<p><strong>R.T.:<\/strong>&nbsp;El \u00e1rbol da el sost\u00e9n, las fuerzas necesarias a la madre tierra para que exista lo dem\u00e1s. Si hay \u00e1rboles hay viento, agua, monta\u00f1a, animales, humanos, y los humanos debemos protegerlo todo. El \u00e1rbol forma parte de esa cadena, y se debe seguir en ese ciclo como la madre tierra lo dej\u00f3.<\/p>\n\n\n\n<p><strong>MADS: \u00bfC\u00f3mo va el proyecto que ejecutan junto al Minambiente y a Conservaci\u00f3n Internacional?<\/strong><\/p>\n\n\n\n<p><strong>R.T.:<\/strong>&nbsp;Nosotros iniciamos una estrategia de restauraci\u00f3n activa para la Sierra, con la cual queremos sembrar 700.000 \u00e1rboles en 1000 hect\u00e1reas, en diferentes cuencas hidrogr\u00e1ficas: r\u00edo Palomino, r\u00edo Don Diego, r\u00edo Aracataca, r\u00edo Fundaci\u00f3n. Somos 14 pueblos de arhuacos, alrededor de 450 familias, cada familia va a implementar 1600 \u00e1rboles; todos los involucrados son arhuacos.<\/p>\n\n\n\n<p>Estamos en la etapa de la producci\u00f3n vegetal, ya estamos pasando a la implementaci\u00f3n en los lugares definitivos para la siembra de \u00e1rboles. Hemos tomado el concepto de la restauraci\u00f3n activa, que para la poblaci\u00f3n arhuaca es nuevo, y lo hemos acoplado al conocimiento ancestral que tenemos sobre la protecci\u00f3n del medio ambiente. En diciembre esperamos tener sembrados los 700.000 \u00e1rboles.<\/p>\n\n\n\n<p>Lo bonito de esto es que tenemos los diferentes pisos t\u00e9rmicos y diferentes condiciones ambientales. Estamos ubicados en predios que han sido comprados a los campesinos, donde se tuvo la oleada marimbera, la oleada cocalera. A la vez estamos ubicados en unos pueblos tradicionales donde todav\u00eda la monta\u00f1a es virgen.<\/p>\n\n\n\n<p><strong>MADS: \u00bfPor qu\u00e9 es tan importante la participaci\u00f3n comunitaria en estos procesos de restauraci\u00f3n?<\/strong><\/p>\n\n\n\n<p><strong>R.T.:<\/strong>&nbsp;Nuestra forma de desarrollar cualquier actividad es a trav\u00e9s de la participaci\u00f3n comunitaria, esto es porque toda la comunidad se involucra, todos caminamos hacia un mismo fin, que a la final es conservar y mantener la Sierra Nevada, que es nuestra forma de vida.<\/p>\n\n\n\n<p><strong>MADS: \u00bfC\u00f3mo ha sido el trabajo en los viveros?<\/strong><\/p>\n\n\n\n<p><strong>R.T.:<\/strong>&nbsp;Familiar, se involucran todas las familias, no hay funciones espec\u00edficas para cada miembro. Los padres y ni\u00f1os hacen el llenado de bolsas, el mantenimiento del vivero, el trasplante. Los hombres hacen trabajos pesados, las mujeres trabajos no tan pesados.<\/p>\n\n\n\n<p><strong>MADS: \u00bfPor qu\u00e9 es tan importante la educaci\u00f3n ambiental para ustedes?<\/strong><\/p>\n\n\n\n<p>Nuestros padres nos inducen y forman. En la Sierra Nevada hemos estado ense\u00f1ando c\u00f3mo cuidar el territorio, c\u00f3mo proteger el ambiente, c\u00f3mo cuidar el lugar donde se va a vivir por muchos a\u00f1os; entonces, casi que la educaci\u00f3n s\u00ed o s\u00ed se vuelve ambiental. Est\u00e1 muy ligado a la forma y a la percepci\u00f3n de la vida, porque nosotros somos muy espirituales, pero a la vez, el desarrollo de la parte espiritual hace que las vivencias que t\u00fa tengas con el medio, tengan una estrecha relaci\u00f3n: educaci\u00f3n ambiental-forma de vida, forma de vida-desarrollo espiritual, desarrollo espiritual-desarrollo de tu cultura, y la cultura para nosotros es lo primero.<\/p>\n\n\n\n<p><\/p>\n\n\n\n<p>minambiente.gov.co<\/p>\n\n\n\n<h2 class=\"wp-block-heading\">Navegaci\u00f3n de entradas<\/h2>\n","protected":false},"excerpt":{"rendered":"<p>Bogot\u00e1 D. C., 3 de julio de 2022 -MADS-. Ra\u00fal Torres, miembro del Resguardo Ind\u00edgena Arhuaco, es el coordinador del proyecto Musesi, a trav\u00e9s del cual se adelantan acciones de restauraci\u00f3n ecol\u00f3gica en \u00e1reas degradas de la Sierra Nevada de Santa Marta. \u00c9l y su comunidad, en coordinaci\u00f3n con el Ministerio de Ambiente y Desarrollo [&hellip;]<\/p>\n","protected":false},"author":1,"featured_media":128705,"comment_status":"closed","ping_status":"closed","sticky":false,"template":"","format":"standard","meta":{"_acf_changed":false,"_jetpack_memberships_contains_paid_content":false,"footnotes":"","jetpack_publicize_message":"","jetpack_publicize_feature_enabled":true,"jetpack_social_post_already_shared":true,"jetpack_social_options":{"image_generator_settings":{"template":"highway","default_image_id":0,"font":"","enabled":false},"version":2}},"categories":[6],"tags":[],"class_list":["post-128704","post","type-post","status-publish","format-standard","has-post-thumbnail","hentry","category-ecologia"],"acf":[],"jetpack_publicize_connections":[],"jetpack_featured_media_url":"https:\/\/i0.wp.com\/sportseco.com\/wp-content\/uploads\/2022\/07\/raul-torres-boletin-entrevista.jpg?fit=825%2C345&ssl=1","jetpack_sharing_enabled":true,"_links":{"self":[{"href":"https:\/\/sportseco.com\/index.php?rest_route=\/wp\/v2\/posts\/128704","targetHints":{"allow":["GET"]}}],"collection":[{"href":"https:\/\/sportseco.com\/index.php?rest_route=\/wp\/v2\/posts"}],"about":[{"href":"https:\/\/sportseco.com\/index.php?rest_route=\/wp\/v2\/types\/post"}],"author":[{"embeddable":true,"href":"https:\/\/sportseco.com\/index.php?rest_route=\/wp\/v2\/users\/1"}],"replies":[{"embeddable":true,"href":"https:\/\/sportseco.com\/index.php?rest_route=%2Fwp%2Fv2%2Fcomments&post=128704"}],"version-history":[{"count":1,"href":"https:\/\/sportseco.com\/index.php?rest_route=\/wp\/v2\/posts\/128704\/revisions"}],"predecessor-version":[{"id":128706,"href":"https:\/\/sportseco.com\/index.php?rest_route=\/wp\/v2\/posts\/128704\/revisions\/128706"}],"wp:featuredmedia":[{"embeddable":true,"href":"https:\/\/sportseco.com\/index.php?rest_route=\/wp\/v2\/media\/128705"}],"wp:attachment":[{"href":"https:\/\/sportseco.com\/index.php?rest_route=%2Fwp%2Fv2%2Fmedia&parent=128704"}],"wp:term":[{"taxonomy":"category","embeddable":true,"href":"https:\/\/sportseco.com\/index.php?rest_route=%2Fwp%2Fv2%2Fcategories&post=128704"},{"taxonomy":"post_tag","embeddable":true,"href":"https:\/\/sportseco.com\/index.php?rest_route=%2Fwp%2Fv2%2Ftags&post=128704"}],"curies":[{"name":"wp","href":"https:\/\/api.w.org\/{rel}","templated":true}]}}