{"id":128713,"date":"2022-07-03T13:33:13","date_gmt":"2022-07-03T17:33:13","guid":{"rendered":"https:\/\/sportseco.com\/?p=128713"},"modified":"2022-07-03T13:33:30","modified_gmt":"2022-07-03T17:33:30","slug":"cali-congrego-a-expertos-en-gobernanza-y-educacion-ambiental","status":"publish","type":"post","link":"https:\/\/sportseco.com\/?p=128713","title":{"rendered":"Cali congreg\u00f3 a expertos en gobernanza y educaci\u00f3n ambiental"},"content":{"rendered":"\n<ul class=\"wp-block-list\"><li>La conservaci\u00f3n de ecosistemas y la convivencia social fueron dos de los temas abordados durante el Primer Encuentro\u00a0Latinoamericano de Gobernanza y Educaci\u00f3n Ambiental, que se realiz\u00f3 este viernes, en el Centro Cultural de Cali, con la participaci\u00f3n de representantes de 15 pa\u00edses.<\/li><\/ul>\n\n\n\n<p>Los asistentes&nbsp;al evento,&nbsp;liderado por el Departamento Administrativo de Gesti\u00f3n del Medio Ambiente, Dagma,&nbsp;dialogaron sobre experiencias exitosas desarrolladas en sus territorios, que le apuestan a la construcci\u00f3n de espacios sostenibles.<\/p>\n\n\n\n<p>Raquel Lejtreger,&nbsp;consultora y&nbsp;exviceministra de&nbsp;Vivienda, Ordenamiento Territorial y Medio Ambiente&nbsp;de Uruguay&nbsp;expuso el plan de relocalizaciones para personas ubicadas en alto riesgo o zonas de desastres, que se&nbsp;construy\u00f3 de manera colectiva&nbsp;durante el gobierno de Pepe Mujica.<\/p>\n\n\n\n<p>Lea tambi\u00e9n&nbsp;<a href=\"https:\/\/www.cali.gov.co\/dagma\/publicaciones\/169869\/encuentro-de-gobernanza-y-educacion-ambiental-en-cali\/\">Encuentro de Gobernanza y Educaci\u00f3n Ambiental en Cali<\/a><\/p>\n\n\n\n<p>\u201cEl gran desaf\u00edo es tener en cuenta que las personas no son objetos, son sujetos de derechos y eso en la educaci\u00f3n ambiental tiene que quedar muy claro, tenemos que saber que cada uno es responsable y que no se pretende que todas las personas hagan lo mismo, pero que s\u00ed, desde su lugar, hagan el aporte que sea necesario\u201d, dijo&nbsp;Lejtreger.<\/p>\n\n\n\n<p>Jos\u00e9 Montenegro, concejal de&nbsp;la Provincia de&nbsp;Chiriqu\u00ed (Panam\u00e1),&nbsp;destac\u00f3 que en su territorio se impulsa un trabajo constante de reciclaje, siembra de \u00e1rboles y limpieza de riberas de los r\u00edos \u201cpara evitar las inundaciones y lo hacemos en conjunto con la comunidad y las autoridades\u201d.<\/p>\n\n\n\n<p>\u201cLa iniciativa de ustedes (en Cali) es excelente porque es un tema a nivel universal, tenemos que impulsar gobernanzas para poder tener resultados \u00f3ptimos en beneficio del medio ambiente\u201d, se\u00f1al\u00f3 Montenegro.<\/p>\n\n\n\n<p>Irving V\u00e1zquez, profesor de la Universidad&nbsp;Nacional Aut\u00f3noma de M\u00e9xico,&nbsp;manifest\u00f3 que \u201cCali es un lugar excepcionar donde hay proyectos de rescate del espacio p\u00fablico, pero tambi\u00e9n de cuidado del medio ambiente hacia la integraci\u00f3n de los ecosistemas, del cual tenemos mucho que aprender\u201d.<\/p>\n\n\n\n<p>Durante el encuentro, la Alcald\u00eda de Cali present\u00f3&nbsp;proyectos que se ejecutan en la capital del Valle como el Plan Jaril\u00f3n y Cali Inteligente.<\/p>\n\n\n\n<p>Lea tambi\u00e9n&nbsp;<a href=\"https:\/\/www.cali.gov.co\/dagma\/publicaciones\/169887\/sos-por-los-arboles-de-cali\/\">S.O.S. por los \u00e1rboles de Cali<\/a><\/p>\n\n\n\n<p>\u201cEl desaf\u00edo es poder articular los diferentes sectores, la academia, lo institucional, la comunidad, ONG, en torno a proteger los territorios, los ecosistemas y a poder defender, preservar y conservar nuestra biodiversidad\u201d, se\u00f1al\u00f3 \u00d3scar Villani, subdirector del Dagma.<\/p>\n\n\n\n<p>cali.gov.co<\/p>\n","protected":false},"excerpt":{"rendered":"<p>La conservaci\u00f3n de ecosistemas y la convivencia social fueron dos de los temas abordados durante el Primer Encuentro\u00a0Latinoamericano de Gobernanza y Educaci\u00f3n Ambiental, que se realiz\u00f3 este viernes, en el Centro Cultural de Cali, con la participaci\u00f3n de representantes de 15 pa\u00edses. Los asistentes&nbsp;al evento,&nbsp;liderado por el Departamento Administrativo de Gesti\u00f3n del Medio Ambiente, Dagma,&nbsp;dialogaron [&hellip;]<\/p>\n","protected":false},"author":1,"featured_media":128714,"comment_status":"closed","ping_status":"closed","sticky":false,"template":"","format":"standard","meta":{"_acf_changed":false,"_jetpack_memberships_contains_paid_content":false,"footnotes":"","jetpack_publicize_message":"","jetpack_publicize_feature_enabled":true,"jetpack_social_post_already_shared":true,"jetpack_social_options":{"image_generator_settings":{"template":"highway","default_image_id":0,"font":"","enabled":false},"version":2}},"categories":[6],"tags":[],"class_list":["post-128713","post","type-post","status-publish","format-standard","has-post-thumbnail","hentry","category-ecologia"],"acf":[],"jetpack_publicize_connections":[],"jetpack_featured_media_url":"https:\/\/i0.wp.com\/sportseco.com\/wp-content\/uploads\/2022\/07\/thpub_700X400_169913.jpg?fit=700%2C317&ssl=1","jetpack_sharing_enabled":true,"_links":{"self":[{"href":"https:\/\/sportseco.com\/index.php?rest_route=\/wp\/v2\/posts\/128713","targetHints":{"allow":["GET"]}}],"collection":[{"href":"https:\/\/sportseco.com\/index.php?rest_route=\/wp\/v2\/posts"}],"about":[{"href":"https:\/\/sportseco.com\/index.php?rest_route=\/wp\/v2\/types\/post"}],"author":[{"embeddable":true,"href":"https:\/\/sportseco.com\/index.php?rest_route=\/wp\/v2\/users\/1"}],"replies":[{"embeddable":true,"href":"https:\/\/sportseco.com\/index.php?rest_route=%2Fwp%2Fv2%2Fcomments&post=128713"}],"version-history":[{"count":1,"href":"https:\/\/sportseco.com\/index.php?rest_route=\/wp\/v2\/posts\/128713\/revisions"}],"predecessor-version":[{"id":128715,"href":"https:\/\/sportseco.com\/index.php?rest_route=\/wp\/v2\/posts\/128713\/revisions\/128715"}],"wp:featuredmedia":[{"embeddable":true,"href":"https:\/\/sportseco.com\/index.php?rest_route=\/wp\/v2\/media\/128714"}],"wp:attachment":[{"href":"https:\/\/sportseco.com\/index.php?rest_route=%2Fwp%2Fv2%2Fmedia&parent=128713"}],"wp:term":[{"taxonomy":"category","embeddable":true,"href":"https:\/\/sportseco.com\/index.php?rest_route=%2Fwp%2Fv2%2Fcategories&post=128713"},{"taxonomy":"post_tag","embeddable":true,"href":"https:\/\/sportseco.com\/index.php?rest_route=%2Fwp%2Fv2%2Ftags&post=128713"}],"curies":[{"name":"wp","href":"https:\/\/api.w.org\/{rel}","templated":true}]}}