{"id":128716,"date":"2022-07-03T13:55:47","date_gmt":"2022-07-03T17:55:47","guid":{"rendered":"https:\/\/sportseco.com\/?p=128716"},"modified":"2022-07-03T13:56:00","modified_gmt":"2022-07-03T17:56:00","slug":"la-redencion-de-dylan-groenewegen","status":"publish","type":"post","link":"https:\/\/sportseco.com\/?p=128716","title":{"rendered":"LA REDENCI\u00d3N DE DYLAN GROENEWEGEN"},"content":{"rendered":"\n<p>Tres a\u00f1os despu\u00e9s de la \u00faltima de sus cuatro victorias parciales en el Tour de Francia, el neerland\u00e9s<strong>&nbsp;Dylan Groenewegen<\/strong>&nbsp;volvi\u00f3 a alzar los brazos en la Grande Boucle. El corredor de BikeExchange impuso su punta de velocidad en la llegada masiva que resolvi\u00f3 la tercera etapa de esta edici\u00f3n 2022 para cerrar una \u00e9poca muy tormentosa de su vida, marcada en lo deportivo por la grav\u00edsima ca\u00edda que provoc\u00f3 en la Vuelta a Polonia de 2020 y que le cost\u00f3 nueve meses de sanci\u00f3n y muchas noches en vela.<\/p>\n\n\n\n<p>Tras lanzar y liderar la \u2018volata\u2019, Wout van Aert (Jumbo-Visma) se vio relegado a la segunda posici\u00f3n por tercera vez consecutiva en el \u00faltimo golpe de ri\u00f1\u00f3n. El belga, no obstante, alberga dos razones para su consuelo: el maillot amarillo, que conserva un d\u00eda m\u00e1s por un margen que se ampl\u00eda en 6\u201d a ra\u00edz de las bonificaciones, y la victoria de su excompa\u00f1ero y amigo.<\/p>\n\n\n\n<figure class=\"wp-block-image\"><a href=\"https:\/\/www.dailymotion.com\/embed\/video\/x8c79o6?autoplay=1\" target=\"_blank\" rel=\"noreferrer noopener\"><img decoding=\"async\" src=\"https:\/\/img.aso.fr\/core_app\/img-cycling-tdf-jpg\/flamme-rouge-last-km-etape-3-stage-3-tdf2022\/39726\/0:0,1920:1080-1200-0-70\/86e67\" alt=\"\"\/><\/a><figcaption>Ultimo KM &#8211; Etapa 3 &#8211; #TDF2022<\/figcaption><\/figure>\n\n\n\n<p>176 corredores tomaron la salida en la tercera etapa del Tour de Francia 2022, que cubrir\u00eda 182 kil\u00f3metros entre Velje y Sonderborg, a las 13:13. Magnus Cort (EF Education-EasyPost) salt\u00f3 como un resorte nada m\u00e1s propinar el banderazo de salida Cristian Prudhomme, director del Tour de Francia. Nadie trat\u00f3 de unirse a la ofensiva del dan\u00e9s, ni de aplacarla. As\u00ed, su ventaja creci\u00f3 hasta los 6\u201940\u201d registrados en el kil\u00f3metro 20. Fue entonces que Quick-Step Alpha Vinyl, BikeExchange-Jayco, Lotto-Soudal y Alpecin-Deceuninck se pusieron a relevar en cabeza del pelot\u00f3n para controlar la diferencia.<\/p>\n\n\n\n<p><strong>Pleno de Cort<\/strong><\/p>\n\n\n\n<p>Cort buscaba afanosamente los puntos de la Monta\u00f1a, y los recogi\u00f3 sin sobresaltos en la C\u00f4te de Koldingvej (4\u00aa, km 27,3) y la C\u00f4te de Hejlsminde Strand (4\u00aa, km 82,8), donde conservaba 3\u201945\u201d en su favor. Sin embargo, la proximidad de un giro hacia una recta donde soplar\u00eda el viento de costado justo despu\u00e9s de pasar por el sprint intermedio de Christiansfeld (SI, km 90,5) provoc\u00f3 que su ventaja en este punto se desplomara a 1\u201945\u201d respecto a Wout van Aert (Jumbo-Visma), el primero de los hombres del grupo principal en franquearlo. No obstante, los nervios se relajaron una vez los equipos de la general comprobaron que el aire no amenazaba la integridad del pelot\u00f3n. Esto permiti\u00f3 a Cort franquear la C\u00f4te de Genner Strand (4\u00aa, km 123,3) destacado, con una ventaja de 1\u201915\u201d y el maillot de puntos rojos asegurado un d\u00eda m\u00e1s.<\/p>\n\n\n\n<p><strong>Ca\u00edda a 10 de meta<\/strong><\/p>\n\n\n\n<p>Poco despu\u00e9s de la \u00faltima cota, Cort levant\u00f3 el pie para ser atrapado definitivamente por el pelot\u00f3n a 52 kil\u00f3metros de meta. A partir de ah\u00ed, el pelot\u00f3n rod\u00f3 muy compacto y muy r\u00e1pido hacia la meta de Sonderborg, inquieto por la posibilidad de que acaecieran cortes o ca\u00eddas. \u00c9stas llegaron a 10 kil\u00f3metros para el final, cuando un estrechamiento de la calzada provoc\u00f3 una ca\u00edda que, si bien no fue violenta, s\u00ed dej\u00f3 el pelot\u00f3n principal por debajo del centenar de efectivos. La llegada masiva, en cambio, se desarroll\u00f3 sin mayor novedad, con Quick-Step Alpha Vinyl al comando hasta la misma recta de meta.<\/p>\n\n\n\n<figure class=\"wp-block-image\"><a href=\"https:\/\/img.aso.fr\/core_app\/img-cycling-tdf-jpg\/arrivee\/39738\/0:0,1200:800-1200-0-70\/5935e\"><img decoding=\"async\" src=\"https:\/\/img.aso.fr\/core_app\/img-cycling-tdf-jpg\/arrivee\/39738\/0:0,1200:800-800-0-70\/17bbd\" alt=\"03\/07\/2022 - Tour de France 2022 - Etape 3 - Vejle \/ Sonderborg (182km) - GROENEWEGEN Dylan (TEAM BIKEESCHANGE-JAYCO) - Vainqueur de l'\u00e9tape 3\"\/><\/a><figcaption>03\/07\/2022 &#8211; Tour de France 2022 &#8211; Etape 3 &#8211; Vejle \/ Sonderborg (182km) &#8211; GROENEWEGEN Dylan (TEAM BIKEESCHANGE-JAYCO) &#8211; Vainqueur de l&#8217;\u00e9tape 3 \u00a9 A.S.O.\/Charly Lopez<\/figcaption><\/figure>\n\n\n\n<hr class=\"wp-block-separator has-alpha-channel-opacity\"\/>\n\n\n\n<h3 class=\"wp-block-heading\"><strong>DYLAN GROENEWEGEN: \u201cESTA VICTORIA SIGNIFICA MUCHO PARA M\u00cd\u201d<\/strong><\/h3>\n\n\n\n<p>Han pasado muchas cosas en la parte final de la \u00faltima etapa. He logrado evitar la ca\u00edda que ha habido a 10 de meta. El momento decisivo ha sido la \u00faltima curva, muy nerviosa, en la que he seguido la referencia de mi compa\u00f1ero Luka Mezgec. Cuando \u00e9l se ha apartado, me notaba buenas piernas. Lo he dado todo en los \u00faltimos 200 metros y ha salido perfecto. Al pasar la l\u00ednea de meta yo cre\u00eda que hab\u00eda ganado, pero quer\u00eda estar seguro.<\/p>\n\n\n\n<p>Esta victoria significa mucho para m\u00ed. He vuelto al Tour y he ganado otra vez. Gracias a mi equipo, a mi familia y a mis amigos por ayudarme a regresar al Tour de Francia de esta manera. Estos a\u00f1os no han sido tan duros en lo f\u00edsico como en lo psicol\u00f3gico, despu\u00e9s de todo lo que me ocurri\u00f3. BikeExchange-Jayco me ha dado una segunda oportunidad y yo he encontrado en este equipo una segunda familia. He logrado demostrar que soy capaz de ganar en la mejor carrera del mundo despu\u00e9s de todos los momentos dif\u00edciles que he vivido. Esta victoria es para mi mujer y para mi hijo.<\/p>\n\n\n\n<p><\/p>\n\n\n\n<p>letour.fr<\/p>\n","protected":false},"excerpt":{"rendered":"<p>Tres a\u00f1os despu\u00e9s de la \u00faltima de sus cuatro victorias parciales en el Tour de Francia, el neerland\u00e9s&nbsp;Dylan Groenewegen&nbsp;volvi\u00f3 a alzar los brazos en la Grande Boucle. El corredor de BikeExchange impuso su punta de velocidad en la llegada masiva que resolvi\u00f3 la tercera etapa de esta edici\u00f3n 2022 para cerrar una \u00e9poca muy tormentosa [&hellip;]<\/p>\n","protected":false},"author":1,"featured_media":128717,"comment_status":"closed","ping_status":"closed","sticky":false,"template":"","format":"standard","meta":{"_acf_changed":false,"_jetpack_memberships_contains_paid_content":false,"footnotes":"","jetpack_publicize_message":"","jetpack_publicize_feature_enabled":true,"jetpack_social_post_already_shared":true,"jetpack_social_options":{"image_generator_settings":{"template":"highway","default_image_id":0,"font":"","enabled":false},"version":2}},"categories":[14],"tags":[],"class_list":["post-128716","post","type-post","status-publish","format-standard","has-post-thumbnail","hentry","category-ciclismo"],"acf":[],"jetpack_publicize_connections":[],"jetpack_featured_media_url":"https:\/\/i0.wp.com\/sportseco.com\/wp-content\/uploads\/2022\/07\/17bbd.jpg?fit=800%2C533&ssl=1","jetpack_sharing_enabled":true,"_links":{"self":[{"href":"https:\/\/sportseco.com\/index.php?rest_route=\/wp\/v2\/posts\/128716","targetHints":{"allow":["GET"]}}],"collection":[{"href":"https:\/\/sportseco.com\/index.php?rest_route=\/wp\/v2\/posts"}],"about":[{"href":"https:\/\/sportseco.com\/index.php?rest_route=\/wp\/v2\/types\/post"}],"author":[{"embeddable":true,"href":"https:\/\/sportseco.com\/index.php?rest_route=\/wp\/v2\/users\/1"}],"replies":[{"embeddable":true,"href":"https:\/\/sportseco.com\/index.php?rest_route=%2Fwp%2Fv2%2Fcomments&post=128716"}],"version-history":[{"count":1,"href":"https:\/\/sportseco.com\/index.php?rest_route=\/wp\/v2\/posts\/128716\/revisions"}],"predecessor-version":[{"id":128718,"href":"https:\/\/sportseco.com\/index.php?rest_route=\/wp\/v2\/posts\/128716\/revisions\/128718"}],"wp:featuredmedia":[{"embeddable":true,"href":"https:\/\/sportseco.com\/index.php?rest_route=\/wp\/v2\/media\/128717"}],"wp:attachment":[{"href":"https:\/\/sportseco.com\/index.php?rest_route=%2Fwp%2Fv2%2Fmedia&parent=128716"}],"wp:term":[{"taxonomy":"category","embeddable":true,"href":"https:\/\/sportseco.com\/index.php?rest_route=%2Fwp%2Fv2%2Fcategories&post=128716"},{"taxonomy":"post_tag","embeddable":true,"href":"https:\/\/sportseco.com\/index.php?rest_route=%2Fwp%2Fv2%2Ftags&post=128716"}],"curies":[{"name":"wp","href":"https:\/\/api.w.org\/{rel}","templated":true}]}}