{"id":128722,"date":"2022-07-03T14:38:56","date_gmt":"2022-07-03T18:38:56","guid":{"rendered":"https:\/\/sportseco.com\/?p=128722"},"modified":"2022-07-03T14:39:10","modified_gmt":"2022-07-03T18:39:10","slug":"la-ansiedad-por-el-cambio-climatico-en-los-jovenes-un-problema-creciente","status":"publish","type":"post","link":"https:\/\/sportseco.com\/?p=128722","title":{"rendered":"La ansiedad por el cambio clim\u00e1tico en los j\u00f3venes: un problema creciente"},"content":{"rendered":"\n<h2 class=\"wp-block-heading\">Los &#8216;millennials&#8217; y la generaci\u00f3n Z han crecido en un planeta diferente con opciones m\u00e1s dif\u00edciles que las de sus padres. Aceptarlo es el primer paso para evitar la desesperaci\u00f3n.<\/h2>\n\n\n\n<p>Los Millennials y la Generaci\u00f3n Z han crecido en un planeta diferente con opciones m\u00e1s dif\u00edciles que las de sus padres. Aceptarlo es el primer paso para evitar la desesperaci\u00f3n.<\/p>\n\n\n\n<p>FOTOGRAF\u00cdA DE&nbsp;<strong>ILLUSTRATION BY SIMONE NORONHA<\/strong><\/p>\n\n\n\n<p>Katie Cielinski y Aaron Regunberg son&nbsp;<em>millennials<\/em>. Pero se consideran a s\u00ed mismos como beb\u00e9s del cambio clim\u00e1tico. Llegaron a la mayor\u00eda de edad cuando el mundo empezaba a despertar al impacto catastr\u00f3fico que las personas estaban teniendo en el medio ambiente.<\/p>\n\n\n\n<p>Antes de casarse en 2017, la pareja luch\u00f3 durante casi una d\u00e9cada con el dilema \u00e9tico de traer otro ser humano a un planeta ya saturado. Katie abogaba por criar a un aliado clim\u00e1tico, alguien que luchara por un planeta sano, pero Aaron tem\u00eda por el futuro al que se enfrentar\u00eda su hijo.<\/p>\n\n\n\n<p>\u00abEstamos saliendo de las condiciones clim\u00e1ticas estables que han sostenido todo el desarrollo de la civilizaci\u00f3n humana\u00bb, dice Aaron. \u00abSe trata de una cat\u00e1strofe completamente \u00fanica en la vida de nuestra especie, como ninguna otra a la que hayamos tenido que enfrentarnos en el pasado\u00bb.<\/p>\n\n\n\n<p>No est\u00e1n solos en esa lucha. Aproximadamente el 60% de los estadounidenses de entre 27 y 45 a\u00f1os se preocupan por la&nbsp;<a href=\"https:\/\/www.nationalgeographic.es\/tema\/contenido\/medio-ambiente\/sostenibilidad\/vida-sostenible\/huella-de-carbono\">huella de carbono<\/a>&nbsp;que supone traer un hijo al mundo, seg\u00fan una&nbsp;<a href=\"https:\/\/link.springer.com\/article\/10.1007\/s10584-020-02923-y\" target=\"_blank\" rel=\"noreferrer noopener\">encuesta&nbsp;<\/a>realizada en 2020 y publicada en la revista&nbsp;<em>Climatic Change<\/em>. La misma encuesta revel\u00f3 que m\u00e1s del 96% dijo estar preocupado por el bienestar de un ni\u00f1o en un mundo con cambios clim\u00e1ticos.<\/p>\n\n\n\n<p>(Relacionado:&nbsp;<em><a href=\"https:\/\/www.nationalgeographic.es\/medio-ambiente\/que-es-y-como-medir-tu-huella-de-carbono\">Qu\u00e9 es (y c\u00f3mo medir) tu huella de carbono<\/a><\/em>)<\/p>\n\n\n\n<h2 class=\"wp-block-heading\">La ansiedad por el clima es generalizada<\/h2>\n\n\n\n<p>Tener o no hijos es una de las muchas decisiones que definir\u00e1n&nbsp;<a href=\"https:\/\/www.nationalgeographic.es\/photography\/2021\/11\/los-influencers-del-cambio-climatico\">el futuro de los nacidos en las \u00faltimas d\u00e9cadas<\/a>&nbsp;de una forma que sus padres y abuelos nunca imaginaron.&nbsp;\u00bfDebe un veintea\u00f1ero hacerse cargo de la granja familiar en el oeste de Kansas, mientras la prolongada sequ\u00eda y la disminuci\u00f3n de las reservas de agua subterr\u00e1nea rehacen la agricultura en Estados Unidos? \u00bfDeber\u00eda un reci\u00e9n graduado en Phoenix, que sufri\u00f3 103 d\u00edas de temperatura altas extremas en 2019 y que, para 2050,&nbsp;<a href=\"https:\/\/journals.plos.org\/plosone\/article?id=10.1371\/journal.pone.0217592\" target=\"_blank\" rel=\"noreferrer noopener\">se parecer\u00e1 m\u00e1s a Bagdad (Irak)<\/a>, mudarse al norte a una regi\u00f3n m\u00e1s fresca? \u00bfDebe una pareja de Virginia Beach contratar una hipoteca a 30 a\u00f1os sobre una casa que se encuentra en una llanura de inundaci\u00f3n?<\/p>\n\n\n\n<p>Estas decisiones tan controvertidas, combinadas con la creciente ansiedad sobre&nbsp;<a href=\"https:\/\/www.nationalgeographic.es\/medio-ambiente\/que-es-el-calentamiento-global\">la evoluci\u00f3n de la Tierra a medida que se calienta<\/a>, han creado una brecha cada vez mayor entre los j\u00f3venes, que ven su futuro a trav\u00e9s de la lente de la enorme alteraci\u00f3n del clima que se avecina, y las generaciones mayores, que no vivir\u00e1n para ver lo peor.<\/p>\n\n\n\n<p>\u00abLa gente me dice que s\u00f3lo tengo 16 a\u00f1os y que esto es algo de lo que no tengo que preocuparme a los 16 a\u00f1os\u00bb, dice Seryn Kim, que vive en Brooklyn, Nueva York. \u00abPero he crecido con mis amigos bajo la sombra de un reloj que avanza\u00bb.<\/p>\n\n\n\n<p>Los beb\u00e9s del cambio clim\u00e1tico pronto superar\u00e1n en n\u00famero a los que crecieron antes de que la crisis despegara. Las&nbsp;<a href=\"https:\/\/news.gallup.com\/poll\/234314\/global-warming-age-gap-younger-americans-worried.aspx\" target=\"_blank\" rel=\"noreferrer noopener\">encuestas<\/a>&nbsp;muestran que&nbsp;<a href=\"https:\/\/www.nationalgeographic.com\/environment\/article\/for-young-climate-activists-pandemic-defining-moment-for-action\" target=\"_blank\" rel=\"noreferrer noopener\">los j\u00f3venes est\u00e1n mucho m\u00e1s preocupados que sus mayores<\/a>, pero es dif\u00edcil predecir si esta poblaci\u00f3n en r\u00e1pida expansi\u00f3n puede obligar al mundo a actuar con decisi\u00f3n a tiempo para frenar las emisiones.<\/p>\n\n\n\n<p>(Relacionado:&nbsp;<a href=\"https:\/\/www.nationalgeographic.es\/photography\/2021\/11\/los-influencers-del-cambio-climatico\"><em>Los &#8216;influencers&#8217; del cambio clim\u00e1tico<\/em><\/a>)<\/p>\n\n\n\n<p>El nivel de ansiedad puede ser aplastante. M\u00e1s de la mitad de los 10 000 j\u00f3venes encuestados en un estudio mundial publicado el pasado mes de diciembre en&nbsp;<em><a href=\"https:\/\/www.thelancet.com\/journals\/lanplh\/article\/PIIS2542-5196(21)00278-3\/fulltext\" target=\"_blank\" rel=\"noreferrer noopener\">The Lancet<\/a><\/em>&nbsp;estaban de acuerdo con la afirmaci\u00f3n \u00abla humanidad est\u00e1 condenada\u00bb. Casi la mitad de los encuestados dijo que la preocupaci\u00f3n por el estado del planeta interfer\u00eda en su sue\u00f1o, su capacidad de estudiar, de jugar y de divertirse.<\/p>\n\n\n\n<p>\u00abCreo que se trata de una respuesta tanto a presenciar cat\u00e1strofes medioambientales como a ver c\u00f3mo adultos enormemente poderosos anteponen una y otra vez el estrecho inter\u00e9s propio a la supervivencia colectiva\u00bb, afirma&nbsp;<a href=\"https:\/\/www.penguinrandomhouse.com\/books\/670357\/warmth-by-daniel-sherrell\/\" target=\"_blank\" rel=\"noreferrer noopener\">Daniel Sherrell<\/a>, de 31 a\u00f1os, activista clim\u00e1tico y escritor.<\/p>\n\n\n\n<p>\u00abLo que nos sorprendi\u00f3 fue lo asustados que estaban\u00bb, dice Caroline Hickman, psicoterapeuta brit\u00e1nica y autora principal del estudio de&nbsp;<em>The Lancet<\/em>. \u00abLos ni\u00f1os se lo toman como algo personal. Sienten que lo que le estamos haciendo a la naturaleza, se lo estamos haciendo a ellos\u00bb.<\/p>\n\n\n\n<h2 class=\"wp-block-heading\">No es el d\u00eda del juicio final de tu madre<\/h2>\n\n\n\n<p>Russell Behr, de 17 a\u00f1os, estudiante de la escuela Saint Ann de Brooklyn, refleja ese pensamiento. Ya no conf\u00eda en que los l\u00edderes mundiales respondan a tiempo.&nbsp;<\/p>\n\n\n\n<p>\u00abOigo decir a los profesores y a otras personas: &#8216;mi generaci\u00f3n lo estrope\u00f3 todo y ahora es tu generaci\u00f3n la que debe arreglarlo'\u00bb, dice. Eso le molesta, porque cree que los j\u00f3venes no estar\u00e1n en posiciones de poder para cambiar las cosas hasta que sea demasiado tarde.<\/p>\n\n\n\n<p>En un esfuerzo por consolarle, la madre de Behr, Danielle Ausrotas, le dijo que cada generaci\u00f3n se ha enfrentado a sus propios retos. Las guerras y los tiempos dif\u00edciles se han sucedido con regularidad a lo largo de la historia. De ni\u00f1a, ella experiment\u00f3 la amenaza de un posible ataque nuclear y particip\u00f3 en simulacros regulares de \u00abagacharse y cubrirse\u00bb que implicaban esconderse bajo los pupitres en la escuela.&nbsp;<\/p>\n\n\n\n<p>Pero Russell ve una diferencia fundamental entre entonces y ahora. \u00abDurante la&nbsp;<a href=\"https:\/\/www.nationalgeographic.es\/historia\/que-fue-la-guerra-fria\">Guerra Fr\u00eda<\/a>, la gente ten\u00eda que actuar para empeorar las cosas, alguien ten\u00eda que lanzar un ataque\u00bb, dice. \u00abPero hoy en d\u00eda, el problema es nuestra inacci\u00f3n\u00bb.<\/p>\n\n\n\n<p>Behr dej\u00f3 de comer carne porque el ganado produce el&nbsp;<a href=\"https:\/\/www.nationalgeographic.es\/medio-ambiente\/2019\/07\/eliminar-eructos-metano-vacas-cria-selectiva\">potente gas de efecto invernadero metano<\/a>. Cada vez utiliza m\u00e1s el transporte p\u00fablico. Tambi\u00e9n participa en alguna manifestaci\u00f3n por el clima o en alguna huelga escolar. Est\u00e1 pensando en adoptar un ni\u00f1o en lugar de tener uno propio si se casa. Pero dice que si piensa demasiado en lo que le espera, podr\u00eda quedarse sin ambici\u00f3n.&nbsp;<\/p>\n\n\n\n<p>(Relacionado:&nbsp;<a href=\"https:\/\/Ecoturismo: \u00bfCu\u00e1l es la huella de carbono de tus viajes?\" target=\"_blank\" rel=\"noreferrer noopener\"><em>Ecoturismo: \u00bfCu\u00e1l es la huella de carbono de tus viajes?<\/em><\/a>)<\/p>\n\n\n\n<p>\u00abSiempre he querido estudiar historia y ser profesor\u00bb, dice. \u00abPero pienso: \u00bfqu\u00e9 podr\u00e9 decirles a esos ni\u00f1os en el futuro sobre lo que est\u00e1 pasando ahora y por qu\u00e9 no hicimos nada?\u00bb.<\/p>\n\n\n\n<h2 class=\"wp-block-heading\">Convertir la \u00abeco-ansiedad\u00bb en acci\u00f3n&nbsp;<\/h2>\n\n\n\n<p><a href=\"https:\/\/as.nyu.edu\/faculty\/emily-balcetis.html\" target=\"_blank\" rel=\"noreferrer noopener\">Emily Balcetis<\/a>, profesora de psicolog\u00eda de la Universidad de Nueva York, ha observado c\u00f3mo se ampl\u00eda la brecha generacional en su propia casa de una forma que pone de manifiesto claramente la diferencia, y la ha sorprendido. A sus 42 a\u00f1os, es dos a\u00f1os mayor que el&nbsp;<em>millennial&nbsp;<\/em>de m\u00e1s edad, pero recuerda que cuando era una colegiala se enter\u00f3 por primera vez en la televisi\u00f3n de la existencia de osos polares hambrientos. No pudo soportar el programa y lo apag\u00f3, dice, y a\u00f1ade: \u00abSupongo que estaba en negaci\u00f3n\u00bb. Ahora su hijo, Matty, se ha enterado (en preescolar) de esas mismas amenazas para los osos polares.<\/p>\n\n\n\n<p>(V\u00eddeo:&nbsp;<em><a href=\"https:\/\/www.nationalgeographic.es\/video\/tv\/el-descorazonador-video-de-un-oso-polar-muriendo-de-hambre-la-imagen-del-cambio-climatico\">El descorazonador v\u00eddeo de un oso polar muriendo de hambre: \u00bfla imagen del cambio clim\u00e1tico?<\/a><\/em>)<\/p>\n\n\n\n<p>Si el tema del cambio clim\u00e1tico parec\u00eda demasiado abstracto para los ni\u00f1os en los a\u00f1os 90, los tiempos han cambiado, como le recordaron a Balcetis una noche cuando puso la cena en la mesa en un recipiente desechable. Matty rompi\u00f3 a llorar. \u00abMam\u00e1, no podemos reutilizar ni reciclar este plato\u00bb, grit\u00f3.<\/p>\n\n\n\n<p>\u00abEso me afect\u00f3 mucho\u00bb, dice ella. \u00abSoy de la generaci\u00f3n mayor que no siente esa angustia\u00bb. Matty tiene cuatro a\u00f1os.<\/p>\n\n\n\n<p>En respuesta a los j\u00f3venes que se sienten abrumados, la Universidad de Washington, en Bothell, ofrece un curso sobre el duelo ecol\u00f3gico,&nbsp;<a href=\"https:\/\/www.drjenniferatkinson.com\/\" target=\"_blank\" rel=\"noreferrer noopener\">impartido por Jennifer Atkinson<\/a>. Proporciona a sus alumnos herramientas como rituales de duelo y ejercicios de atenci\u00f3n plena para ayudarles a sobrellevar sus emociones. El primer paso, dice, es reconocer a fondo el propio dolor.<\/p>\n\n\n\n<p>(Relacionado:&nbsp;<em><a href=\"https:\/\/www.nationalgeographic.es\/medio-ambiente\/cuales-son-los-efectos-del-calentamiento-global\">\u00bfCu\u00e1les son los efectos del calentamiento global?<\/a><\/em>)<\/p>\n\n\n\n<p>\u00abEl verano sol\u00eda ser la gran recompensa despu\u00e9s del interminable y gris invierno aqu\u00ed\u00bb,&nbsp;<a href=\"https:\/\/www.washington.edu\/news\/people\/jennifer-atkinson\/\" target=\"_blank\" rel=\"noreferrer noopener\">recuerda<\/a>&nbsp;Atkinson. \u00abAhora esa expectativa ha sido secuestrada por la temporada de&nbsp;<a href=\"https:\/\/www.nationalgeographic.es\/medio-ambiente\/que-es-un-incendio-forestal\">incendios forestales<\/a>, en la que no se puede respirar al aire libre\u00bb. Para empeorar las cosas, el verano pasado una enorme c\u00fapula de calor se cerni\u00f3 sobre la regi\u00f3n, dando lugar a semanas con las temperaturas m\u00e1s altas jam\u00e1s registradas en el noroeste del Pac\u00edfico.<\/p>\n\n\n\n<p>Sus alumnos sienten una mezcla de \u00abtristeza, miedo e indignaci\u00f3n\u00bb ante los cambios que han visto en sus m\u00e1s de 20 a\u00f1os de vida, dice Atkinson. No les dice que eviten estas \u00abemociones negativas\u00bb, que en realidad no son negativas en absoluto, dice, sino una respuesta saludable a la p\u00e9rdida.<\/p>\n\n\n\n<p>\u00abEl dolor nos da claridad sobre lo que amamos y no queremos perder, y la ira nos motiva a luchar contra la injusticia\u00bb, dice. \u00abInsto a mis alumnos a ver estos sentimientos intensos como una especie de superpoder que pueden canalizar para ayudar a crear un mundo mejor\u00bb.<\/p>\n\n\n\n<p>Una de las alumnas de Atkinson que se ha tomado a pecho este mensaje es Tara Fisher, que decidi\u00f3 dedicar su vida laboral a ayudar a las personas traumatizadas por los desastres clim\u00e1ticos. Fisher se ofreci\u00f3 como voluntaria el verano pasado para ayudar a las personas sin hogar de Seattle a salir del humo y el calor. Si hay un resquicio de esperanza en estos sucesos, dice, es que la gente del mundo acomodado entiende ahora que todos estamos en el mismo barco en lo que respecta al clima.<\/p>\n\n\n\n<p>\u00abNos ense\u00f1a a empatizar con otros en los pa\u00edses en desarrollo cuyas vidas ya est\u00e1n siendo devastadas por el cambio clim\u00e1tico\u00bb, dice.<\/p>\n\n\n\n<h2 class=\"wp-block-heading\">J\u00f3venes y comprometidos<\/h2>\n\n\n\n<p>Hay una pizca de buenas noticias en toda la ansiedad. En Estados Unidos, los j\u00f3venes m\u00e1s preocupados&nbsp;<a href=\"https:\/\/www.pewresearch.org\/science\/2021\/05\/26\/gen-z-millennials-stand-out-for-climate-change-activism-social-media-engagement-with-issue\/1\" target=\"_blank\" rel=\"noreferrer noopener\">son tambi\u00e9n los que m\u00e1s conf\u00edan<\/a>&nbsp;en que pueden hacer algo al respecto, afirma&nbsp;<a href=\"https:\/\/www.pewresearch.org\/staff\/alec-tyson\/\" target=\"_blank\" rel=\"noreferrer noopener\">Alec Tyson<\/a>, director asociado del PEW Research Center, un centro de estudios de Washington D.C. Los&nbsp;<em>millennials&nbsp;<\/em>y los adultos de la generaci\u00f3n Z (los nacidos despu\u00e9s de 1996) han mostrado un alto nivel de compromiso con el tema en Internet y est\u00e1n haciendo m\u00e1s por vivir de forma m\u00e1s ecol\u00f3gica.&nbsp;<\/p>\n\n\n\n<p>Tambi\u00e9n han construido un formidable movimiento de protesta en un esfuerzo por impulsar a los gobiernos a actuar. En 2019, millones de j\u00f3venes acudieron a las protestas del mismo d\u00eda que se extendieron por todo el mundo, desde S\u00eddney hasta Nueva York y Bombay, la ciudad m\u00e1s grande de la India.<\/p>\n\n\n\n<p>(Relacionado:&nbsp;<em><a href=\"https:\/\/26 caras del frente de la lucha contra el cambio clim\u00e1tico\" target=\"_blank\" rel=\"noreferrer noopener\">26 caras del frente de la lucha contra el cambio clim\u00e1tico<\/a><\/em>)<\/p>\n\n\n\n<p>\u00abLa huelga es m\u00e1s importante que la educaci\u00f3n si cabe la posibilidad de que no tengas una raz\u00f3n para recibir esa educaci\u00f3n en el futuro\u00bb, dice Anna Grace Hottinger, de 19 a\u00f1os, que ha estado formando a sus compa\u00f1eros de estudios sobre c\u00f3mo participar en trabajos de justicia clim\u00e1tica. Hizo campa\u00f1a para que se aprobara en su estado natal, Minnesota, la primera legislaci\u00f3n estatal sobre el Nuevo Pacto Verde, y tambi\u00e9n est\u00e1 realizando una encuesta entre sus compa\u00f1eros para saber c\u00f3mo les afecta emocionalmente. Hottinger afirma que conseguir que hablen de sus sentimientos y no los repriman hace que los j\u00f3venes se sientan m\u00e1s capacitados y menos solos.<\/p>\n\n\n\n<h2 class=\"wp-block-heading\">Esperanza en pa\u00f1ales<\/h2>\n\n\n\n<p>Mientras tanto, Katie Cielinski y Aaron Regunberg siguen adelante con sus vidas. Resolvieron su incertidumbre y su hijo, Asa, naci\u00f3 en marzo de 2021. Viven en Providence, Rhode Island. Katie, abogada, trabaja como defensora p\u00fablica. Aaron, que estuvo cuatro a\u00f1os en la legislatura estatal, se gradu\u00f3 el mes pasado en la Facultad de Derecho de Harvard. Despu\u00e9s de una pasant\u00eda con un juez federal, planea ejercer el derecho ambiental.<\/p>\n\n\n\n<p>\u00abQuiero que haya gente buena en esta generaci\u00f3n que luche por lo que es correcto\u00bb, dice Katie, explicando por qu\u00e9 se convirtieron en padres.<\/p>\n\n\n\n<p>\u00abLo que finalmente me convenci\u00f3 fue llegar a comprender que la lucha por un futuro habitable no puede ser s\u00f3lo por la supervivencia y la estabilidad\u00bb, dice Aaron. \u00abTambi\u00e9n tiene que ser una lucha para evitar que nuestro mundo se convierta en un lugar m\u00e1s pobre, m\u00e1s oscuro y m\u00e1s solitario. Para Katie y para m\u00ed, abrazar eso signific\u00f3 tener este beb\u00e9 y ense\u00f1arle todo lo que hay que amar en este mundo y comprometer nuestras vidas a luchar por \u00e9l y, en alg\u00fan momento, junto a \u00e9l y junto a todos los dem\u00e1s ni\u00f1os que se enfrentan a este futuro incierto.\u00bb<\/p>\n\n\n\n<p>Asa, dicen, les ha dado una nueva perspectiva sobre el futuro.<\/p>\n\n\n\n<p>\u00abSol\u00eda luchar regularmente contra la desesperaci\u00f3n clim\u00e1tica del activismo\u00bb, dice Aaron. \u00abPero no he ca\u00eddo en un solo ataque de ese tipo desde que naci\u00f3 Asa. Una vez que apuestas por que tenemos un futuro que vale la pena vivir, el nihilismo simplemente no es una opci\u00f3n\u00bb.<\/p>\n\n\n\n<p><\/p>\n\n\n\n<p>nationalgeographic.com<\/p>\n","protected":false},"excerpt":{"rendered":"<p>Los &#8216;millennials&#8217; y la generaci\u00f3n Z han crecido en un planeta diferente con opciones m\u00e1s dif\u00edciles que las de sus padres. Aceptarlo es el primer paso para evitar la desesperaci\u00f3n. Los Millennials y la Generaci\u00f3n Z han crecido en un planeta diferente con opciones m\u00e1s dif\u00edciles que las de sus padres. Aceptarlo es el primer [&hellip;]<\/p>\n","protected":false},"author":1,"featured_media":128723,"comment_status":"closed","ping_status":"closed","sticky":false,"template":"","format":"standard","meta":{"_acf_changed":false,"_jetpack_memberships_contains_paid_content":false,"footnotes":"","jetpack_publicize_message":"","jetpack_publicize_feature_enabled":true,"jetpack_social_post_already_shared":true,"jetpack_social_options":{"image_generator_settings":{"template":"highway","default_image_id":0,"font":"","enabled":false},"version":2}},"categories":[6],"tags":[],"class_list":["post-128722","post","type-post","status-publish","format-standard","has-post-thumbnail","hentry","category-ecologia"],"acf":[],"jetpack_publicize_connections":[],"jetpack_featured_media_url":"https:\/\/i0.wp.com\/sportseco.com\/wp-content\/uploads\/2022\/07\/climate-anxiety-simone-noronha.jpeg?fit=1600%2C900&ssl=1","jetpack_sharing_enabled":true,"_links":{"self":[{"href":"https:\/\/sportseco.com\/index.php?rest_route=\/wp\/v2\/posts\/128722","targetHints":{"allow":["GET"]}}],"collection":[{"href":"https:\/\/sportseco.com\/index.php?rest_route=\/wp\/v2\/posts"}],"about":[{"href":"https:\/\/sportseco.com\/index.php?rest_route=\/wp\/v2\/types\/post"}],"author":[{"embeddable":true,"href":"https:\/\/sportseco.com\/index.php?rest_route=\/wp\/v2\/users\/1"}],"replies":[{"embeddable":true,"href":"https:\/\/sportseco.com\/index.php?rest_route=%2Fwp%2Fv2%2Fcomments&post=128722"}],"version-history":[{"count":1,"href":"https:\/\/sportseco.com\/index.php?rest_route=\/wp\/v2\/posts\/128722\/revisions"}],"predecessor-version":[{"id":128724,"href":"https:\/\/sportseco.com\/index.php?rest_route=\/wp\/v2\/posts\/128722\/revisions\/128724"}],"wp:featuredmedia":[{"embeddable":true,"href":"https:\/\/sportseco.com\/index.php?rest_route=\/wp\/v2\/media\/128723"}],"wp:attachment":[{"href":"https:\/\/sportseco.com\/index.php?rest_route=%2Fwp%2Fv2%2Fmedia&parent=128722"}],"wp:term":[{"taxonomy":"category","embeddable":true,"href":"https:\/\/sportseco.com\/index.php?rest_route=%2Fwp%2Fv2%2Fcategories&post=128722"},{"taxonomy":"post_tag","embeddable":true,"href":"https:\/\/sportseco.com\/index.php?rest_route=%2Fwp%2Fv2%2Ftags&post=128722"}],"curies":[{"name":"wp","href":"https:\/\/api.w.org\/{rel}","templated":true}]}}