{"id":128731,"date":"2022-07-03T20:25:37","date_gmt":"2022-07-04T00:25:37","guid":{"rendered":"https:\/\/sportseco.com\/?p=128731"},"modified":"2022-07-03T20:25:49","modified_gmt":"2022-07-04T00:25:49","slug":"dos-formas-sencillas-de-reducir-el-dano-de-las-bolsas-de-plastico","status":"publish","type":"post","link":"https:\/\/sportseco.com\/?p=128731","title":{"rendered":"Dos formas sencillas de reducir el da\u00f1o de las bolsas de pl\u00e1stico"},"content":{"rendered":"\n<p><strong>&nbsp;\u00abUsar bolsas de rafia o poli\u00e9ster y aumentar las veces que utilizamos las bolsas de pl\u00e1stico\u00bb son dos formas sencillas de atenuar el da\u00f1o que genera este residuo, ha explicado a Efe&nbsp;Txema L\u00f3pez, vocal&nbsp;de la Federaci\u00f3n de Asociaciones Unidas por la Naturaleza y los Animales (FAUNA).<\/strong><\/p>\n\n\n\n<p>Cada 3 de julio se conmemora el D\u00eda Internacional Libre de Bolsas de Pl\u00e1stico, aunque se trata de un anhelo m\u00e1s que una realidad debido a su presencia masiva en el planeta y especialmente en los mares y oc\u00e9anos, por lo que se convierte en una fecha de concienciaci\u00f3n&nbsp;sobre la importancia de reducir las bolsas de pl\u00e1stico de un solo uso.<\/p>\n\n\n\n<p>De hecho,&nbsp;el estudio&nbsp;&#8216;La nueva econom\u00eda de los pl\u00e1sticos&#8217;, presentado en el Foro Econ\u00f3mico de Davos (Suiza)&nbsp;ya&nbsp;en 2019,&nbsp;auguraba que a mediados del siglo XXI habr\u00e1 un peso mayor de pl\u00e1sticos que de peces en los&nbsp;oc\u00e9anos, una raz\u00f3n de peso por s\u00ed sola por la que&nbsp;L\u00f3pez se\u00f1ala que \u201curge reducir el n\u00famero de pl\u00e1sticos que utilizamos\u201d.<\/p>\n\n\n\n<p>En el \u00faltimo bar\u00f3metro de la&nbsp;<strong>Oficina Europea de Estad\u00edstica<\/strong>, Espa\u00f1a figuraba&nbsp;-con un 36 %-&nbsp;&nbsp;por debajo de la media del 50 % recomendada por la UE&nbsp;en relaci\u00f3n al porcentaje de residuos reciclados, una cifra \u00abbastante buena si tenemos en cuenta el panorama internacional\u00bb, apunta el vocal de FAUNA, ya que la cuota de residuos pl\u00e1sticos procedentes de Europa es \u00abm\u00ednima si se compara con la que generan los de Asia\u00bb.<\/p>\n\n\n\n<p>No obstante, este dato \u00abno debe ser motivo para relajarnos&nbsp;sino para continuar por esta senda y mejorar lo que pueda mejorarse\u201d.<\/p>\n\n\n\n<p>Las estimaciones de&nbsp;<strong>Greenpeace<\/strong>&nbsp;apuntan a que cada persona gasta una media de 230 bolsas de pl\u00e1stico al a\u00f1o y el uso medio de cada una de ellas es de unos 12 minutos.<\/p>\n\n\n\n<p>Teniendo en cuenta que, en el mejor de los casos, cada una tarda varios decenios en descomponerse es f\u00e1cil comprender la amenaza que supone no s\u00f3lo para las especies marinas sino tambi\u00e9n para los propios seres humanos, ya que se calcula que al menos 1 de cada 6 peces que se venden en pescader\u00edas contienen micropl\u00e1sticos en sus est\u00f3magos.<\/p>\n\n\n\n<p>De todas formas, L\u00f3pez precisa que si bien las bolsas constituyen \u00abun serio problema\u00bb, hay otros residuos de este material que son tambi\u00e9n peligrosos y \u00aba los que no prestamos tanta atenci\u00f3n\u00bb como por ejemplo las anillas que agrupan varias latas en su empaquetado.<\/p>\n\n\n\n<p>En el caso de las tortugas marinas, estas anillas, cuando llegan a la costa se enredan en sus caparazones cuando acaban de eclosionar, lo que hace que \u00abalgunas tortugas adultas crezcan deformadas por su presencia, hasta el punto de que su cuerpo adquiere forma de viol\u00edn\u00bb y, adem\u00e1s, tambi\u00e9n ingieren trozos de las mismas hasta el punto de que \u00abpr\u00e1cticamente todos los ejemplares&nbsp;analizados tienen pl\u00e1stico en su interior\u201d,<\/p>\n\n\n\n<blockquote class=\"wp-block-quote is-layout-flow wp-block-quote-is-layout-flow\"><p>L\u00f3pez tambi\u00e9n indica que&nbsp;tambi\u00e9n&nbsp;\u201clos aros que quedan por debajo de los tapones de rosca pueden hacer mucho da\u00f1o\u201d, ya que \u201cest\u00e1 demostrado que muchas aves intentan atraparlos y, al hacerlo,&nbsp;\u00e9stos se cierran alrededor de su pico\u00bb&nbsp;y, al no poder abrirlo,&nbsp;pueden&nbsp;llegar a&nbsp;morir&nbsp;por&nbsp;inanici\u00f3n.<\/p><\/blockquote>\n\n\n\n<p>Como consecuencia, el vocal de FAUNA&nbsp;solicita que \u201cantes de tirarlos a la basura, los cortemos con una tijera\u201d,&nbsp;igual que con las anillas de las latas,&nbsp;un acto que \u201csi bien no contribuye a eliminar el residuo, s\u00ed aten\u00faa su impacto\u201d.&nbsp;EFEverde<\/p>\n","protected":false},"excerpt":{"rendered":"<p>&nbsp;\u00abUsar bolsas de rafia o poli\u00e9ster y aumentar las veces que utilizamos las bolsas de pl\u00e1stico\u00bb son dos formas sencillas de atenuar el da\u00f1o que genera este residuo, ha explicado a Efe&nbsp;Txema L\u00f3pez, vocal&nbsp;de la Federaci\u00f3n de Asociaciones Unidas por la Naturaleza y los Animales (FAUNA). Cada 3 de julio se conmemora el D\u00eda Internacional [&hellip;]<\/p>\n","protected":false},"author":1,"featured_media":128732,"comment_status":"closed","ping_status":"closed","sticky":false,"template":"","format":"standard","meta":{"_acf_changed":false,"_jetpack_memberships_contains_paid_content":false,"footnotes":"","jetpack_publicize_message":"","jetpack_publicize_feature_enabled":true,"jetpack_social_post_already_shared":true,"jetpack_social_options":{"image_generator_settings":{"template":"highway","default_image_id":0,"font":"","enabled":false},"version":2}},"categories":[6],"tags":[],"class_list":["post-128731","post","type-post","status-publish","format-standard","has-post-thumbnail","hentry","category-ecologia"],"acf":[],"jetpack_publicize_connections":[],"jetpack_featured_media_url":"https:\/\/i0.wp.com\/sportseco.com\/wp-content\/uploads\/2022\/07\/fondo-limpieza-mar-Efeverde-1536x1035-1.jpg?fit=1536%2C1035&ssl=1","jetpack_sharing_enabled":true,"_links":{"self":[{"href":"https:\/\/sportseco.com\/index.php?rest_route=\/wp\/v2\/posts\/128731","targetHints":{"allow":["GET"]}}],"collection":[{"href":"https:\/\/sportseco.com\/index.php?rest_route=\/wp\/v2\/posts"}],"about":[{"href":"https:\/\/sportseco.com\/index.php?rest_route=\/wp\/v2\/types\/post"}],"author":[{"embeddable":true,"href":"https:\/\/sportseco.com\/index.php?rest_route=\/wp\/v2\/users\/1"}],"replies":[{"embeddable":true,"href":"https:\/\/sportseco.com\/index.php?rest_route=%2Fwp%2Fv2%2Fcomments&post=128731"}],"version-history":[{"count":1,"href":"https:\/\/sportseco.com\/index.php?rest_route=\/wp\/v2\/posts\/128731\/revisions"}],"predecessor-version":[{"id":128733,"href":"https:\/\/sportseco.com\/index.php?rest_route=\/wp\/v2\/posts\/128731\/revisions\/128733"}],"wp:featuredmedia":[{"embeddable":true,"href":"https:\/\/sportseco.com\/index.php?rest_route=\/wp\/v2\/media\/128732"}],"wp:attachment":[{"href":"https:\/\/sportseco.com\/index.php?rest_route=%2Fwp%2Fv2%2Fmedia&parent=128731"}],"wp:term":[{"taxonomy":"category","embeddable":true,"href":"https:\/\/sportseco.com\/index.php?rest_route=%2Fwp%2Fv2%2Fcategories&post=128731"},{"taxonomy":"post_tag","embeddable":true,"href":"https:\/\/sportseco.com\/index.php?rest_route=%2Fwp%2Fv2%2Ftags&post=128731"}],"curies":[{"name":"wp","href":"https:\/\/api.w.org\/{rel}","templated":true}]}}